{"id":17424,"date":"2024-06-30T21:13:34","date_gmt":"2024-06-30T19:13:34","guid":{"rendered":"https:\/\/clubourenseatletismo.es\/blog\/?p=17424"},"modified":"2024-06-30T21:13:34","modified_gmt":"2024-06-30T19:13:34","slug":"dous-bronces-no-sub14-de-clubs","status":"publish","type":"post","link":"https:\/\/clubourenseatletismo.es\/blog\/2024\/06\/30\/dous-bronces-no-sub14-de-clubs\/","title":{"rendered":"DOUS BRONCES NO SUB14 DE CLUBS"},"content":{"rendered":"<p>O\u00a0<strong>Ourense Atletismo<\/strong> <strong>conseguiu<\/strong> dous bronces no\u00a0<strong>Campionato Galego de Clubs sub14<\/strong>. Espectacular a tempada que est\u00e1n a facer na Escola de atletismo do noso club, que se ve especialmente recompensada na categor\u00eda dos m\u00e1is maiores, con alg\u00fans dos atletas adestrando xa nos grupos avanzados.<\/p>\n<p>Ambos os dous equipos remataron con folgura na terceira posici\u00f3n. Os rapaces conseguindo 103 puntos, entre os 124 da S.G. Pontevedra e os 82 do R.C. Celta. No caso das mulleres, colleitaron 172.5 puntos, estando entre os 179 no Nar\u00f3n e os 158 do Atletismo Feminino Celta. Na clasificaci\u00f3n conxunta tam\u00e9n obtivemos a terceira praza con 275.5 puntos, por detr\u00e1s da S.G. Pontevedra (327 p.) e Nar\u00f3n (304 p.) e tendo de inmediato perseguidor \u00e1 Pur\u00edsima (199 p.).<\/p>\n<p>A nivel individual quedaron entre os tres primeiros en homes:<\/p>\n<p>\u2022\u00a0<strong>Marcos Abeso<\/strong>, 2\u00ba 150 (20.16)<br \/>\n<strong>\u2022<\/strong> <strong>Marcos Abeso<\/strong>, 2\u00ba 80 valos (15.48)<br \/>\n\u2022\u00a0<strong>Nicol\u00e1s Gonz\u00e1lez<\/strong>, 2\u00ba 500 (1:18.81)<br \/>\n\u2022\u00a0<strong>Marco Pereira<\/strong>, 1\u00ba p\u00e9rtega (1.80)<br \/>\n\u2022\u00a0<strong>Alejandro Blanco<\/strong>, 3\u00ba lonxitude (4.72)<br \/>\n\u2022\u00a0<strong>\u00c1ngel Ara\u00fajo<\/strong>, 3\u00ba triplo (8.65)<br \/>\n\u2022\u00a0<strong>Alan Cadavid<\/strong>, 2\u00ba martelo (45.53) (pertencente ao noso filial Ames)<br \/>\n\u2022\u00a0<strong>4&#215;80<\/strong>, 1\u00ba (43.21) con\u00a0<strong>David Garc\u00eda<\/strong>,\u00a0<strong>Alejandro Blanco<\/strong>,\u00a0<strong>Nicol\u00e1s Gonz\u00e1lez<\/strong> e\u00a0<strong>Ant\u00f3n Rodr\u00edguez<\/strong><\/p>\n<p>En mulleres:<\/p>\n<p>\u2022\u00a0<strong>Ana Sierra<\/strong>, 1\u00aa 80 (10.66)<br \/>\n\u2022\u00a0<strong>Leire D\u00edaz<\/strong>, 3\u00aa 500 (21.94)<br \/>\n\u2022\u00a0<strong>Luc\u00eda Quintas<\/strong>, 2\u00aa altura (1.41)<br \/>\n\u2022\u00a0<strong>Daniela Peliqu\u00edn<\/strong>, 3\u00aa p\u00e9rtega (1.60) (pertencente ao filial Xuncas Diversia)<br \/>\n\u2022\u00a0<strong>Xiana Ortega<\/strong>, 3\u00aa lonxitude (4.53)<br \/>\n\u2022\u00a0<strong>Naia Bermejo<\/strong>, 2\u00aa triplo (9.49)<br \/>\n\u2022\u00a0<strong>Aroa S\u00e1nchez<\/strong>, 3\u00aa disco (19.02)<br \/>\n\u2022\u00a0<strong>Sara V\u00e1zquez<\/strong>, 2\u00aa xabelina (26.28) (do noso filial A Silva)<br \/>\n\u2022\u00a0<strong>4&#215;80<\/strong>, 1\u00aa (43.29) con\u00a0<strong>Ana Sierra<\/strong>,\u00a0<strong>Xiana Ortega<\/strong>,\u00a0<strong>Carla Nieto<\/strong> e\u00a0<strong>Naia Bermejo<\/strong><\/p>\n<p>Fant\u00e1sticos resultados que nos seguen colocando entre os mellores clubs de Galicia.<\/p>\n<p>Podes consultar os resultados ao completo na seguinte ligaz\u00f3n:<\/p>\n<p><a href=\"https:\/\/atletismo.gal\/wp-content\/uploads\/2023\/10\/rf290624sub14e.pdf\" target=\"_blank\" rel=\"noopener\">CAMPIONATO XUNTA DE GALICIA CLUBS SUB 14<\/a><\/p>\n<p><a href=\"http:\/\/clubourenseatletismo.es\/blog\/wp-content\/uploads\/2024\/06\/Atletas-sub14.jpg\"><img loading=\"lazy\" decoding=\"async\" class=\"size-large wp-image-17425 aligncenter\" src=\"http:\/\/clubourenseatletismo.es\/blog\/wp-content\/uploads\/2024\/06\/Atletas-sub14-1024x576.jpg\" alt=\"\" width=\"1024\" height=\"576\" srcset=\"https:\/\/clubourenseatletismo.es\/blog\/wp-content\/uploads\/2024\/06\/Atletas-sub14-1024x576.jpg 1024w, https:\/\/clubourenseatletismo.es\/blog\/wp-content\/uploads\/2024\/06\/Atletas-sub14-300x169.jpg 300w, https:\/\/clubourenseatletismo.es\/blog\/wp-content\/uploads\/2024\/06\/Atletas-sub14-768x432.jpg 768w, https:\/\/clubourenseatletismo.es\/blog\/wp-content\/uploads\/2024\/06\/Atletas-sub14-1536x864.jpg 1536w, https:\/\/clubourenseatletismo.es\/blog\/wp-content\/uploads\/2024\/06\/Atletas-sub14-700x394.jpg 700w, https:\/\/clubourenseatletismo.es\/blog\/wp-content\/uploads\/2024\/06\/Atletas-sub14-539x303.jpg 539w, https:\/\/clubourenseatletismo.es\/blog\/wp-content\/uploads\/2024\/06\/Atletas-sub14.jpg 2048w\" sizes=\"auto, (max-width: 1024px) 100vw, 1024px\" \/><\/a><\/p>\n","protected":false},"excerpt":{"rendered":"<p>O\u00a0Ourense Atletismo conseguiu dous bronces no\u00a0Campionato Galego de Clubs sub14. Espectacular a tempada que est\u00e1n a facer na Escola de atletismo do noso club, que se ve especialmente recompensada na categor\u00eda dos m\u00e1is maiores, con alg\u00fans dos atletas adestrando xa nos grupos avanzados. Ambos os&#8230;<\/p>\n","protected":false},"author":1,"featured_media":17426,"comment_status":"closed","ping_status":"closed","sticky":false,"template":"","format":"standard","meta":{"footnotes":""},"categories":[5,32],"tags":[],"class_list":["post-17424","post","type-post","status-publish","format-standard","has-post-thumbnail","hentry","category-club","category-competiciones"],"aioseo_notices":[],"aioseo_head":"\n\t\t<!-- All in One SEO 5.0.1.1 - aioseo.com -->\n\t<meta name=\"description\" content=\"O Ourense Atletismo conseguiu dous bronces no Campionato Galego de Clubs sub14. Espectacular a tempada que est\u00e1n a facer na Escola de atletismo do noso club, que se ve especialmente recompensada na categor\u00eda dos m\u00e1is maiores, con alg\u00fans dos atletas adestrando xa nos grupos avanzados. Ambos os dous equipos remataron con folgura na terceira posici\u00f3n. Os rapaces\" \/>\n\t<meta name=\"robots\" content=\"max-image-preview:large\" \/>\n\t<meta name=\"author\" content=\"clubourense\"\/>\n\t<link rel=\"canonical\" href=\"https:\/\/clubourenseatletismo.es\/blog\/2024\/06\/30\/dous-bronces-no-sub14-de-clubs\/\" \/>\n\t<meta name=\"generator\" content=\"All in One SEO (AIOSEO) 5.0.1.1\" \/>\n\t\t<meta property=\"og:locale\" content=\"es_ES\" \/>\n\t\t<meta property=\"og:site_name\" content=\"Club Ourense Atletismo | Escuela Ourense Atletismo\" \/>\n\t\t<meta property=\"og:type\" content=\"article\" \/>\n\t\t<meta property=\"og:title\" content=\"DOUS BRONCES NO SUB14 DE CLUBS | Club Ourense Atletismo\" \/>\n\t\t<meta property=\"og:description\" content=\"O Ourense Atletismo conseguiu dous bronces no Campionato Galego de Clubs sub14. Espectacular a tempada que est\u00e1n a facer na Escola de atletismo do noso club, que se ve especialmente recompensada na categor\u00eda dos m\u00e1is maiores, con alg\u00fans dos atletas adestrando xa nos grupos avanzados. Ambos os dous equipos remataron con folgura na terceira posici\u00f3n. Os rapaces\" \/>\n\t\t<meta property=\"og:url\" content=\"https:\/\/clubourenseatletismo.es\/blog\/2024\/06\/30\/dous-bronces-no-sub14-de-clubs\/\" \/>\n\t\t<meta property=\"article:published_time\" content=\"2024-06-30T19:13:34+00:00\" \/>\n\t\t<meta property=\"article:modified_time\" content=\"2024-06-30T19:13:34+00:00\" \/>\n\t\t<meta property=\"article:publisher\" content=\"https:\/\/www.facebook.com\/profile.php?id=100063516489280\" \/>\n\t\t<meta name=\"twitter:card\" content=\"summary\" \/>\n\t\t<meta name=\"twitter:title\" content=\"DOUS BRONCES NO SUB14 DE CLUBS | Club Ourense Atletismo\" \/>\n\t\t<meta name=\"twitter:description\" content=\"O Ourense Atletismo conseguiu dous bronces no Campionato Galego de Clubs sub14. Espectacular a tempada que est\u00e1n a facer na Escola de atletismo do noso club, que se ve especialmente recompensada na categor\u00eda dos m\u00e1is maiores, con alg\u00fans dos atletas adestrando xa nos grupos avanzados. Ambos os dous equipos remataron con folgura na terceira posici\u00f3n. Os rapaces\" \/>\n\t\t<script type=\"application\/ld+json\" class=\"aioseo-schema\">\n\t\t\t{\"@context\":\"https:\\\/\\\/schema.org\",\"@graph\":[{\"@type\":\"Article\",\"@id\":\"https:\\\/\\\/clubourenseatletismo.es\\\/blog\\\/2024\\\/06\\\/30\\\/dous-bronces-no-sub14-de-clubs\\\/#article\",\"name\":\"DOUS BRONCES NO SUB14 DE CLUBS | Club Ourense Atletismo\",\"headline\":\"DOUS BRONCES NO SUB14 DE CLUBS\",\"author\":{\"@id\":\"https:\\\/\\\/clubourenseatletismo.es\\\/blog\\\/author\\\/clubourense\\\/#author\"},\"publisher\":{\"@id\":\"https:\\\/\\\/clubourenseatletismo.es\\\/blog\\\/#organization\"},\"image\":{\"@type\":\"ImageObject\",\"url\":\"https:\\\/\\\/clubourenseatletismo.es\\\/blog\\\/wp-content\\\/uploads\\\/2024\\\/06\\\/Equipo-sub14-masculino-podio.jpg\",\"width\":1600,\"height\":1200},\"datePublished\":\"2024-06-30T21:13:34+02:00\",\"dateModified\":\"2024-06-30T21:13:34+02:00\",\"inLanguage\":\"es-ES\",\"mainEntityOfPage\":{\"@id\":\"https:\\\/\\\/clubourenseatletismo.es\\\/blog\\\/2024\\\/06\\\/30\\\/dous-bronces-no-sub14-de-clubs\\\/#webpage\"},\"isPartOf\":{\"@id\":\"https:\\\/\\\/clubourenseatletismo.es\\\/blog\\\/2024\\\/06\\\/30\\\/dous-bronces-no-sub14-de-clubs\\\/#webpage\"},\"articleSection\":\"Club, Competiciones\"},{\"@type\":\"BreadcrumbList\",\"@id\":\"https:\\\/\\\/clubourenseatletismo.es\\\/blog\\\/2024\\\/06\\\/30\\\/dous-bronces-no-sub14-de-clubs\\\/#breadcrumblist\",\"itemListElement\":[{\"@type\":\"ListItem\",\"@id\":\"https:\\\/\\\/clubourenseatletismo.es\\\/blog#listItem\",\"position\":1,\"name\":\"Inicio\",\"item\":\"https:\\\/\\\/clubourenseatletismo.es\\\/blog\",\"nextItem\":{\"@type\":\"ListItem\",\"@id\":\"https:\\\/\\\/clubourenseatletismo.es\\\/blog\\\/category\\\/cpto-gallego\\\/#listItem\",\"name\":\"Cpto. Gallego\"}},{\"@type\":\"ListItem\",\"@id\":\"https:\\\/\\\/clubourenseatletismo.es\\\/blog\\\/category\\\/cpto-gallego\\\/#listItem\",\"position\":2,\"name\":\"Cpto. Gallego\",\"item\":\"https:\\\/\\\/clubourenseatletismo.es\\\/blog\\\/category\\\/cpto-gallego\\\/\",\"nextItem\":{\"@type\":\"ListItem\",\"@id\":\"https:\\\/\\\/clubourenseatletismo.es\\\/blog\\\/category\\\/cpto-gallego\\\/competiciones\\\/#listItem\",\"name\":\"Competiciones\"},\"previousItem\":{\"@type\":\"ListItem\",\"@id\":\"https:\\\/\\\/clubourenseatletismo.es\\\/blog#listItem\",\"name\":\"Inicio\"}},{\"@type\":\"ListItem\",\"@id\":\"https:\\\/\\\/clubourenseatletismo.es\\\/blog\\\/category\\\/cpto-gallego\\\/competiciones\\\/#listItem\",\"position\":3,\"name\":\"Competiciones\",\"item\":\"https:\\\/\\\/clubourenseatletismo.es\\\/blog\\\/category\\\/cpto-gallego\\\/competiciones\\\/\",\"nextItem\":{\"@type\":\"ListItem\",\"@id\":\"https:\\\/\\\/clubourenseatletismo.es\\\/blog\\\/2024\\\/06\\\/30\\\/dous-bronces-no-sub14-de-clubs\\\/#listItem\",\"name\":\"DOUS BRONCES NO SUB14 DE CLUBS\"},\"previousItem\":{\"@type\":\"ListItem\",\"@id\":\"https:\\\/\\\/clubourenseatletismo.es\\\/blog\\\/category\\\/cpto-gallego\\\/#listItem\",\"name\":\"Cpto. Gallego\"}},{\"@type\":\"ListItem\",\"@id\":\"https:\\\/\\\/clubourenseatletismo.es\\\/blog\\\/2024\\\/06\\\/30\\\/dous-bronces-no-sub14-de-clubs\\\/#listItem\",\"position\":4,\"name\":\"DOUS BRONCES NO SUB14 DE CLUBS\",\"previousItem\":{\"@type\":\"ListItem\",\"@id\":\"https:\\\/\\\/clubourenseatletismo.es\\\/blog\\\/category\\\/cpto-gallego\\\/competiciones\\\/#listItem\",\"name\":\"Competiciones\"}}]},{\"@type\":\"Organization\",\"@id\":\"https:\\\/\\\/clubourenseatletismo.es\\\/blog\\\/#organization\",\"name\":\"Club Ourense Atletismo\",\"description\":\"Escuela Ourense Atletismo\",\"url\":\"https:\\\/\\\/clubourenseatletismo.es\\\/blog\\\/\",\"telephone\":\"+34637157458\",\"logo\":{\"@type\":\"ImageObject\",\"url\":\"https:\\\/\\\/clubourenseatletismo.es\\\/blog\\\/wp-content\\\/uploads\\\/2019\\\/09\\\/cropped-LOGO-1.jpeg\",\"@id\":\"https:\\\/\\\/clubourenseatletismo.es\\\/blog\\\/2024\\\/06\\\/30\\\/dous-bronces-no-sub14-de-clubs\\\/#organizationLogo\",\"width\":512,\"height\":512},\"image\":{\"@id\":\"https:\\\/\\\/clubourenseatletismo.es\\\/blog\\\/2024\\\/06\\\/30\\\/dous-bronces-no-sub14-de-clubs\\\/#organizationLogo\"},\"sameAs\":[\"https:\\\/\\\/www.facebook.com\\\/profile.php?id=100063516489280\",\"https:\\\/\\\/www.instagram.com\\\/clubourenseatletismo\\\/\"]},{\"@type\":\"Person\",\"@id\":\"https:\\\/\\\/clubourenseatletismo.es\\\/blog\\\/author\\\/clubourense\\\/#author\",\"url\":\"https:\\\/\\\/clubourenseatletismo.es\\\/blog\\\/author\\\/clubourense\\\/\",\"name\":\"clubourense\",\"image\":{\"@type\":\"ImageObject\",\"@id\":\"https:\\\/\\\/clubourenseatletismo.es\\\/blog\\\/2024\\\/06\\\/30\\\/dous-bronces-no-sub14-de-clubs\\\/#authorImage\",\"url\":\"https:\\\/\\\/secure.gravatar.com\\\/avatar\\\/054ff0256550e5d1d577fa683a74658acb2f33f773051c5f2e6e8de910594748?s=96&d=mm&r=g\",\"width\":96,\"height\":96,\"caption\":\"clubourense\"}},{\"@type\":\"WebPage\",\"@id\":\"https:\\\/\\\/clubourenseatletismo.es\\\/blog\\\/2024\\\/06\\\/30\\\/dous-bronces-no-sub14-de-clubs\\\/#webpage\",\"url\":\"https:\\\/\\\/clubourenseatletismo.es\\\/blog\\\/2024\\\/06\\\/30\\\/dous-bronces-no-sub14-de-clubs\\\/\",\"name\":\"DOUS BRONCES NO SUB14 DE CLUBS | Club Ourense Atletismo\",\"description\":\"O Ourense Atletismo conseguiu dous bronces no Campionato Galego de Clubs sub14. Espectacular a tempada que est\\u00e1n a facer na Escola de atletismo do noso club, que se ve especialmente recompensada na categor\\u00eda dos m\\u00e1is maiores, con alg\\u00fans dos atletas adestrando xa nos grupos avanzados. Ambos os dous equipos remataron con folgura na terceira posici\\u00f3n. Os rapaces\",\"inLanguage\":\"es-ES\",\"isPartOf\":{\"@id\":\"https:\\\/\\\/clubourenseatletismo.es\\\/blog\\\/#website\"},\"breadcrumb\":{\"@id\":\"https:\\\/\\\/clubourenseatletismo.es\\\/blog\\\/2024\\\/06\\\/30\\\/dous-bronces-no-sub14-de-clubs\\\/#breadcrumblist\"},\"author\":{\"@id\":\"https:\\\/\\\/clubourenseatletismo.es\\\/blog\\\/author\\\/clubourense\\\/#author\"},\"creator\":{\"@id\":\"https:\\\/\\\/clubourenseatletismo.es\\\/blog\\\/author\\\/clubourense\\\/#author\"},\"image\":{\"@type\":\"ImageObject\",\"url\":\"https:\\\/\\\/clubourenseatletismo.es\\\/blog\\\/wp-content\\\/uploads\\\/2024\\\/06\\\/Equipo-sub14-masculino-podio.jpg\",\"@id\":\"https:\\\/\\\/clubourenseatletismo.es\\\/blog\\\/2024\\\/06\\\/30\\\/dous-bronces-no-sub14-de-clubs\\\/#mainImage\",\"width\":1600,\"height\":1200},\"primaryImageOfPage\":{\"@id\":\"https:\\\/\\\/clubourenseatletismo.es\\\/blog\\\/2024\\\/06\\\/30\\\/dous-bronces-no-sub14-de-clubs\\\/#mainImage\"},\"datePublished\":\"2024-06-30T21:13:34+02:00\",\"dateModified\":\"2024-06-30T21:13:34+02:00\"},{\"@type\":\"WebSite\",\"@id\":\"https:\\\/\\\/clubourenseatletismo.es\\\/blog\\\/#website\",\"url\":\"https:\\\/\\\/clubourenseatletismo.es\\\/blog\\\/\",\"name\":\"Club Ourense Atletismo\",\"description\":\"Escuela Ourense Atletismo\",\"inLanguage\":\"es-ES\",\"publisher\":{\"@id\":\"https:\\\/\\\/clubourenseatletismo.es\\\/blog\\\/#organization\"}}]}\n\t\t<\/script>\n\t\t<!-- All in One SEO -->\n\n","aioseo_head_json":{"title":"DOUS BRONCES NO SUB14 DE CLUBS | Club Ourense Atletismo","description":"O Ourense Atletismo conseguiu dous bronces no Campionato Galego de Clubs sub14. Espectacular a tempada que est\u00e1n a facer na Escola de atletismo do noso club, que se ve especialmente recompensada na categor\u00eda dos m\u00e1is maiores, con alg\u00fans dos atletas adestrando xa nos grupos avanzados. Ambos os dous equipos remataron con folgura na terceira posici\u00f3n. Os rapaces","canonical_url":"https:\/\/clubourenseatletismo.es\/blog\/2024\/06\/30\/dous-bronces-no-sub14-de-clubs\/","robots":"max-image-preview:large","keywords":"","webmasterTools":{"miscellaneous":""},"schema":{"@context":"https:\/\/schema.org","@graph":[{"@type":"Article","@id":"https:\/\/clubourenseatletismo.es\/blog\/2024\/06\/30\/dous-bronces-no-sub14-de-clubs\/#article","name":"DOUS BRONCES NO SUB14 DE CLUBS | Club Ourense Atletismo","headline":"DOUS BRONCES NO SUB14 DE CLUBS","author":{"@id":"https:\/\/clubourenseatletismo.es\/blog\/author\/clubourense\/#author"},"publisher":{"@id":"https:\/\/clubourenseatletismo.es\/blog\/#organization"},"image":{"@type":"ImageObject","url":"https:\/\/clubourenseatletismo.es\/blog\/wp-content\/uploads\/2024\/06\/Equipo-sub14-masculino-podio.jpg","width":1600,"height":1200},"datePublished":"2024-06-30T21:13:34+02:00","dateModified":"2024-06-30T21:13:34+02:00","inLanguage":"es-ES","mainEntityOfPage":{"@id":"https:\/\/clubourenseatletismo.es\/blog\/2024\/06\/30\/dous-bronces-no-sub14-de-clubs\/#webpage"},"isPartOf":{"@id":"https:\/\/clubourenseatletismo.es\/blog\/2024\/06\/30\/dous-bronces-no-sub14-de-clubs\/#webpage"},"articleSection":"Club, Competiciones"},{"@type":"BreadcrumbList","@id":"https:\/\/clubourenseatletismo.es\/blog\/2024\/06\/30\/dous-bronces-no-sub14-de-clubs\/#breadcrumblist","itemListElement":[{"@type":"ListItem","@id":"https:\/\/clubourenseatletismo.es\/blog#listItem","position":1,"name":"Inicio","item":"https:\/\/clubourenseatletismo.es\/blog","nextItem":{"@type":"ListItem","@id":"https:\/\/clubourenseatletismo.es\/blog\/category\/cpto-gallego\/#listItem","name":"Cpto. Gallego"}},{"@type":"ListItem","@id":"https:\/\/clubourenseatletismo.es\/blog\/category\/cpto-gallego\/#listItem","position":2,"name":"Cpto. Gallego","item":"https:\/\/clubourenseatletismo.es\/blog\/category\/cpto-gallego\/","nextItem":{"@type":"ListItem","@id":"https:\/\/clubourenseatletismo.es\/blog\/category\/cpto-gallego\/competiciones\/#listItem","name":"Competiciones"},"previousItem":{"@type":"ListItem","@id":"https:\/\/clubourenseatletismo.es\/blog#listItem","name":"Inicio"}},{"@type":"ListItem","@id":"https:\/\/clubourenseatletismo.es\/blog\/category\/cpto-gallego\/competiciones\/#listItem","position":3,"name":"Competiciones","item":"https:\/\/clubourenseatletismo.es\/blog\/category\/cpto-gallego\/competiciones\/","nextItem":{"@type":"ListItem","@id":"https:\/\/clubourenseatletismo.es\/blog\/2024\/06\/30\/dous-bronces-no-sub14-de-clubs\/#listItem","name":"DOUS BRONCES NO SUB14 DE CLUBS"},"previousItem":{"@type":"ListItem","@id":"https:\/\/clubourenseatletismo.es\/blog\/category\/cpto-gallego\/#listItem","name":"Cpto. Gallego"}},{"@type":"ListItem","@id":"https:\/\/clubourenseatletismo.es\/blog\/2024\/06\/30\/dous-bronces-no-sub14-de-clubs\/#listItem","position":4,"name":"DOUS BRONCES NO SUB14 DE CLUBS","previousItem":{"@type":"ListItem","@id":"https:\/\/clubourenseatletismo.es\/blog\/category\/cpto-gallego\/competiciones\/#listItem","name":"Competiciones"}}]},{"@type":"Organization","@id":"https:\/\/clubourenseatletismo.es\/blog\/#organization","name":"Club Ourense Atletismo","description":"Escuela Ourense Atletismo","url":"https:\/\/clubourenseatletismo.es\/blog\/","telephone":"+34637157458","logo":{"@type":"ImageObject","url":"https:\/\/clubourenseatletismo.es\/blog\/wp-content\/uploads\/2019\/09\/cropped-LOGO-1.jpeg","@id":"https:\/\/clubourenseatletismo.es\/blog\/2024\/06\/30\/dous-bronces-no-sub14-de-clubs\/#organizationLogo","width":512,"height":512},"image":{"@id":"https:\/\/clubourenseatletismo.es\/blog\/2024\/06\/30\/dous-bronces-no-sub14-de-clubs\/#organizationLogo"},"sameAs":["https:\/\/www.facebook.com\/profile.php?id=100063516489280","https:\/\/www.instagram.com\/clubourenseatletismo\/"]},{"@type":"Person","@id":"https:\/\/clubourenseatletismo.es\/blog\/author\/clubourense\/#author","url":"https:\/\/clubourenseatletismo.es\/blog\/author\/clubourense\/","name":"clubourense","image":{"@type":"ImageObject","@id":"https:\/\/clubourenseatletismo.es\/blog\/2024\/06\/30\/dous-bronces-no-sub14-de-clubs\/#authorImage","url":"https:\/\/secure.gravatar.com\/avatar\/054ff0256550e5d1d577fa683a74658acb2f33f773051c5f2e6e8de910594748?s=96&d=mm&r=g","width":96,"height":96,"caption":"clubourense"}},{"@type":"WebPage","@id":"https:\/\/clubourenseatletismo.es\/blog\/2024\/06\/30\/dous-bronces-no-sub14-de-clubs\/#webpage","url":"https:\/\/clubourenseatletismo.es\/blog\/2024\/06\/30\/dous-bronces-no-sub14-de-clubs\/","name":"DOUS BRONCES NO SUB14 DE CLUBS | Club Ourense Atletismo","description":"O Ourense Atletismo conseguiu dous bronces no Campionato Galego de Clubs sub14. Espectacular a tempada que est\u00e1n a facer na Escola de atletismo do noso club, que se ve especialmente recompensada na categor\u00eda dos m\u00e1is maiores, con alg\u00fans dos atletas adestrando xa nos grupos avanzados. Ambos os dous equipos remataron con folgura na terceira posici\u00f3n. Os rapaces","inLanguage":"es-ES","isPartOf":{"@id":"https:\/\/clubourenseatletismo.es\/blog\/#website"},"breadcrumb":{"@id":"https:\/\/clubourenseatletismo.es\/blog\/2024\/06\/30\/dous-bronces-no-sub14-de-clubs\/#breadcrumblist"},"author":{"@id":"https:\/\/clubourenseatletismo.es\/blog\/author\/clubourense\/#author"},"creator":{"@id":"https:\/\/clubourenseatletismo.es\/blog\/author\/clubourense\/#author"},"image":{"@type":"ImageObject","url":"https:\/\/clubourenseatletismo.es\/blog\/wp-content\/uploads\/2024\/06\/Equipo-sub14-masculino-podio.jpg","@id":"https:\/\/clubourenseatletismo.es\/blog\/2024\/06\/30\/dous-bronces-no-sub14-de-clubs\/#mainImage","width":1600,"height":1200},"primaryImageOfPage":{"@id":"https:\/\/clubourenseatletismo.es\/blog\/2024\/06\/30\/dous-bronces-no-sub14-de-clubs\/#mainImage"},"datePublished":"2024-06-30T21:13:34+02:00","dateModified":"2024-06-30T21:13:34+02:00"},{"@type":"WebSite","@id":"https:\/\/clubourenseatletismo.es\/blog\/#website","url":"https:\/\/clubourenseatletismo.es\/blog\/","name":"Club Ourense Atletismo","description":"Escuela Ourense Atletismo","inLanguage":"es-ES","publisher":{"@id":"https:\/\/clubourenseatletismo.es\/blog\/#organization"}}]},"og:locale":"es_ES","og:site_name":"Club Ourense Atletismo | Escuela Ourense Atletismo","og:type":"article","og:title":"DOUS BRONCES NO SUB14 DE CLUBS | Club Ourense Atletismo","og:description":"O Ourense Atletismo conseguiu dous bronces no Campionato Galego de Clubs sub14. Espectacular a tempada que est\u00e1n a facer na Escola de atletismo do noso club, que se ve especialmente recompensada na categor\u00eda dos m\u00e1is maiores, con alg\u00fans dos atletas adestrando xa nos grupos avanzados. Ambos os dous equipos remataron con folgura na terceira posici\u00f3n. Os rapaces","og:url":"https:\/\/clubourenseatletismo.es\/blog\/2024\/06\/30\/dous-bronces-no-sub14-de-clubs\/","article:published_time":"2024-06-30T19:13:34+00:00","article:modified_time":"2024-06-30T19:13:34+00:00","article:publisher":"https:\/\/www.facebook.com\/profile.php?id=100063516489280","twitter:card":"summary","twitter:title":"DOUS BRONCES NO SUB14 DE CLUBS | Club Ourense Atletismo","twitter:description":"O Ourense Atletismo conseguiu dous bronces no Campionato Galego de Clubs sub14. Espectacular a tempada que est\u00e1n a facer na Escola de atletismo do noso club, que se ve especialmente recompensada na categor\u00eda dos m\u00e1is maiores, con alg\u00fans dos atletas adestrando xa nos grupos avanzados. Ambos os dous equipos remataron con folgura na terceira posici\u00f3n. Os rapaces"},"aioseo_meta_data":{"post_id":"17424","title":null,"description":null,"keywords":null,"keyphrases":{"focus":{"keyphrase":"dous bronces","score":68,"analysis":{"keyphraseInTitle":{"score":9,"maxScore":9,"error":0},"keyphraseInDescription":{"score":9,"maxScore":9,"error":0},"keyphraseLength":{"score":9,"maxScore":9,"error":0,"length":2},"keyphraseInURL":{"score":1,"maxScore":5,"error":1},"keyphraseInIntroduction":{"score":9,"maxScore":9,"error":0},"keyphraseInSubHeadings":[],"keyphraseInImageAlt":{"score":3,"maxScore":9,"error":1},"keywordDensity":{"score":0,"type":"low","maxScore":9,"error":1}}},"additional":[]},"primary_term":null,"canonical_url":null,"og_title":null,"og_description":null,"og_object_type":"default","og_image_type":"default","og_image_url":null,"og_image_width":null,"og_image_height":null,"og_image_custom_url":null,"og_image_custom_fields":null,"og_video":"","og_custom_url":null,"og_article_section":null,"og_article_tags":null,"twitter_use_og":false,"twitter_card":"default","twitter_image_type":"default","twitter_image_url":null,"twitter_image_custom_url":null,"twitter_image_custom_fields":null,"twitter_title":null,"twitter_description":null,"schema":{"blockGraphs":[],"customGraphs":[],"default":{"data":{"Article":[],"Course":[],"Dataset":[],"FAQPage":[],"Movie":[],"Person":[],"Product":[],"ProductReview":[],"Car":[],"Recipe":[],"Service":[],"SoftwareApplication":[],"WebPage":[]},"graphName":"Article","isEnabled":true},"graphs":[]},"schema_type":"default","schema_type_options":null,"pillar_content":false,"robots_default":true,"robots_noindex":false,"robots_noarchive":false,"robots_nosnippet":false,"robots_nofollow":false,"robots_noimageindex":false,"robots_noodp":false,"robots_notranslate":false,"robots_max_snippet":"-1","robots_max_videopreview":"-1","robots_max_imagepreview":"large","priority":null,"frequency":"default","location":null,"local_seo":null,"breadcrumb_settings":null,"limit_modified_date":false,"ai":null,"created":"2024-06-30 18:23:05","updated":"2024-06-30 19:13:34","seo_analyzer_scan_date":null,"focus_keyword":"dous bronces","additional_keywords":null,"truseo_locale":null},"aioseo_breadcrumb":"<div class=\"aioseo-breadcrumbs\"><span class=\"aioseo-breadcrumb\">\n\t\t\t<a href=\"https:\/\/clubourenseatletismo.es\/blog\" title=\"Inicio\">Inicio<\/a>\n\t\t<\/span><span class=\"aioseo-breadcrumb-separator\">&raquo;<\/span><span class=\"aioseo-breadcrumb\">\n\t\t\t<a href=\"https:\/\/clubourenseatletismo.es\/blog\/category\/cpto-gallego\/\" title=\"Cpto. Gallego\">Cpto. Gallego<\/a>\n\t\t<\/span><span class=\"aioseo-breadcrumb-separator\">&raquo;<\/span><span class=\"aioseo-breadcrumb\">\n\t\t\t<a href=\"https:\/\/clubourenseatletismo.es\/blog\/category\/cpto-gallego\/competiciones\/\" title=\"Competiciones\">Competiciones<\/a>\n\t\t<\/span><span class=\"aioseo-breadcrumb-separator\">&raquo;<\/span><span class=\"aioseo-breadcrumb\">\n\t\t\tDOUS BRONCES NO SUB14 DE CLUBS\n\t\t<\/span><\/div>","aioseo_breadcrumb_json":[{"label":"Inicio","link":"https:\/\/clubourenseatletismo.es\/blog"},{"label":"Cpto. Gallego","link":"https:\/\/clubourenseatletismo.es\/blog\/category\/cpto-gallego\/"},{"label":"Competiciones","link":"https:\/\/clubourenseatletismo.es\/blog\/category\/cpto-gallego\/competiciones\/"},{"label":"DOUS BRONCES NO SUB14 DE CLUBS","link":"https:\/\/clubourenseatletismo.es\/blog\/2024\/06\/30\/dous-bronces-no-sub14-de-clubs\/"}],"_links":{"self":[{"href":"https:\/\/clubourenseatletismo.es\/blog\/wp-json\/wp\/v2\/posts\/17424","targetHints":{"allow":["GET"]}}],"collection":[{"href":"https:\/\/clubourenseatletismo.es\/blog\/wp-json\/wp\/v2\/posts"}],"about":[{"href":"https:\/\/clubourenseatletismo.es\/blog\/wp-json\/wp\/v2\/types\/post"}],"author":[{"embeddable":true,"href":"https:\/\/clubourenseatletismo.es\/blog\/wp-json\/wp\/v2\/users\/1"}],"replies":[{"embeddable":true,"href":"https:\/\/clubourenseatletismo.es\/blog\/wp-json\/wp\/v2\/comments?post=17424"}],"version-history":[{"count":1,"href":"https:\/\/clubourenseatletismo.es\/blog\/wp-json\/wp\/v2\/posts\/17424\/revisions"}],"predecessor-version":[{"id":17427,"href":"https:\/\/clubourenseatletismo.es\/blog\/wp-json\/wp\/v2\/posts\/17424\/revisions\/17427"}],"wp:featuredmedia":[{"embeddable":true,"href":"https:\/\/clubourenseatletismo.es\/blog\/wp-json\/wp\/v2\/media\/17426"}],"wp:attachment":[{"href":"https:\/\/clubourenseatletismo.es\/blog\/wp-json\/wp\/v2\/media?parent=17424"}],"wp:term":[{"taxonomy":"category","embeddable":true,"href":"https:\/\/clubourenseatletismo.es\/blog\/wp-json\/wp\/v2\/categories?post=17424"},{"taxonomy":"post_tag","embeddable":true,"href":"https:\/\/clubourenseatletismo.es\/blog\/wp-json\/wp\/v2\/tags?post=17424"}],"curies":[{"name":"wp","href":"https:\/\/api.w.org\/{rel}","templated":true}]}}