{"id":1719,"date":"2013-11-14T10:21:12","date_gmt":"2013-11-14T09:21:12","guid":{"rendered":"http:\/\/clubourenseatletismo.es\/blog\/?p=1719"},"modified":"2013-11-14T10:21:12","modified_gmt":"2013-11-14T09:21:12","slug":"san-martino-de-record","status":"publish","type":"post","link":"https:\/\/clubourenseatletismo.es\/blog\/2013\/11\/14\/san-martino-de-record\/","title":{"rendered":"San Marti\u00f1o de r\u00e9cord"},"content":{"rendered":"<p style=\"text-align: center;\"><img loading=\"lazy\" decoding=\"async\" class=\"aligncenter  wp-image-1604\" alt=\"\" src=\"http:\/\/clubourenseatletismo.es\/blog\/wp-content\/uploads\/2013\/10\/bannersanmartino13.jpg\" width=\"440\" height=\"86\" srcset=\"https:\/\/clubourenseatletismo.es\/blog\/wp-content\/uploads\/2013\/10\/bannersanmartino13.jpg 550w, https:\/\/clubourenseatletismo.es\/blog\/wp-content\/uploads\/2013\/10\/bannersanmartino13-300x58.jpg 300w\" sizes=\"auto, (max-width: 440px) 100vw, 440px\" \/><\/p>\n<p style=\"text-align: justify;\">El pr\u00f3ximo domingo se disputar\u00e1 la edici\u00f3n n\u00famero 37 de la <span style=\"text-decoration: underline;\"><strong>Carreira Pedestre Popular do San Marti\u00f1o<\/strong><\/span>. Una prueba que va camino de romper r\u00e9cords. El de inscritos ya lo tiene, con un total de 11.078 inscripciones que, a\u00fan contando con duplicados, seguramente superar\u00e1 con amplitud las algo m\u00e1s de 9.000 del a\u00f1o pasado.<\/p>\n<p style=\"text-align: justify;\">La prueba m\u00e1s numerosa ser\u00e1 la Absoluta, que cuenta con m\u00e1s de 5.700 inscritos; le sigue la Escolar con casi 3.600 inscritos; mientras que la de los menores casi alcanza los 1.700 inscritos. A las 11:00 horas se dar\u00e1 la salida de la primera; mientras los escolares saldr\u00e1n a las 12:30 horas, y los menores a las 13:00 horas.<\/p>\n<p style=\"text-align: justify;\">Por nuestra parte, las mayores aspiraciones se centran en las pruebas escolar y de menores, con un amplio n\u00famero de atletas de la Escuela en liza, en busca de puestos de podio. Recordemos que el a\u00f1o pasado se logr\u00f3 un segundo puesto en la categor\u00eda cadete, a cargo de <strong><span style=\"color: #0000ff;\">Abraham Rodr\u00edguez<\/span><\/strong>, que este a\u00f1o repite categor\u00eda.<\/p>\n<p style=\"text-align: justify;\">Los dorsales se pueden recoger desde el viernes por la tarde y durante todo el s\u00e1bado, en la cancha principal del Pabell\u00f3n, en horarios de 16:00 a 20:00 horas el viernes, y de 9:00 a 20:00 horas el s\u00e1bado. NO se entrengar\u00e1n dorsales ni chips el d\u00eda de la prueba. En esos mismos d\u00edas y horarios, todos los interesados podr\u00e1n disfrutar, al igual que el a\u00f1o pasado, de la <span style=\"text-decoration: underline;\">Feria del Corredor<\/span>, con varias actividades programadas para los aficionados.<\/p>\n<p style=\"text-align: justify;\">\n","protected":false},"excerpt":{"rendered":"<p>El pr\u00f3ximo domingo se disputar\u00e1 la edici\u00f3n n\u00famero 37 de la Carreira Pedestre Popular do San Marti\u00f1o. Una prueba que va camino de romper r\u00e9cords. El de inscritos ya lo tiene, con un total de 11.078 inscripciones que, a\u00fan contando con duplicados, seguramente superar\u00e1 con&#8230;<\/p>\n","protected":false},"author":1,"featured_media":0,"comment_status":"closed","ping_status":"closed","sticky":false,"template":"","format":"standard","meta":{"footnotes":""},"categories":[5,6,8],"tags":[],"class_list":["post-1719","post","type-post","status-publish","format-standard","hentry","category-club","category-escuela","category-previa"],"aioseo_notices":[],"_links":{"self":[{"href":"https:\/\/clubourenseatletismo.es\/blog\/wp-json\/wp\/v2\/posts\/1719","targetHints":{"allow":["GET"]}}],"collection":[{"href":"https:\/\/clubourenseatletismo.es\/blog\/wp-json\/wp\/v2\/posts"}],"about":[{"href":"https:\/\/clubourenseatletismo.es\/blog\/wp-json\/wp\/v2\/types\/post"}],"author":[{"embeddable":true,"href":"https:\/\/clubourenseatletismo.es\/blog\/wp-json\/wp\/v2\/users\/1"}],"replies":[{"embeddable":true,"href":"https:\/\/clubourenseatletismo.es\/blog\/wp-json\/wp\/v2\/comments?post=1719"}],"version-history":[{"count":0,"href":"https:\/\/clubourenseatletismo.es\/blog\/wp-json\/wp\/v2\/posts\/1719\/revisions"}],"wp:attachment":[{"href":"https:\/\/clubourenseatletismo.es\/blog\/wp-json\/wp\/v2\/media?parent=1719"}],"wp:term":[{"taxonomy":"category","embeddable":true,"href":"https:\/\/clubourenseatletismo.es\/blog\/wp-json\/wp\/v2\/categories?post=1719"},{"taxonomy":"post_tag","embeddable":true,"href":"https:\/\/clubourenseatletismo.es\/blog\/wp-json\/wp\/v2\/tags?post=1719"}],"curies":[{"name":"wp","href":"https:\/\/api.w.org\/{rel}","templated":true}]}}