{"id":16905,"date":"2023-06-01T09:31:45","date_gmt":"2023-06-01T07:31:45","guid":{"rendered":"https:\/\/clubourenseatletismo.es\/blog\/?p=16905"},"modified":"2023-06-01T09:31:45","modified_gmt":"2023-06-01T07:31:45","slug":"de-volta-ao-campionato-de-espana-de-clubs","status":"publish","type":"post","link":"https:\/\/clubourenseatletismo.es\/blog\/2023\/06\/01\/de-volta-ao-campionato-de-espana-de-clubs\/","title":{"rendered":"DE VOLTA AO CAMPIONATO DE ESPA\u00d1A DE CLUBS"},"content":{"rendered":"<p>Este fin de semana cel\u00e9brase o <strong>Campionato de Espa\u00f1a de Clubs<\/strong> <strong>de Segunda Divisi\u00f3n<\/strong>, onde as nosas rapazas participar\u00e1n no encontro A polo ascenso en Burgos o domingo 4, mentres que os rapaces disputar\u00e1n o encontro B3 en M\u00f3stoles.<\/p>\n<p>O equipo feminino vai loitar polo ascenso \u00e1 Primeira Divisi\u00f3n (categor\u00eda de prata do atletismo espa\u00f1ol) na que se disputan tres xornadas, sendo as d\u00faas primeiras a d\u00faas atletas por proba. Este ser\u00eda un paso important\u00edsimo na volta do <strong>Club Ourense Atletismo<\/strong> \u00e1 elite espa\u00f1ola e lle dar\u00eda tam\u00e9n m\u00e1is opci\u00f3ns competitivas a nivel estatal \u00e1 fant\u00e1stica canteira que temos. A disputa ser\u00e1 moi dura nunha fase de ascenso que sempre se decide por un pu\u00f1ado de puntos. Partimos con opci\u00f3ns de quedar entre os dous primeiros clubs, postos que posibilitan o ascenso, pero ser\u00e1 necesario que fagan o que mellor saben facer: dalo todo.<\/p>\n<p>O equipo masculino competir\u00e1 o s\u00e1bado nas pistas de M\u00f3stoles. Se ben os encontros B da Segunda Divisi\u00f3n non dan opci\u00f3n a ascenso, sup\u00f3n a volta dos dous equipos ao Campionato de Espa\u00f1a de Clubs despois de 11 anos. A xornada ser\u00e1 a primeira participaci\u00f3n nun campionato de Espa\u00f1a de moitos dos integrantes do equipo, experiencia que seguro que animar\u00e1 aos atletas m\u00e1is novos a continuar no atletismo e loitar por ir acadando cotas maiores.<\/p>\n<p>Somos actualmente un dos tres equipos de toda Galicia que ten aos dous equipos competindo en ligas nacionais, xunto co grupo Celta e a S.G. de Pontevedra. Xa somos un dos mellores equipos de Galicia e agora toca selo dos de Espa\u00f1a. Polo tanto, esta fin de semana, toca animar aos nosos equipos.<\/p>\n<p>Poderanse seguir os resultados e ver a lista de inscritos nas seguintes ligaz\u00f3ns:<\/p>\n<p><a href=\"https:\/\/atletismorfea.es\/calendario\/campeonato\/campeonato-de-espana-clubes-segunda-division-final-b3-hombres\" target=\"_blank\" rel=\"noopener\">Campeonato de Espa\u00f1a Clubes Segunda Divisi\u00f3n &#8211; Final B3 Hombres<\/a><\/p>\n<p><a href=\"https:\/\/atletismorfea.es\/calendario\/campeonato\/campeonato-de-espana-clubes-segunda-division-final-mujeres\" target=\"_blank\" rel=\"noopener\">Campeonato de Espa\u00f1a Clubes Segunda Divisi\u00f3n &#8211; Final A Mujeres<\/a><\/p>\n<p><a href=\"https:\/\/clubourenseatletismo.es\/blog\/wp-content\/uploads\/2023\/06\/2b-masculino-2023.jpg\"><img loading=\"lazy\" decoding=\"async\" class=\"size-full wp-image-16906 aligncenter\" src=\"https:\/\/clubourenseatletismo.es\/blog\/wp-content\/uploads\/2023\/06\/2b-masculino-2023.jpg\" alt=\"\" width=\"1028\" height=\"1080\" srcset=\"https:\/\/clubourenseatletismo.es\/blog\/wp-content\/uploads\/2023\/06\/2b-masculino-2023.jpg 1028w, https:\/\/clubourenseatletismo.es\/blog\/wp-content\/uploads\/2023\/06\/2b-masculino-2023-286x300.jpg 286w, https:\/\/clubourenseatletismo.es\/blog\/wp-content\/uploads\/2023\/06\/2b-masculino-2023-975x1024.jpg 975w, https:\/\/clubourenseatletismo.es\/blog\/wp-content\/uploads\/2023\/06\/2b-masculino-2023-768x807.jpg 768w, https:\/\/clubourenseatletismo.es\/blog\/wp-content\/uploads\/2023\/06\/2b-masculino-2023-700x735.jpg 700w\" sizes=\"auto, (max-width: 1028px) 100vw, 1028px\" \/><\/a><\/p>\n","protected":false},"excerpt":{"rendered":"<p>Este fin de semana cel\u00e9brase o Campionato de Espa\u00f1a de Clubs de Segunda Divisi\u00f3n, onde as nosas rapazas participar\u00e1n no encontro A polo ascenso en Burgos o domingo 4, mentres que os rapaces disputar\u00e1n o encontro B3 en M\u00f3stoles. O equipo feminino vai loitar polo&#8230;<\/p>\n","protected":false},"author":1,"featured_media":16907,"comment_status":"closed","ping_status":"closed","sticky":false,"template":"","format":"standard","meta":{"footnotes":""},"categories":[11,8],"tags":[],"class_list":["post-16905","post","type-post","status-publish","format-standard","has-post-thumbnail","hentry","category-cpto-nacional","category-previa"],"aioseo_notices":[],"aioseo_head":"\n\t\t<!-- All in One SEO 5.0.1.1 - aioseo.com -->\n\t<meta name=\"description\" content=\"Este fin de semana cel\u00e9brase o Campionato de Espa\u00f1a de Clubs de Segunda Divisi\u00f3n, onde as nosas rapazas participar\u00e1n no encontro A polo ascenso en Burgos o domingo 4, mentres que os rapaces disputar\u00e1n o encontro B3 en M\u00f3stoles. O equipo feminino vai loitar polo ascenso \u00e1 Primeira Divisi\u00f3n (categor\u00eda de prata do atletismo espa\u00f1ol)\" \/>\n\t<meta name=\"robots\" content=\"max-image-preview:large\" \/>\n\t<meta name=\"author\" content=\"clubourense\"\/>\n\t<link rel=\"canonical\" href=\"https:\/\/clubourenseatletismo.es\/blog\/2023\/06\/01\/de-volta-ao-campionato-de-espana-de-clubs\/\" \/>\n\t<meta name=\"generator\" content=\"All in One SEO (AIOSEO) 5.0.1.1\" \/>\n\t\t<meta property=\"og:locale\" content=\"es_ES\" \/>\n\t\t<meta property=\"og:site_name\" content=\"Club Ourense Atletismo | Escuela Ourense Atletismo\" \/>\n\t\t<meta property=\"og:type\" content=\"article\" \/>\n\t\t<meta property=\"og:title\" content=\"DE VOLTA AO CAMPIONATO DE ESPA\u00d1A DE CLUBS | Club Ourense Atletismo\" \/>\n\t\t<meta property=\"og:description\" content=\"Este fin de semana cel\u00e9brase o Campionato de Espa\u00f1a de Clubs de Segunda Divisi\u00f3n, onde as nosas rapazas participar\u00e1n no encontro A polo ascenso en Burgos o domingo 4, mentres que os rapaces disputar\u00e1n o encontro B3 en M\u00f3stoles. O equipo feminino vai loitar polo ascenso \u00e1 Primeira Divisi\u00f3n (categor\u00eda de prata do atletismo espa\u00f1ol)\" \/>\n\t\t<meta property=\"og:url\" content=\"https:\/\/clubourenseatletismo.es\/blog\/2023\/06\/01\/de-volta-ao-campionato-de-espana-de-clubs\/\" \/>\n\t\t<meta property=\"article:published_time\" content=\"2023-06-01T07:31:45+00:00\" \/>\n\t\t<meta property=\"article:modified_time\" content=\"2023-06-01T07:31:45+00:00\" \/>\n\t\t<meta property=\"article:publisher\" content=\"https:\/\/www.facebook.com\/profile.php?id=100063516489280\" \/>\n\t\t<meta name=\"twitter:card\" content=\"summary\" \/>\n\t\t<meta name=\"twitter:title\" content=\"DE VOLTA AO CAMPIONATO DE ESPA\u00d1A DE CLUBS | Club Ourense Atletismo\" \/>\n\t\t<meta name=\"twitter:description\" content=\"Este fin de semana cel\u00e9brase o Campionato de Espa\u00f1a de Clubs de Segunda Divisi\u00f3n, onde as nosas rapazas participar\u00e1n no encontro A polo ascenso en Burgos o domingo 4, mentres que os rapaces disputar\u00e1n o encontro B3 en M\u00f3stoles. O equipo feminino vai loitar polo ascenso \u00e1 Primeira Divisi\u00f3n (categor\u00eda de prata do atletismo espa\u00f1ol)\" \/>\n\t\t<script type=\"application\/ld+json\" class=\"aioseo-schema\">\n\t\t\t{\"@context\":\"https:\\\/\\\/schema.org\",\"@graph\":[{\"@type\":\"Article\",\"@id\":\"https:\\\/\\\/clubourenseatletismo.es\\\/blog\\\/2023\\\/06\\\/01\\\/de-volta-ao-campionato-de-espana-de-clubs\\\/#article\",\"name\":\"DE VOLTA AO CAMPIONATO DE ESPA\\u00d1A DE CLUBS | Club Ourense Atletismo\",\"headline\":\"DE VOLTA AO CAMPIONATO DE ESPA\\u00d1A DE CLUBS\",\"author\":{\"@id\":\"https:\\\/\\\/clubourenseatletismo.es\\\/blog\\\/author\\\/clubourense\\\/#author\"},\"publisher\":{\"@id\":\"https:\\\/\\\/clubourenseatletismo.es\\\/blog\\\/#organization\"},\"image\":{\"@type\":\"ImageObject\",\"url\":\"https:\\\/\\\/clubourenseatletismo.es\\\/blog\\\/wp-content\\\/uploads\\\/2023\\\/06\\\/2-feminino-2023.jpg\",\"width\":990,\"height\":1024},\"datePublished\":\"2023-06-01T09:31:45+02:00\",\"dateModified\":\"2023-06-01T09:31:45+02:00\",\"inLanguage\":\"es-ES\",\"mainEntityOfPage\":{\"@id\":\"https:\\\/\\\/clubourenseatletismo.es\\\/blog\\\/2023\\\/06\\\/01\\\/de-volta-ao-campionato-de-espana-de-clubs\\\/#webpage\"},\"isPartOf\":{\"@id\":\"https:\\\/\\\/clubourenseatletismo.es\\\/blog\\\/2023\\\/06\\\/01\\\/de-volta-ao-campionato-de-espana-de-clubs\\\/#webpage\"},\"articleSection\":\"Cpto. Nacional, Previa\"},{\"@type\":\"BreadcrumbList\",\"@id\":\"https:\\\/\\\/clubourenseatletismo.es\\\/blog\\\/2023\\\/06\\\/01\\\/de-volta-ao-campionato-de-espana-de-clubs\\\/#breadcrumblist\",\"itemListElement\":[{\"@type\":\"ListItem\",\"@id\":\"https:\\\/\\\/clubourenseatletismo.es\\\/blog#listItem\",\"position\":1,\"name\":\"Inicio\",\"item\":\"https:\\\/\\\/clubourenseatletismo.es\\\/blog\",\"nextItem\":{\"@type\":\"ListItem\",\"@id\":\"https:\\\/\\\/clubourenseatletismo.es\\\/blog\\\/category\\\/previa\\\/#listItem\",\"name\":\"Previa\"}},{\"@type\":\"ListItem\",\"@id\":\"https:\\\/\\\/clubourenseatletismo.es\\\/blog\\\/category\\\/previa\\\/#listItem\",\"position\":2,\"name\":\"Previa\",\"item\":\"https:\\\/\\\/clubourenseatletismo.es\\\/blog\\\/category\\\/previa\\\/\",\"nextItem\":{\"@type\":\"ListItem\",\"@id\":\"https:\\\/\\\/clubourenseatletismo.es\\\/blog\\\/2023\\\/06\\\/01\\\/de-volta-ao-campionato-de-espana-de-clubs\\\/#listItem\",\"name\":\"DE VOLTA AO CAMPIONATO DE ESPA\\u00d1A DE CLUBS\"},\"previousItem\":{\"@type\":\"ListItem\",\"@id\":\"https:\\\/\\\/clubourenseatletismo.es\\\/blog#listItem\",\"name\":\"Inicio\"}},{\"@type\":\"ListItem\",\"@id\":\"https:\\\/\\\/clubourenseatletismo.es\\\/blog\\\/2023\\\/06\\\/01\\\/de-volta-ao-campionato-de-espana-de-clubs\\\/#listItem\",\"position\":3,\"name\":\"DE VOLTA AO CAMPIONATO DE ESPA\\u00d1A DE CLUBS\",\"previousItem\":{\"@type\":\"ListItem\",\"@id\":\"https:\\\/\\\/clubourenseatletismo.es\\\/blog\\\/category\\\/previa\\\/#listItem\",\"name\":\"Previa\"}}]},{\"@type\":\"Organization\",\"@id\":\"https:\\\/\\\/clubourenseatletismo.es\\\/blog\\\/#organization\",\"name\":\"Club Ourense Atletismo\",\"description\":\"Escuela Ourense Atletismo\",\"url\":\"https:\\\/\\\/clubourenseatletismo.es\\\/blog\\\/\",\"telephone\":\"+34637157458\",\"logo\":{\"@type\":\"ImageObject\",\"url\":\"https:\\\/\\\/clubourenseatletismo.es\\\/blog\\\/wp-content\\\/uploads\\\/2019\\\/09\\\/cropped-LOGO-1.jpeg\",\"@id\":\"https:\\\/\\\/clubourenseatletismo.es\\\/blog\\\/2023\\\/06\\\/01\\\/de-volta-ao-campionato-de-espana-de-clubs\\\/#organizationLogo\",\"width\":512,\"height\":512},\"image\":{\"@id\":\"https:\\\/\\\/clubourenseatletismo.es\\\/blog\\\/2023\\\/06\\\/01\\\/de-volta-ao-campionato-de-espana-de-clubs\\\/#organizationLogo\"},\"sameAs\":[\"https:\\\/\\\/www.facebook.com\\\/profile.php?id=100063516489280\",\"https:\\\/\\\/www.instagram.com\\\/clubourenseatletismo\\\/\"]},{\"@type\":\"Person\",\"@id\":\"https:\\\/\\\/clubourenseatletismo.es\\\/blog\\\/author\\\/clubourense\\\/#author\",\"url\":\"https:\\\/\\\/clubourenseatletismo.es\\\/blog\\\/author\\\/clubourense\\\/\",\"name\":\"clubourense\",\"image\":{\"@type\":\"ImageObject\",\"@id\":\"https:\\\/\\\/clubourenseatletismo.es\\\/blog\\\/2023\\\/06\\\/01\\\/de-volta-ao-campionato-de-espana-de-clubs\\\/#authorImage\",\"url\":\"https:\\\/\\\/secure.gravatar.com\\\/avatar\\\/054ff0256550e5d1d577fa683a74658acb2f33f773051c5f2e6e8de910594748?s=96&d=mm&r=g\",\"width\":96,\"height\":96,\"caption\":\"clubourense\"}},{\"@type\":\"WebPage\",\"@id\":\"https:\\\/\\\/clubourenseatletismo.es\\\/blog\\\/2023\\\/06\\\/01\\\/de-volta-ao-campionato-de-espana-de-clubs\\\/#webpage\",\"url\":\"https:\\\/\\\/clubourenseatletismo.es\\\/blog\\\/2023\\\/06\\\/01\\\/de-volta-ao-campionato-de-espana-de-clubs\\\/\",\"name\":\"DE VOLTA AO CAMPIONATO DE ESPA\\u00d1A DE CLUBS | Club Ourense Atletismo\",\"description\":\"Este fin de semana cel\\u00e9brase o Campionato de Espa\\u00f1a de Clubs de Segunda Divisi\\u00f3n, onde as nosas rapazas participar\\u00e1n no encontro A polo ascenso en Burgos o domingo 4, mentres que os rapaces disputar\\u00e1n o encontro B3 en M\\u00f3stoles. O equipo feminino vai loitar polo ascenso \\u00e1 Primeira Divisi\\u00f3n (categor\\u00eda de prata do atletismo espa\\u00f1ol)\",\"inLanguage\":\"es-ES\",\"isPartOf\":{\"@id\":\"https:\\\/\\\/clubourenseatletismo.es\\\/blog\\\/#website\"},\"breadcrumb\":{\"@id\":\"https:\\\/\\\/clubourenseatletismo.es\\\/blog\\\/2023\\\/06\\\/01\\\/de-volta-ao-campionato-de-espana-de-clubs\\\/#breadcrumblist\"},\"author\":{\"@id\":\"https:\\\/\\\/clubourenseatletismo.es\\\/blog\\\/author\\\/clubourense\\\/#author\"},\"creator\":{\"@id\":\"https:\\\/\\\/clubourenseatletismo.es\\\/blog\\\/author\\\/clubourense\\\/#author\"},\"image\":{\"@type\":\"ImageObject\",\"url\":\"https:\\\/\\\/clubourenseatletismo.es\\\/blog\\\/wp-content\\\/uploads\\\/2023\\\/06\\\/2-feminino-2023.jpg\",\"@id\":\"https:\\\/\\\/clubourenseatletismo.es\\\/blog\\\/2023\\\/06\\\/01\\\/de-volta-ao-campionato-de-espana-de-clubs\\\/#mainImage\",\"width\":990,\"height\":1024},\"primaryImageOfPage\":{\"@id\":\"https:\\\/\\\/clubourenseatletismo.es\\\/blog\\\/2023\\\/06\\\/01\\\/de-volta-ao-campionato-de-espana-de-clubs\\\/#mainImage\"},\"datePublished\":\"2023-06-01T09:31:45+02:00\",\"dateModified\":\"2023-06-01T09:31:45+02:00\"},{\"@type\":\"WebSite\",\"@id\":\"https:\\\/\\\/clubourenseatletismo.es\\\/blog\\\/#website\",\"url\":\"https:\\\/\\\/clubourenseatletismo.es\\\/blog\\\/\",\"name\":\"Club Ourense Atletismo\",\"description\":\"Escuela Ourense Atletismo\",\"inLanguage\":\"es-ES\",\"publisher\":{\"@id\":\"https:\\\/\\\/clubourenseatletismo.es\\\/blog\\\/#organization\"}}]}\n\t\t<\/script>\n\t\t<!-- All in One SEO -->\n\n","aioseo_head_json":{"title":"DE VOLTA AO CAMPIONATO DE ESPA\u00d1A DE CLUBS | Club Ourense Atletismo","description":"Este fin de semana cel\u00e9brase o Campionato de Espa\u00f1a de Clubs de Segunda Divisi\u00f3n, onde as nosas rapazas participar\u00e1n no encontro A polo ascenso en Burgos o domingo 4, mentres que os rapaces disputar\u00e1n o encontro B3 en M\u00f3stoles. O equipo feminino vai loitar polo ascenso \u00e1 Primeira Divisi\u00f3n (categor\u00eda de prata do atletismo espa\u00f1ol)","canonical_url":"https:\/\/clubourenseatletismo.es\/blog\/2023\/06\/01\/de-volta-ao-campionato-de-espana-de-clubs\/","robots":"max-image-preview:large","keywords":"","webmasterTools":{"miscellaneous":""},"schema":{"@context":"https:\/\/schema.org","@graph":[{"@type":"Article","@id":"https:\/\/clubourenseatletismo.es\/blog\/2023\/06\/01\/de-volta-ao-campionato-de-espana-de-clubs\/#article","name":"DE VOLTA AO CAMPIONATO DE ESPA\u00d1A DE CLUBS | Club Ourense Atletismo","headline":"DE VOLTA AO CAMPIONATO DE ESPA\u00d1A DE CLUBS","author":{"@id":"https:\/\/clubourenseatletismo.es\/blog\/author\/clubourense\/#author"},"publisher":{"@id":"https:\/\/clubourenseatletismo.es\/blog\/#organization"},"image":{"@type":"ImageObject","url":"https:\/\/clubourenseatletismo.es\/blog\/wp-content\/uploads\/2023\/06\/2-feminino-2023.jpg","width":990,"height":1024},"datePublished":"2023-06-01T09:31:45+02:00","dateModified":"2023-06-01T09:31:45+02:00","inLanguage":"es-ES","mainEntityOfPage":{"@id":"https:\/\/clubourenseatletismo.es\/blog\/2023\/06\/01\/de-volta-ao-campionato-de-espana-de-clubs\/#webpage"},"isPartOf":{"@id":"https:\/\/clubourenseatletismo.es\/blog\/2023\/06\/01\/de-volta-ao-campionato-de-espana-de-clubs\/#webpage"},"articleSection":"Cpto. Nacional, Previa"},{"@type":"BreadcrumbList","@id":"https:\/\/clubourenseatletismo.es\/blog\/2023\/06\/01\/de-volta-ao-campionato-de-espana-de-clubs\/#breadcrumblist","itemListElement":[{"@type":"ListItem","@id":"https:\/\/clubourenseatletismo.es\/blog#listItem","position":1,"name":"Inicio","item":"https:\/\/clubourenseatletismo.es\/blog","nextItem":{"@type":"ListItem","@id":"https:\/\/clubourenseatletismo.es\/blog\/category\/previa\/#listItem","name":"Previa"}},{"@type":"ListItem","@id":"https:\/\/clubourenseatletismo.es\/blog\/category\/previa\/#listItem","position":2,"name":"Previa","item":"https:\/\/clubourenseatletismo.es\/blog\/category\/previa\/","nextItem":{"@type":"ListItem","@id":"https:\/\/clubourenseatletismo.es\/blog\/2023\/06\/01\/de-volta-ao-campionato-de-espana-de-clubs\/#listItem","name":"DE VOLTA AO CAMPIONATO DE ESPA\u00d1A DE CLUBS"},"previousItem":{"@type":"ListItem","@id":"https:\/\/clubourenseatletismo.es\/blog#listItem","name":"Inicio"}},{"@type":"ListItem","@id":"https:\/\/clubourenseatletismo.es\/blog\/2023\/06\/01\/de-volta-ao-campionato-de-espana-de-clubs\/#listItem","position":3,"name":"DE VOLTA AO CAMPIONATO DE ESPA\u00d1A DE CLUBS","previousItem":{"@type":"ListItem","@id":"https:\/\/clubourenseatletismo.es\/blog\/category\/previa\/#listItem","name":"Previa"}}]},{"@type":"Organization","@id":"https:\/\/clubourenseatletismo.es\/blog\/#organization","name":"Club Ourense Atletismo","description":"Escuela Ourense Atletismo","url":"https:\/\/clubourenseatletismo.es\/blog\/","telephone":"+34637157458","logo":{"@type":"ImageObject","url":"https:\/\/clubourenseatletismo.es\/blog\/wp-content\/uploads\/2019\/09\/cropped-LOGO-1.jpeg","@id":"https:\/\/clubourenseatletismo.es\/blog\/2023\/06\/01\/de-volta-ao-campionato-de-espana-de-clubs\/#organizationLogo","width":512,"height":512},"image":{"@id":"https:\/\/clubourenseatletismo.es\/blog\/2023\/06\/01\/de-volta-ao-campionato-de-espana-de-clubs\/#organizationLogo"},"sameAs":["https:\/\/www.facebook.com\/profile.php?id=100063516489280","https:\/\/www.instagram.com\/clubourenseatletismo\/"]},{"@type":"Person","@id":"https:\/\/clubourenseatletismo.es\/blog\/author\/clubourense\/#author","url":"https:\/\/clubourenseatletismo.es\/blog\/author\/clubourense\/","name":"clubourense","image":{"@type":"ImageObject","@id":"https:\/\/clubourenseatletismo.es\/blog\/2023\/06\/01\/de-volta-ao-campionato-de-espana-de-clubs\/#authorImage","url":"https:\/\/secure.gravatar.com\/avatar\/054ff0256550e5d1d577fa683a74658acb2f33f773051c5f2e6e8de910594748?s=96&d=mm&r=g","width":96,"height":96,"caption":"clubourense"}},{"@type":"WebPage","@id":"https:\/\/clubourenseatletismo.es\/blog\/2023\/06\/01\/de-volta-ao-campionato-de-espana-de-clubs\/#webpage","url":"https:\/\/clubourenseatletismo.es\/blog\/2023\/06\/01\/de-volta-ao-campionato-de-espana-de-clubs\/","name":"DE VOLTA AO CAMPIONATO DE ESPA\u00d1A DE CLUBS | Club Ourense Atletismo","description":"Este fin de semana cel\u00e9brase o Campionato de Espa\u00f1a de Clubs de Segunda Divisi\u00f3n, onde as nosas rapazas participar\u00e1n no encontro A polo ascenso en Burgos o domingo 4, mentres que os rapaces disputar\u00e1n o encontro B3 en M\u00f3stoles. O equipo feminino vai loitar polo ascenso \u00e1 Primeira Divisi\u00f3n (categor\u00eda de prata do atletismo espa\u00f1ol)","inLanguage":"es-ES","isPartOf":{"@id":"https:\/\/clubourenseatletismo.es\/blog\/#website"},"breadcrumb":{"@id":"https:\/\/clubourenseatletismo.es\/blog\/2023\/06\/01\/de-volta-ao-campionato-de-espana-de-clubs\/#breadcrumblist"},"author":{"@id":"https:\/\/clubourenseatletismo.es\/blog\/author\/clubourense\/#author"},"creator":{"@id":"https:\/\/clubourenseatletismo.es\/blog\/author\/clubourense\/#author"},"image":{"@type":"ImageObject","url":"https:\/\/clubourenseatletismo.es\/blog\/wp-content\/uploads\/2023\/06\/2-feminino-2023.jpg","@id":"https:\/\/clubourenseatletismo.es\/blog\/2023\/06\/01\/de-volta-ao-campionato-de-espana-de-clubs\/#mainImage","width":990,"height":1024},"primaryImageOfPage":{"@id":"https:\/\/clubourenseatletismo.es\/blog\/2023\/06\/01\/de-volta-ao-campionato-de-espana-de-clubs\/#mainImage"},"datePublished":"2023-06-01T09:31:45+02:00","dateModified":"2023-06-01T09:31:45+02:00"},{"@type":"WebSite","@id":"https:\/\/clubourenseatletismo.es\/blog\/#website","url":"https:\/\/clubourenseatletismo.es\/blog\/","name":"Club Ourense Atletismo","description":"Escuela Ourense Atletismo","inLanguage":"es-ES","publisher":{"@id":"https:\/\/clubourenseatletismo.es\/blog\/#organization"}}]},"og:locale":"es_ES","og:site_name":"Club Ourense Atletismo | Escuela Ourense Atletismo","og:type":"article","og:title":"DE VOLTA AO CAMPIONATO DE ESPA\u00d1A DE CLUBS | Club Ourense Atletismo","og:description":"Este fin de semana cel\u00e9brase o Campionato de Espa\u00f1a de Clubs de Segunda Divisi\u00f3n, onde as nosas rapazas participar\u00e1n no encontro A polo ascenso en Burgos o domingo 4, mentres que os rapaces disputar\u00e1n o encontro B3 en M\u00f3stoles. O equipo feminino vai loitar polo ascenso \u00e1 Primeira Divisi\u00f3n (categor\u00eda de prata do atletismo espa\u00f1ol)","og:url":"https:\/\/clubourenseatletismo.es\/blog\/2023\/06\/01\/de-volta-ao-campionato-de-espana-de-clubs\/","article:published_time":"2023-06-01T07:31:45+00:00","article:modified_time":"2023-06-01T07:31:45+00:00","article:publisher":"https:\/\/www.facebook.com\/profile.php?id=100063516489280","twitter:card":"summary","twitter:title":"DE VOLTA AO CAMPIONATO DE ESPA\u00d1A DE CLUBS | Club Ourense Atletismo","twitter:description":"Este fin de semana cel\u00e9brase o Campionato de Espa\u00f1a de Clubs de Segunda Divisi\u00f3n, onde as nosas rapazas participar\u00e1n no encontro A polo ascenso en Burgos o domingo 4, mentres que os rapaces disputar\u00e1n o encontro B3 en M\u00f3stoles. O equipo feminino vai loitar polo ascenso \u00e1 Primeira Divisi\u00f3n (categor\u00eda de prata do atletismo espa\u00f1ol)"},"aioseo_meta_data":{"post_id":"16905","title":null,"description":null,"keywords":[],"keyphrases":{"focus":{"keyphrase":"CAMPIONATO DE ESPA\u00d1A DE CLUBS","score":80,"analysis":{"keyphraseInTitle":{"score":9,"maxScore":9,"error":0},"keyphraseInDescription":{"score":9,"maxScore":9,"error":0},"keyphraseLength":{"score":6,"maxScore":9,"error":1,"length":5},"keyphraseInURL":[],"keyphraseInIntroduction":{"score":9,"maxScore":9,"error":0},"keyphraseInSubHeadings":[],"keyphraseInImageAlt":{"score":3,"maxScore":9,"error":1}}},"additional":[]},"primary_term":null,"canonical_url":null,"og_title":null,"og_description":null,"og_object_type":"default","og_image_type":"default","og_image_url":null,"og_image_width":null,"og_image_height":null,"og_image_custom_url":null,"og_image_custom_fields":null,"og_video":"","og_custom_url":null,"og_article_section":null,"og_article_tags":[],"twitter_use_og":false,"twitter_card":"default","twitter_image_type":"default","twitter_image_url":null,"twitter_image_custom_url":null,"twitter_image_custom_fields":null,"twitter_title":null,"twitter_description":null,"schema":{"blockGraphs":[],"customGraphs":[],"default":{"data":{"Article":[],"Course":[],"Dataset":[],"FAQPage":[],"Movie":[],"Person":[],"Product":[],"ProductReview":[],"Car":[],"Recipe":[],"Service":[],"SoftwareApplication":[],"WebPage":[]},"graphName":"Article","isEnabled":true},"graphs":[]},"schema_type":"default","schema_type_options":null,"pillar_content":false,"robots_default":true,"robots_noindex":false,"robots_noarchive":false,"robots_nosnippet":false,"robots_nofollow":false,"robots_noimageindex":false,"robots_noodp":false,"robots_notranslate":false,"robots_max_snippet":"-1","robots_max_videopreview":"-1","robots_max_imagepreview":"large","priority":null,"frequency":"default","location":null,"local_seo":null,"breadcrumb_settings":null,"limit_modified_date":false,"ai":null,"created":"2023-06-01 06:46:29","updated":"2023-06-01 07:31:46","seo_analyzer_scan_date":null,"focus_keyword":"CAMPIONATO DE ESPA\u00d1A DE CLUBS","additional_keywords":null,"truseo_locale":null},"aioseo_breadcrumb":"<div class=\"aioseo-breadcrumbs\"><span class=\"aioseo-breadcrumb\">\n\t\t\t<a href=\"https:\/\/clubourenseatletismo.es\/blog\" title=\"Inicio\">Inicio<\/a>\n\t\t<\/span><span class=\"aioseo-breadcrumb-separator\">&raquo;<\/span><span class=\"aioseo-breadcrumb\">\n\t\t\t<a href=\"https:\/\/clubourenseatletismo.es\/blog\/category\/previa\/\" title=\"Previa\">Previa<\/a>\n\t\t<\/span><span class=\"aioseo-breadcrumb-separator\">&raquo;<\/span><span class=\"aioseo-breadcrumb\">\n\t\t\tDE VOLTA AO CAMPIONATO DE ESPA\u00d1A DE CLUBS\n\t\t<\/span><\/div>","aioseo_breadcrumb_json":[{"label":"Inicio","link":"https:\/\/clubourenseatletismo.es\/blog"},{"label":"Previa","link":"https:\/\/clubourenseatletismo.es\/blog\/category\/previa\/"},{"label":"DE VOLTA AO CAMPIONATO DE ESPA\u00d1A DE CLUBS","link":"https:\/\/clubourenseatletismo.es\/blog\/2023\/06\/01\/de-volta-ao-campionato-de-espana-de-clubs\/"}],"_links":{"self":[{"href":"https:\/\/clubourenseatletismo.es\/blog\/wp-json\/wp\/v2\/posts\/16905","targetHints":{"allow":["GET"]}}],"collection":[{"href":"https:\/\/clubourenseatletismo.es\/blog\/wp-json\/wp\/v2\/posts"}],"about":[{"href":"https:\/\/clubourenseatletismo.es\/blog\/wp-json\/wp\/v2\/types\/post"}],"author":[{"embeddable":true,"href":"https:\/\/clubourenseatletismo.es\/blog\/wp-json\/wp\/v2\/users\/1"}],"replies":[{"embeddable":true,"href":"https:\/\/clubourenseatletismo.es\/blog\/wp-json\/wp\/v2\/comments?post=16905"}],"version-history":[{"count":1,"href":"https:\/\/clubourenseatletismo.es\/blog\/wp-json\/wp\/v2\/posts\/16905\/revisions"}],"predecessor-version":[{"id":16908,"href":"https:\/\/clubourenseatletismo.es\/blog\/wp-json\/wp\/v2\/posts\/16905\/revisions\/16908"}],"wp:featuredmedia":[{"embeddable":true,"href":"https:\/\/clubourenseatletismo.es\/blog\/wp-json\/wp\/v2\/media\/16907"}],"wp:attachment":[{"href":"https:\/\/clubourenseatletismo.es\/blog\/wp-json\/wp\/v2\/media?parent=16905"}],"wp:term":[{"taxonomy":"category","embeddable":true,"href":"https:\/\/clubourenseatletismo.es\/blog\/wp-json\/wp\/v2\/categories?post=16905"},{"taxonomy":"post_tag","embeddable":true,"href":"https:\/\/clubourenseatletismo.es\/blog\/wp-json\/wp\/v2\/tags?post=16905"}],"curies":[{"name":"wp","href":"https:\/\/api.w.org\/{rel}","templated":true}]}}