{"id":16818,"date":"2023-03-28T23:23:52","date_gmt":"2023-03-28T21:23:52","guid":{"rendered":"https:\/\/clubourenseatletismo.es\/blog\/?p=16818"},"modified":"2023-03-28T23:23:52","modified_gmt":"2023-03-28T21:23:52","slug":"carmen-escariz-ao-europeo-de-seleccions","status":"publish","type":"post","link":"https:\/\/clubourenseatletismo.es\/blog\/2023\/03\/28\/carmen-escariz-ao-europeo-de-seleccions\/","title":{"rendered":"CARMEN ESCARIZ AO EUROPEO DE SELECCI\u00d3NS"},"content":{"rendered":"<p>Como xa adiantabamos na cr\u00f3nica do seu s\u00e9ptimo posto no <a href=\"https:\/\/clubourenseatletismo.es\/blog\/2023\/03\/27\/increible-campeonato-de-espana-de-marcha-20-km\/\" target=\"_blank\" rel=\"noopener\">Campionato de Espa\u00f1a de Marcha en ruta 20KM<\/a>, <strong>Carmen Escariz, <\/strong>ao conseguir a m\u00ednima europea, foi seleccionada oficialmente para acudir ao\u00a0<strong>Campionato de Europa de Marcha por Equipos<\/strong> que se celebrar\u00e1 o domingo 21 de maio na cidade checa de Podebrady.<\/p>\n<p>A atleta do Club Ourense Atletismo acompa\u00f1ar\u00e1 \u00e1 tam\u00e9n galega Ant\u00eda Chamosa, a Mar Ju\u00e1rez e a Luc\u00eda Redondo nun conxunto con serias aspiraci\u00f3ns ao podio.<\/p>\n<p>Podes obter m\u00e1is informaci\u00f3n sobre o campionato na seguinte ligaz\u00f3n:<\/p>\n<p><a href=\"https:\/\/www.erwtchpodebrady.com\/index.php?page=home-en\" target=\"_blank\" rel=\"noopener\">WEB OFICIAL PODEBRADY 2023<\/a><\/p>\n<p><a href=\"https:\/\/clubourenseatletismo.es\/blog\/wp-content\/uploads\/2023\/03\/Carmen-Escariz-20km-marcha-espana.jpg\"><img loading=\"lazy\" decoding=\"async\" class=\"size-full wp-image-16816 aligncenter\" src=\"https:\/\/clubourenseatletismo.es\/blog\/wp-content\/uploads\/2023\/03\/Carmen-Escariz-20km-marcha-espana.jpg\" alt=\"\" width=\"374\" height=\"526\" srcset=\"https:\/\/clubourenseatletismo.es\/blog\/wp-content\/uploads\/2023\/03\/Carmen-Escariz-20km-marcha-espana.jpg 374w, https:\/\/clubourenseatletismo.es\/blog\/wp-content\/uploads\/2023\/03\/Carmen-Escariz-20km-marcha-espana-213x300.jpg 213w\" sizes=\"auto, (max-width: 374px) 100vw, 374px\" \/><\/a><\/p>\n","protected":false},"excerpt":{"rendered":"<p>Como xa adiantabamos na cr\u00f3nica do seu s\u00e9ptimo posto no Campionato de Espa\u00f1a de Marcha en ruta 20KM, Carmen Escariz, ao conseguir a m\u00ednima europea, foi seleccionada oficialmente para acudir ao\u00a0Campionato de Europa de Marcha por Equipos que se celebrar\u00e1 o domingo 21 de maio&#8230;<\/p>\n","protected":false},"author":1,"featured_media":16755,"comment_status":"closed","ping_status":"closed","sticky":false,"template":"","format":"standard","meta":{"footnotes":""},"categories":[1],"tags":[],"class_list":["post-16818","post","type-post","status-publish","format-standard","has-post-thumbnail","hentry","category-sin-categoria"],"aioseo_notices":[],"_links":{"self":[{"href":"https:\/\/clubourenseatletismo.es\/blog\/wp-json\/wp\/v2\/posts\/16818","targetHints":{"allow":["GET"]}}],"collection":[{"href":"https:\/\/clubourenseatletismo.es\/blog\/wp-json\/wp\/v2\/posts"}],"about":[{"href":"https:\/\/clubourenseatletismo.es\/blog\/wp-json\/wp\/v2\/types\/post"}],"author":[{"embeddable":true,"href":"https:\/\/clubourenseatletismo.es\/blog\/wp-json\/wp\/v2\/users\/1"}],"replies":[{"embeddable":true,"href":"https:\/\/clubourenseatletismo.es\/blog\/wp-json\/wp\/v2\/comments?post=16818"}],"version-history":[{"count":2,"href":"https:\/\/clubourenseatletismo.es\/blog\/wp-json\/wp\/v2\/posts\/16818\/revisions"}],"predecessor-version":[{"id":16820,"href":"https:\/\/clubourenseatletismo.es\/blog\/wp-json\/wp\/v2\/posts\/16818\/revisions\/16820"}],"wp:featuredmedia":[{"embeddable":true,"href":"https:\/\/clubourenseatletismo.es\/blog\/wp-json\/wp\/v2\/media\/16755"}],"wp:attachment":[{"href":"https:\/\/clubourenseatletismo.es\/blog\/wp-json\/wp\/v2\/media?parent=16818"}],"wp:term":[{"taxonomy":"category","embeddable":true,"href":"https:\/\/clubourenseatletismo.es\/blog\/wp-json\/wp\/v2\/categories?post=16818"},{"taxonomy":"post_tag","embeddable":true,"href":"https:\/\/clubourenseatletismo.es\/blog\/wp-json\/wp\/v2\/tags?post=16818"}],"curies":[{"name":"wp","href":"https:\/\/api.w.org\/{rel}","templated":true}]}}