{"id":16504,"date":"2022-06-23T13:54:15","date_gmt":"2022-06-23T11:54:15","guid":{"rendered":"https:\/\/clubourenseatletismo.es\/blog\/?p=16504"},"modified":"2022-06-23T13:54:15","modified_gmt":"2022-06-23T11:54:15","slug":"blanca-antia-y-carmen-al-absoluto","status":"publish","type":"post","link":"https:\/\/clubourenseatletismo.es\/blog\/2022\/06\/23\/blanca-antia-y-carmen-al-absoluto\/","title":{"rendered":"BLANCA, ANT\u00cdA Y CARMEN, AL ABSOLUTO"},"content":{"rendered":"<p><strong>Blanca Pereira Rub\u00edn<\/strong> en lanzamiento de Martillo 4kg, <strong>Ant\u00eda Castro P\u00e9rez<\/strong> en 1500 metros y <strong>Carmen Escariz Mella<\/strong> en 10000 metros marcha, representar\u00e1n al Club Ourense Atletismo en el Campeonato de Espa\u00f1a absoluto que se celebrar\u00e1 este fin de semana en Nerja.<\/p>\n<p>Durante los d\u00edas Viernes 24, S\u00e1bado 25 y Domingo 26 los mejores atletas del territorio nacional nos ofrecer\u00e1n el mayor espect\u00e1culo atl\u00e9tico anual de Espa\u00f1a.<\/p>\n<p>En ese gran evento tendremos a ellas tres, y podr\u00edan haber sido m\u00e1s, que se quedaron a muy poco de obtener el privilegio de clasificarse, como <strong>Raquel Cosme Barja<\/strong> en salto con p\u00e9rtiga, entre otras.<\/p>\n<p>El lanzamiento de martillo se disputa el viernes a las 11:00h, las semifinales del 1500m el s\u00e1bado a las 18:45 y la final el domingo a las 19:45, y la marcha el viernes a las 10:00h.<\/p>\n<p>El evento ser\u00e1 retransmitido por <a href=\"https:\/\/www.rtve.es\/play\/deportes\/\" target=\"_blank\" rel=\"noopener\">Teledeporte<\/a> y tambi\u00e9n por la web de la <a href=\"https:\/\/rfea.es\/#\" target=\"_blank\" rel=\"noopener\">RFEA<\/a> que tambi\u00e9n ofrecer\u00e1 los resultados en directo.<\/p>\n<p><a href=\"https:\/\/clubourenseatletismo.es\/blog\/wp-content\/uploads\/2022\/06\/Blanca-Pereira-martelo-Xixon.jpg\"><img loading=\"lazy\" decoding=\"async\" class=\"size-full wp-image-16484 aligncenter\" src=\"https:\/\/clubourenseatletismo.es\/blog\/wp-content\/uploads\/2022\/06\/Blanca-Pereira-martelo-Xixon.jpg\" alt=\"\" width=\"625\" height=\"690\" srcset=\"https:\/\/clubourenseatletismo.es\/blog\/wp-content\/uploads\/2022\/06\/Blanca-Pereira-martelo-Xixon.jpg 625w, https:\/\/clubourenseatletismo.es\/blog\/wp-content\/uploads\/2022\/06\/Blanca-Pereira-martelo-Xixon-272x300.jpg 272w\" sizes=\"auto, (max-width: 625px) 100vw, 625px\" \/><\/a><\/p>\n","protected":false},"excerpt":{"rendered":"<p>Blanca Pereira Rub\u00edn en lanzamiento de Martillo 4kg, Ant\u00eda Castro P\u00e9rez en 1500 metros y Carmen Escariz Mella en 10000 metros marcha, representar\u00e1n al Club Ourense Atletismo en el Campeonato de Espa\u00f1a absoluto que se celebrar\u00e1 este fin de semana en Nerja. Durante los d\u00edas&#8230;<\/p>\n","protected":false},"author":1,"featured_media":16348,"comment_status":"closed","ping_status":"closed","sticky":false,"template":"","format":"standard","meta":{"footnotes":""},"categories":[11,8],"tags":[],"class_list":["post-16504","post","type-post","status-publish","format-standard","has-post-thumbnail","hentry","category-cpto-nacional","category-previa"],"aioseo_notices":[],"aioseo_head":"\n\t\t<!-- All in One SEO 5.0.1.1 - aioseo.com -->\n\t<meta name=\"description\" content=\"Blanca Pereira Rub\u00edn en lanzamiento de Martillo 4kg, Ant\u00eda Castro P\u00e9rez en 1500 metros y Carmen Escariz Mella en 10000 metros marcha, representar\u00e1n al Club Ourense Atletismo en el Campeonato de Espa\u00f1a absoluto que se celebrar\u00e1 este fin de semana en Nerja. Durante los d\u00edas Viernes 24, S\u00e1bado 25 y Domingo 26 los mejores atletas\" \/>\n\t<meta name=\"robots\" content=\"max-image-preview:large\" \/>\n\t<meta name=\"author\" content=\"clubourense\"\/>\n\t<link rel=\"canonical\" href=\"https:\/\/clubourenseatletismo.es\/blog\/2022\/06\/23\/blanca-antia-y-carmen-al-absoluto\/\" \/>\n\t<meta name=\"generator\" content=\"All in One SEO (AIOSEO) 5.0.1.1\" \/>\n\t\t<meta property=\"og:locale\" content=\"es_ES\" \/>\n\t\t<meta property=\"og:site_name\" content=\"Club Ourense Atletismo | Escuela Ourense Atletismo\" \/>\n\t\t<meta property=\"og:type\" content=\"article\" \/>\n\t\t<meta property=\"og:title\" content=\"BLANCA, ANT\u00cdA Y CARMEN, AL ABSOLUTO | Club Ourense Atletismo\" \/>\n\t\t<meta property=\"og:description\" content=\"Blanca Pereira Rub\u00edn en lanzamiento de Martillo 4kg, Ant\u00eda Castro P\u00e9rez en 1500 metros y Carmen Escariz Mella en 10000 metros marcha, representar\u00e1n al Club Ourense Atletismo en el Campeonato de Espa\u00f1a absoluto que se celebrar\u00e1 este fin de semana en Nerja. Durante los d\u00edas Viernes 24, S\u00e1bado 25 y Domingo 26 los mejores atletas\" \/>\n\t\t<meta property=\"og:url\" content=\"https:\/\/clubourenseatletismo.es\/blog\/2022\/06\/23\/blanca-antia-y-carmen-al-absoluto\/\" \/>\n\t\t<meta property=\"article:published_time\" content=\"2022-06-23T11:54:15+00:00\" \/>\n\t\t<meta property=\"article:modified_time\" content=\"2022-06-23T11:54:15+00:00\" \/>\n\t\t<meta property=\"article:publisher\" content=\"https:\/\/www.facebook.com\/profile.php?id=100063516489280\" \/>\n\t\t<meta name=\"twitter:card\" content=\"summary\" \/>\n\t\t<meta name=\"twitter:title\" content=\"BLANCA, ANT\u00cdA Y CARMEN, AL ABSOLUTO | Club Ourense Atletismo\" \/>\n\t\t<meta name=\"twitter:description\" content=\"Blanca Pereira Rub\u00edn en lanzamiento de Martillo 4kg, Ant\u00eda Castro P\u00e9rez en 1500 metros y Carmen Escariz Mella en 10000 metros marcha, representar\u00e1n al Club Ourense Atletismo en el Campeonato de Espa\u00f1a absoluto que se celebrar\u00e1 este fin de semana en Nerja. Durante los d\u00edas Viernes 24, S\u00e1bado 25 y Domingo 26 los mejores atletas\" \/>\n\t\t<script type=\"application\/ld+json\" class=\"aioseo-schema\">\n\t\t\t{\"@context\":\"https:\\\/\\\/schema.org\",\"@graph\":[{\"@type\":\"Article\",\"@id\":\"https:\\\/\\\/clubourenseatletismo.es\\\/blog\\\/2022\\\/06\\\/23\\\/blanca-antia-y-carmen-al-absoluto\\\/#article\",\"name\":\"BLANCA, ANT\\u00cdA Y CARMEN, AL ABSOLUTO | Club Ourense Atletismo\",\"headline\":\"BLANCA, ANT\\u00cdA Y CARMEN, AL ABSOLUTO\",\"author\":{\"@id\":\"https:\\\/\\\/clubourenseatletismo.es\\\/blog\\\/author\\\/clubourense\\\/#author\"},\"publisher\":{\"@id\":\"https:\\\/\\\/clubourenseatletismo.es\\\/blog\\\/#organization\"},\"image\":{\"@type\":\"ImageObject\",\"url\":\"https:\\\/\\\/clubourenseatletismo.es\\\/blog\\\/wp-content\\\/uploads\\\/2022\\\/03\\\/Antia-Castro-plata-Espana-sub20-pc.jpg\",\"width\":768,\"height\":1024},\"datePublished\":\"2022-06-23T13:54:15+02:00\",\"dateModified\":\"2022-06-23T13:54:15+02:00\",\"inLanguage\":\"es-ES\",\"mainEntityOfPage\":{\"@id\":\"https:\\\/\\\/clubourenseatletismo.es\\\/blog\\\/2022\\\/06\\\/23\\\/blanca-antia-y-carmen-al-absoluto\\\/#webpage\"},\"isPartOf\":{\"@id\":\"https:\\\/\\\/clubourenseatletismo.es\\\/blog\\\/2022\\\/06\\\/23\\\/blanca-antia-y-carmen-al-absoluto\\\/#webpage\"},\"articleSection\":\"Cpto. Nacional, Previa\"},{\"@type\":\"BreadcrumbList\",\"@id\":\"https:\\\/\\\/clubourenseatletismo.es\\\/blog\\\/2022\\\/06\\\/23\\\/blanca-antia-y-carmen-al-absoluto\\\/#breadcrumblist\",\"itemListElement\":[{\"@type\":\"ListItem\",\"@id\":\"https:\\\/\\\/clubourenseatletismo.es\\\/blog#listItem\",\"position\":1,\"name\":\"Inicio\",\"item\":\"https:\\\/\\\/clubourenseatletismo.es\\\/blog\",\"nextItem\":{\"@type\":\"ListItem\",\"@id\":\"https:\\\/\\\/clubourenseatletismo.es\\\/blog\\\/category\\\/previa\\\/#listItem\",\"name\":\"Previa\"}},{\"@type\":\"ListItem\",\"@id\":\"https:\\\/\\\/clubourenseatletismo.es\\\/blog\\\/category\\\/previa\\\/#listItem\",\"position\":2,\"name\":\"Previa\",\"item\":\"https:\\\/\\\/clubourenseatletismo.es\\\/blog\\\/category\\\/previa\\\/\",\"nextItem\":{\"@type\":\"ListItem\",\"@id\":\"https:\\\/\\\/clubourenseatletismo.es\\\/blog\\\/2022\\\/06\\\/23\\\/blanca-antia-y-carmen-al-absoluto\\\/#listItem\",\"name\":\"BLANCA, ANT\\u00cdA Y CARMEN, AL ABSOLUTO\"},\"previousItem\":{\"@type\":\"ListItem\",\"@id\":\"https:\\\/\\\/clubourenseatletismo.es\\\/blog#listItem\",\"name\":\"Inicio\"}},{\"@type\":\"ListItem\",\"@id\":\"https:\\\/\\\/clubourenseatletismo.es\\\/blog\\\/2022\\\/06\\\/23\\\/blanca-antia-y-carmen-al-absoluto\\\/#listItem\",\"position\":3,\"name\":\"BLANCA, ANT\\u00cdA Y CARMEN, AL ABSOLUTO\",\"previousItem\":{\"@type\":\"ListItem\",\"@id\":\"https:\\\/\\\/clubourenseatletismo.es\\\/blog\\\/category\\\/previa\\\/#listItem\",\"name\":\"Previa\"}}]},{\"@type\":\"Organization\",\"@id\":\"https:\\\/\\\/clubourenseatletismo.es\\\/blog\\\/#organization\",\"name\":\"Club Ourense Atletismo\",\"description\":\"Escuela Ourense Atletismo\",\"url\":\"https:\\\/\\\/clubourenseatletismo.es\\\/blog\\\/\",\"telephone\":\"+34637157458\",\"logo\":{\"@type\":\"ImageObject\",\"url\":\"https:\\\/\\\/clubourenseatletismo.es\\\/blog\\\/wp-content\\\/uploads\\\/2019\\\/09\\\/cropped-LOGO-1.jpeg\",\"@id\":\"https:\\\/\\\/clubourenseatletismo.es\\\/blog\\\/2022\\\/06\\\/23\\\/blanca-antia-y-carmen-al-absoluto\\\/#organizationLogo\",\"width\":512,\"height\":512},\"image\":{\"@id\":\"https:\\\/\\\/clubourenseatletismo.es\\\/blog\\\/2022\\\/06\\\/23\\\/blanca-antia-y-carmen-al-absoluto\\\/#organizationLogo\"},\"sameAs\":[\"https:\\\/\\\/www.facebook.com\\\/profile.php?id=100063516489280\",\"https:\\\/\\\/www.instagram.com\\\/clubourenseatletismo\\\/\"]},{\"@type\":\"Person\",\"@id\":\"https:\\\/\\\/clubourenseatletismo.es\\\/blog\\\/author\\\/clubourense\\\/#author\",\"url\":\"https:\\\/\\\/clubourenseatletismo.es\\\/blog\\\/author\\\/clubourense\\\/\",\"name\":\"clubourense\",\"image\":{\"@type\":\"ImageObject\",\"@id\":\"https:\\\/\\\/clubourenseatletismo.es\\\/blog\\\/2022\\\/06\\\/23\\\/blanca-antia-y-carmen-al-absoluto\\\/#authorImage\",\"url\":\"https:\\\/\\\/secure.gravatar.com\\\/avatar\\\/054ff0256550e5d1d577fa683a74658acb2f33f773051c5f2e6e8de910594748?s=96&d=mm&r=g\",\"width\":96,\"height\":96,\"caption\":\"clubourense\"}},{\"@type\":\"WebPage\",\"@id\":\"https:\\\/\\\/clubourenseatletismo.es\\\/blog\\\/2022\\\/06\\\/23\\\/blanca-antia-y-carmen-al-absoluto\\\/#webpage\",\"url\":\"https:\\\/\\\/clubourenseatletismo.es\\\/blog\\\/2022\\\/06\\\/23\\\/blanca-antia-y-carmen-al-absoluto\\\/\",\"name\":\"BLANCA, ANT\\u00cdA Y CARMEN, AL ABSOLUTO | Club Ourense Atletismo\",\"description\":\"Blanca Pereira Rub\\u00edn en lanzamiento de Martillo 4kg, Ant\\u00eda Castro P\\u00e9rez en 1500 metros y Carmen Escariz Mella en 10000 metros marcha, representar\\u00e1n al Club Ourense Atletismo en el Campeonato de Espa\\u00f1a absoluto que se celebrar\\u00e1 este fin de semana en Nerja. Durante los d\\u00edas Viernes 24, S\\u00e1bado 25 y Domingo 26 los mejores atletas\",\"inLanguage\":\"es-ES\",\"isPartOf\":{\"@id\":\"https:\\\/\\\/clubourenseatletismo.es\\\/blog\\\/#website\"},\"breadcrumb\":{\"@id\":\"https:\\\/\\\/clubourenseatletismo.es\\\/blog\\\/2022\\\/06\\\/23\\\/blanca-antia-y-carmen-al-absoluto\\\/#breadcrumblist\"},\"author\":{\"@id\":\"https:\\\/\\\/clubourenseatletismo.es\\\/blog\\\/author\\\/clubourense\\\/#author\"},\"creator\":{\"@id\":\"https:\\\/\\\/clubourenseatletismo.es\\\/blog\\\/author\\\/clubourense\\\/#author\"},\"image\":{\"@type\":\"ImageObject\",\"url\":\"https:\\\/\\\/clubourenseatletismo.es\\\/blog\\\/wp-content\\\/uploads\\\/2022\\\/03\\\/Antia-Castro-plata-Espana-sub20-pc.jpg\",\"@id\":\"https:\\\/\\\/clubourenseatletismo.es\\\/blog\\\/2022\\\/06\\\/23\\\/blanca-antia-y-carmen-al-absoluto\\\/#mainImage\",\"width\":768,\"height\":1024},\"primaryImageOfPage\":{\"@id\":\"https:\\\/\\\/clubourenseatletismo.es\\\/blog\\\/2022\\\/06\\\/23\\\/blanca-antia-y-carmen-al-absoluto\\\/#mainImage\"},\"datePublished\":\"2022-06-23T13:54:15+02:00\",\"dateModified\":\"2022-06-23T13:54:15+02:00\"},{\"@type\":\"WebSite\",\"@id\":\"https:\\\/\\\/clubourenseatletismo.es\\\/blog\\\/#website\",\"url\":\"https:\\\/\\\/clubourenseatletismo.es\\\/blog\\\/\",\"name\":\"Club Ourense Atletismo\",\"description\":\"Escuela Ourense Atletismo\",\"inLanguage\":\"es-ES\",\"publisher\":{\"@id\":\"https:\\\/\\\/clubourenseatletismo.es\\\/blog\\\/#organization\"}}]}\n\t\t<\/script>\n\t\t<!-- All in One SEO -->\n\n","aioseo_head_json":{"title":"BLANCA, ANT\u00cdA Y CARMEN, AL ABSOLUTO | Club Ourense Atletismo","description":"Blanca Pereira Rub\u00edn en lanzamiento de Martillo 4kg, Ant\u00eda Castro P\u00e9rez en 1500 metros y Carmen Escariz Mella en 10000 metros marcha, representar\u00e1n al Club Ourense Atletismo en el Campeonato de Espa\u00f1a absoluto que se celebrar\u00e1 este fin de semana en Nerja. Durante los d\u00edas Viernes 24, S\u00e1bado 25 y Domingo 26 los mejores atletas","canonical_url":"https:\/\/clubourenseatletismo.es\/blog\/2022\/06\/23\/blanca-antia-y-carmen-al-absoluto\/","robots":"max-image-preview:large","keywords":"","webmasterTools":{"miscellaneous":""},"schema":{"@context":"https:\/\/schema.org","@graph":[{"@type":"Article","@id":"https:\/\/clubourenseatletismo.es\/blog\/2022\/06\/23\/blanca-antia-y-carmen-al-absoluto\/#article","name":"BLANCA, ANT\u00cdA Y CARMEN, AL ABSOLUTO | Club Ourense Atletismo","headline":"BLANCA, ANT\u00cdA Y CARMEN, AL ABSOLUTO","author":{"@id":"https:\/\/clubourenseatletismo.es\/blog\/author\/clubourense\/#author"},"publisher":{"@id":"https:\/\/clubourenseatletismo.es\/blog\/#organization"},"image":{"@type":"ImageObject","url":"https:\/\/clubourenseatletismo.es\/blog\/wp-content\/uploads\/2022\/03\/Antia-Castro-plata-Espana-sub20-pc.jpg","width":768,"height":1024},"datePublished":"2022-06-23T13:54:15+02:00","dateModified":"2022-06-23T13:54:15+02:00","inLanguage":"es-ES","mainEntityOfPage":{"@id":"https:\/\/clubourenseatletismo.es\/blog\/2022\/06\/23\/blanca-antia-y-carmen-al-absoluto\/#webpage"},"isPartOf":{"@id":"https:\/\/clubourenseatletismo.es\/blog\/2022\/06\/23\/blanca-antia-y-carmen-al-absoluto\/#webpage"},"articleSection":"Cpto. Nacional, Previa"},{"@type":"BreadcrumbList","@id":"https:\/\/clubourenseatletismo.es\/blog\/2022\/06\/23\/blanca-antia-y-carmen-al-absoluto\/#breadcrumblist","itemListElement":[{"@type":"ListItem","@id":"https:\/\/clubourenseatletismo.es\/blog#listItem","position":1,"name":"Inicio","item":"https:\/\/clubourenseatletismo.es\/blog","nextItem":{"@type":"ListItem","@id":"https:\/\/clubourenseatletismo.es\/blog\/category\/previa\/#listItem","name":"Previa"}},{"@type":"ListItem","@id":"https:\/\/clubourenseatletismo.es\/blog\/category\/previa\/#listItem","position":2,"name":"Previa","item":"https:\/\/clubourenseatletismo.es\/blog\/category\/previa\/","nextItem":{"@type":"ListItem","@id":"https:\/\/clubourenseatletismo.es\/blog\/2022\/06\/23\/blanca-antia-y-carmen-al-absoluto\/#listItem","name":"BLANCA, ANT\u00cdA Y CARMEN, AL ABSOLUTO"},"previousItem":{"@type":"ListItem","@id":"https:\/\/clubourenseatletismo.es\/blog#listItem","name":"Inicio"}},{"@type":"ListItem","@id":"https:\/\/clubourenseatletismo.es\/blog\/2022\/06\/23\/blanca-antia-y-carmen-al-absoluto\/#listItem","position":3,"name":"BLANCA, ANT\u00cdA Y CARMEN, AL ABSOLUTO","previousItem":{"@type":"ListItem","@id":"https:\/\/clubourenseatletismo.es\/blog\/category\/previa\/#listItem","name":"Previa"}}]},{"@type":"Organization","@id":"https:\/\/clubourenseatletismo.es\/blog\/#organization","name":"Club Ourense Atletismo","description":"Escuela Ourense Atletismo","url":"https:\/\/clubourenseatletismo.es\/blog\/","telephone":"+34637157458","logo":{"@type":"ImageObject","url":"https:\/\/clubourenseatletismo.es\/blog\/wp-content\/uploads\/2019\/09\/cropped-LOGO-1.jpeg","@id":"https:\/\/clubourenseatletismo.es\/blog\/2022\/06\/23\/blanca-antia-y-carmen-al-absoluto\/#organizationLogo","width":512,"height":512},"image":{"@id":"https:\/\/clubourenseatletismo.es\/blog\/2022\/06\/23\/blanca-antia-y-carmen-al-absoluto\/#organizationLogo"},"sameAs":["https:\/\/www.facebook.com\/profile.php?id=100063516489280","https:\/\/www.instagram.com\/clubourenseatletismo\/"]},{"@type":"Person","@id":"https:\/\/clubourenseatletismo.es\/blog\/author\/clubourense\/#author","url":"https:\/\/clubourenseatletismo.es\/blog\/author\/clubourense\/","name":"clubourense","image":{"@type":"ImageObject","@id":"https:\/\/clubourenseatletismo.es\/blog\/2022\/06\/23\/blanca-antia-y-carmen-al-absoluto\/#authorImage","url":"https:\/\/secure.gravatar.com\/avatar\/054ff0256550e5d1d577fa683a74658acb2f33f773051c5f2e6e8de910594748?s=96&d=mm&r=g","width":96,"height":96,"caption":"clubourense"}},{"@type":"WebPage","@id":"https:\/\/clubourenseatletismo.es\/blog\/2022\/06\/23\/blanca-antia-y-carmen-al-absoluto\/#webpage","url":"https:\/\/clubourenseatletismo.es\/blog\/2022\/06\/23\/blanca-antia-y-carmen-al-absoluto\/","name":"BLANCA, ANT\u00cdA Y CARMEN, AL ABSOLUTO | Club Ourense Atletismo","description":"Blanca Pereira Rub\u00edn en lanzamiento de Martillo 4kg, Ant\u00eda Castro P\u00e9rez en 1500 metros y Carmen Escariz Mella en 10000 metros marcha, representar\u00e1n al Club Ourense Atletismo en el Campeonato de Espa\u00f1a absoluto que se celebrar\u00e1 este fin de semana en Nerja. Durante los d\u00edas Viernes 24, S\u00e1bado 25 y Domingo 26 los mejores atletas","inLanguage":"es-ES","isPartOf":{"@id":"https:\/\/clubourenseatletismo.es\/blog\/#website"},"breadcrumb":{"@id":"https:\/\/clubourenseatletismo.es\/blog\/2022\/06\/23\/blanca-antia-y-carmen-al-absoluto\/#breadcrumblist"},"author":{"@id":"https:\/\/clubourenseatletismo.es\/blog\/author\/clubourense\/#author"},"creator":{"@id":"https:\/\/clubourenseatletismo.es\/blog\/author\/clubourense\/#author"},"image":{"@type":"ImageObject","url":"https:\/\/clubourenseatletismo.es\/blog\/wp-content\/uploads\/2022\/03\/Antia-Castro-plata-Espana-sub20-pc.jpg","@id":"https:\/\/clubourenseatletismo.es\/blog\/2022\/06\/23\/blanca-antia-y-carmen-al-absoluto\/#mainImage","width":768,"height":1024},"primaryImageOfPage":{"@id":"https:\/\/clubourenseatletismo.es\/blog\/2022\/06\/23\/blanca-antia-y-carmen-al-absoluto\/#mainImage"},"datePublished":"2022-06-23T13:54:15+02:00","dateModified":"2022-06-23T13:54:15+02:00"},{"@type":"WebSite","@id":"https:\/\/clubourenseatletismo.es\/blog\/#website","url":"https:\/\/clubourenseatletismo.es\/blog\/","name":"Club Ourense Atletismo","description":"Escuela Ourense Atletismo","inLanguage":"es-ES","publisher":{"@id":"https:\/\/clubourenseatletismo.es\/blog\/#organization"}}]},"og:locale":"es_ES","og:site_name":"Club Ourense Atletismo | Escuela Ourense Atletismo","og:type":"article","og:title":"BLANCA, ANT\u00cdA Y CARMEN, AL ABSOLUTO | Club Ourense Atletismo","og:description":"Blanca Pereira Rub\u00edn en lanzamiento de Martillo 4kg, Ant\u00eda Castro P\u00e9rez en 1500 metros y Carmen Escariz Mella en 10000 metros marcha, representar\u00e1n al Club Ourense Atletismo en el Campeonato de Espa\u00f1a absoluto que se celebrar\u00e1 este fin de semana en Nerja. Durante los d\u00edas Viernes 24, S\u00e1bado 25 y Domingo 26 los mejores atletas","og:url":"https:\/\/clubourenseatletismo.es\/blog\/2022\/06\/23\/blanca-antia-y-carmen-al-absoluto\/","article:published_time":"2022-06-23T11:54:15+00:00","article:modified_time":"2022-06-23T11:54:15+00:00","article:publisher":"https:\/\/www.facebook.com\/profile.php?id=100063516489280","twitter:card":"summary","twitter:title":"BLANCA, ANT\u00cdA Y CARMEN, AL ABSOLUTO | Club Ourense Atletismo","twitter:description":"Blanca Pereira Rub\u00edn en lanzamiento de Martillo 4kg, Ant\u00eda Castro P\u00e9rez en 1500 metros y Carmen Escariz Mella en 10000 metros marcha, representar\u00e1n al Club Ourense Atletismo en el Campeonato de Espa\u00f1a absoluto que se celebrar\u00e1 este fin de semana en Nerja. Durante los d\u00edas Viernes 24, S\u00e1bado 25 y Domingo 26 los mejores atletas"},"aioseo_meta_data":{"post_id":"16504","title":null,"description":null,"keywords":[],"keyphrases":{"focus":{"keyphrase":"ABSOLUTO","score":87,"analysis":{"keyphraseInTitle":{"title":"Focus keyphrase in SEO title","description":"Focus keyphrase found in SEO title.","score":9,"maxScore":9,"error":0},"keyphraseInDescription":{"title":"Focus keyphrase in meta description","description":"Focus keyphrase found in meta description.","score":9,"maxScore":9,"error":0},"keyphraseLength":{"title":"Focus keyphrase length","description":"Good job!","score":9,"maxScore":9,"error":0,"length":1},"keyphraseInURL":[],"keyphraseInIntroduction":{"title":"Focus keyphrase in introduction","description":"Your Focus keyphrase appears in the first paragraph. Well done!","score":9,"maxScore":9,"error":0},"keyphraseInSubHeadings":[],"keyphraseInImageAlt":{"title":"Focus keyphrase in image alt attributes","description":"Focus keyphrase not found in image alt attribute(s). Add an image with your Focus keyphrase as alt text.","score":3,"maxScore":9,"error":1}}},"additional":[]},"primary_term":null,"canonical_url":null,"og_title":null,"og_description":null,"og_object_type":"default","og_image_type":"default","og_image_url":null,"og_image_width":null,"og_image_height":null,"og_image_custom_url":null,"og_image_custom_fields":null,"og_video":"","og_custom_url":null,"og_article_section":null,"og_article_tags":[],"twitter_use_og":false,"twitter_card":"default","twitter_image_type":"default","twitter_image_url":null,"twitter_image_custom_url":null,"twitter_image_custom_fields":null,"twitter_title":null,"twitter_description":null,"schema":{"blockGraphs":[],"customGraphs":[],"default":{"data":{"Article":[],"Course":[],"Dataset":[],"FAQPage":[],"Movie":[],"Person":[],"Product":[],"ProductReview":[],"Car":[],"Recipe":[],"Service":[],"SoftwareApplication":[],"WebPage":[]},"graphName":"","isEnabled":true},"graphs":[]},"schema_type":"default","schema_type_options":"{\"article\":{\"articleType\":\"BlogPosting\"},\"course\":{\"name\":\"\",\"description\":\"\",\"provider\":\"\"},\"faq\":{\"pages\":[]},\"product\":{\"reviews\":[]},\"recipe\":{\"ingredients\":[],\"instructions\":[],\"keywords\":[]},\"software\":{\"reviews\":[],\"operatingSystems\":[]},\"webPage\":{\"webPageType\":\"WebPage\"}}","pillar_content":false,"robots_default":true,"robots_noindex":false,"robots_noarchive":false,"robots_nosnippet":false,"robots_nofollow":false,"robots_noimageindex":false,"robots_noodp":false,"robots_notranslate":false,"robots_max_snippet":"-1","robots_max_videopreview":"-1","robots_max_imagepreview":"large","priority":null,"frequency":"default","location":null,"local_seo":null,"breadcrumb_settings":null,"limit_modified_date":false,"ai":null,"created":"2022-06-23 11:44:41","updated":"2022-09-14 18:35:05","seo_analyzer_scan_date":null,"focus_keyword":"ABSOLUTO","additional_keywords":null,"truseo_locale":null},"aioseo_breadcrumb":"<div class=\"aioseo-breadcrumbs\"><span class=\"aioseo-breadcrumb\">\n\t\t\t<a href=\"https:\/\/clubourenseatletismo.es\/blog\" title=\"Inicio\">Inicio<\/a>\n\t\t<\/span><span class=\"aioseo-breadcrumb-separator\">&raquo;<\/span><span class=\"aioseo-breadcrumb\">\n\t\t\t<a href=\"https:\/\/clubourenseatletismo.es\/blog\/category\/previa\/\" title=\"Previa\">Previa<\/a>\n\t\t<\/span><span class=\"aioseo-breadcrumb-separator\">&raquo;<\/span><span class=\"aioseo-breadcrumb\">\n\t\t\tBLANCA, ANT\u00cdA Y CARMEN, AL ABSOLUTO\n\t\t<\/span><\/div>","aioseo_breadcrumb_json":[{"label":"Inicio","link":"https:\/\/clubourenseatletismo.es\/blog"},{"label":"Previa","link":"https:\/\/clubourenseatletismo.es\/blog\/category\/previa\/"},{"label":"BLANCA, ANT\u00cdA Y CARMEN, AL ABSOLUTO","link":"https:\/\/clubourenseatletismo.es\/blog\/2022\/06\/23\/blanca-antia-y-carmen-al-absoluto\/"}],"_links":{"self":[{"href":"https:\/\/clubourenseatletismo.es\/blog\/wp-json\/wp\/v2\/posts\/16504","targetHints":{"allow":["GET"]}}],"collection":[{"href":"https:\/\/clubourenseatletismo.es\/blog\/wp-json\/wp\/v2\/posts"}],"about":[{"href":"https:\/\/clubourenseatletismo.es\/blog\/wp-json\/wp\/v2\/types\/post"}],"author":[{"embeddable":true,"href":"https:\/\/clubourenseatletismo.es\/blog\/wp-json\/wp\/v2\/users\/1"}],"replies":[{"embeddable":true,"href":"https:\/\/clubourenseatletismo.es\/blog\/wp-json\/wp\/v2\/comments?post=16504"}],"version-history":[{"count":2,"href":"https:\/\/clubourenseatletismo.es\/blog\/wp-json\/wp\/v2\/posts\/16504\/revisions"}],"predecessor-version":[{"id":16506,"href":"https:\/\/clubourenseatletismo.es\/blog\/wp-json\/wp\/v2\/posts\/16504\/revisions\/16506"}],"wp:featuredmedia":[{"embeddable":true,"href":"https:\/\/clubourenseatletismo.es\/blog\/wp-json\/wp\/v2\/media\/16348"}],"wp:attachment":[{"href":"https:\/\/clubourenseatletismo.es\/blog\/wp-json\/wp\/v2\/media?parent=16504"}],"wp:term":[{"taxonomy":"category","embeddable":true,"href":"https:\/\/clubourenseatletismo.es\/blog\/wp-json\/wp\/v2\/categories?post=16504"},{"taxonomy":"post_tag","embeddable":true,"href":"https:\/\/clubourenseatletismo.es\/blog\/wp-json\/wp\/v2\/tags?post=16504"}],"curies":[{"name":"wp","href":"https:\/\/api.w.org\/{rel}","templated":true}]}}