{"id":16046,"date":"2021-11-11T20:12:04","date_gmt":"2021-11-11T19:12:04","guid":{"rendered":"https:\/\/clubourenseatletismo.es\/blog\/?p=16046"},"modified":"2021-11-11T20:12:04","modified_gmt":"2021-11-11T19:12:04","slug":"previa-del-fin-de-semana-san-martino-y-atapuerca","status":"publish","type":"post","link":"https:\/\/clubourenseatletismo.es\/blog\/2021\/11\/11\/previa-del-fin-de-semana-san-martino-y-atapuerca\/","title":{"rendered":"PREVIA DEL FIN DE SEMANA: SAN MARTI\u00d1O Y ATAPUERCA"},"content":{"rendered":"<p><span class=\"\" title=\"Editado\"><span class=\"\">Adem\u00e1s de la vuelta de la Carreira Pedestre Popular de San Marti\u00f1o, hay un par de pruebas fuera de Galicia que tendr\u00e1 tambi\u00e9n representaci\u00f3n ourensana, como son el Cross Internacional de Atapuerca y el Campeonato de Espa\u00f1a militar de marat\u00f3n.<br \/>\n<\/span><\/span><\/p>\n<p><span class=\"\" title=\"Editado\">Este Domingo 14 de Noviembre vuelve la <strong>Carreira de San Marti\u00f1o<\/strong> despu\u00e9s del par\u00f3n por COVID, en la que obviamente el <strong>Club Ourense Atletismo<\/strong> tendr\u00e1 una amplia representaci\u00f3n:<\/p>\n<p>En categor\u00eda masculina:<\/p>\n<p>&#x1f534; Alejandro Fern\u00e1ndez Rivera<br \/>\n&#x1f535; Rub\u00e9n Diz D\u00edaz<br \/>\n&#x1f534; Javier Paredes Gonz\u00e1lez<br \/>\n&#x1f535; Ahmed El Mansouri<br \/>\n&#x1f534; Juli\u00e1n Romero \u00c1lvarez<br \/>\n&#x1f535; Saturnino Gonz\u00e1lez Novoa<br \/>\n&#x1f534; Eliseo Fabello Cid<br \/>\n&#x1f535; Alejandro L\u00f3pez Silva<br \/>\n&#x1f534; Jos\u00e9 Luis Rey Fern\u00e1ndez<br \/>\n&#x1f535; Diego Gonzalo P\u00e9rez Salgado<br \/>\n&#x1f534; Germ\u00e1n Quiroga \u00c1lvarez<\/p>\n<p>En categor\u00eda femenina:<\/p>\n<p>&#x2764; Edymar Daniely Brea Abreu<br \/>\n&#x1f499; Bego\u00f1a Dom\u00ednguez Montes<br \/>\n&#x2764; Vicky Losada P\u00e9rez<br \/>\n&#x1f499; Carmen Escariz Mella<br \/>\n&#x2764; Rita V\u00e1zquez Gonz\u00e1lez<br \/>\n&#x1f499; Pepa Castro Rodr\u00edguez<\/p>\n<p><strong>Alejandro Fern\u00e1ndez<\/strong> saldr\u00e1 con el dorsal n\u00famero 1 como claro atleta referente local, mientras que <strong>Edymar Brea<\/strong> lo har\u00e1 con ese n\u00famero, el 3, siempre que su rodilla pendiente de evoluci\u00f3n de una lesi\u00f3n le permita participar.<\/span><\/p>\n<p><span class=\"\">En tierras burgalesas se celebra una nueva edici\u00f3n del Cross Internacional de Atapuerca, prueba de campo a trav\u00e9s entre las mejores del mundo con m\u00e1s de 40 ediciones a su espalda.<\/p>\n<p>Hasta all\u00ed viajar\u00e1n los recientes campeones de Galicia de campo a trav\u00e9s por equipos sub20 <strong>Said Abdoun Bechiki<\/strong>, <strong>Mart\u00edn M\u00edguez Seara<\/strong> y <strong>Mart\u00edn Rivera P\u00e9rez<\/strong>, as\u00ed como la tambi\u00e9n campeona gallega por equipos sub18 <strong>Anxela Seoane Rodr\u00edguez<\/strong>.<\/p>\n<p>Por \u00faltimo, en Tenerife participar\u00e1 <strong>Sonia Teijeiro Ferro<\/strong> en el Campeonato de Espa\u00f1a de marat\u00f3n militar, junto al campeonato de Espa\u00f1a absoluto, aunque corriendo por el equipo de la Guardia Civil.<\/p>\n<p><\/span><\/p>\n<p><a href=\"https:\/\/clubourenseatletismo.es\/blog\/wp-content\/uploads\/2021\/11\/cross-sub20.jpg\"><img loading=\"lazy\" decoding=\"async\" class=\"size-large wp-image-16047 aligncenter\" src=\"https:\/\/clubourenseatletismo.es\/blog\/wp-content\/uploads\/2021\/11\/cross-sub20-1024x768.jpg\" alt=\"\" width=\"1024\" height=\"768\" srcset=\"https:\/\/clubourenseatletismo.es\/blog\/wp-content\/uploads\/2021\/11\/cross-sub20-1024x768.jpg 1024w, https:\/\/clubourenseatletismo.es\/blog\/wp-content\/uploads\/2021\/11\/cross-sub20-300x225.jpg 300w, https:\/\/clubourenseatletismo.es\/blog\/wp-content\/uploads\/2021\/11\/cross-sub20-768x576.jpg 768w, https:\/\/clubourenseatletismo.es\/blog\/wp-content\/uploads\/2021\/11\/cross-sub20-1536x1152.jpg 1536w, https:\/\/clubourenseatletismo.es\/blog\/wp-content\/uploads\/2021\/11\/cross-sub20-800x600.jpg 800w, https:\/\/clubourenseatletismo.es\/blog\/wp-content\/uploads\/2021\/11\/cross-sub20-700x525.jpg 700w, https:\/\/clubourenseatletismo.es\/blog\/wp-content\/uploads\/2021\/11\/cross-sub20.jpg 2000w\" sizes=\"auto, (max-width: 1024px) 100vw, 1024px\" \/><\/a><\/p>\n","protected":false},"excerpt":{"rendered":"<p>Adem\u00e1s de la vuelta de la Carreira Pedestre Popular de San Marti\u00f1o, hay un par de pruebas fuera de Galicia que tendr\u00e1 tambi\u00e9n representaci\u00f3n ourensana, como son el Cross Internacional de Atapuerca y el Campeonato de Espa\u00f1a militar de marat\u00f3n. Este Domingo 14 de Noviembre&#8230;<\/p>\n","protected":false},"author":1,"featured_media":12965,"comment_status":"closed","ping_status":"closed","sticky":false,"template":"","format":"standard","meta":{"footnotes":""},"categories":[1],"tags":[],"class_list":["post-16046","post","type-post","status-publish","format-standard","has-post-thumbnail","hentry","category-sin-categoria"],"aioseo_notices":[],"_links":{"self":[{"href":"https:\/\/clubourenseatletismo.es\/blog\/wp-json\/wp\/v2\/posts\/16046","targetHints":{"allow":["GET"]}}],"collection":[{"href":"https:\/\/clubourenseatletismo.es\/blog\/wp-json\/wp\/v2\/posts"}],"about":[{"href":"https:\/\/clubourenseatletismo.es\/blog\/wp-json\/wp\/v2\/types\/post"}],"author":[{"embeddable":true,"href":"https:\/\/clubourenseatletismo.es\/blog\/wp-json\/wp\/v2\/users\/1"}],"replies":[{"embeddable":true,"href":"https:\/\/clubourenseatletismo.es\/blog\/wp-json\/wp\/v2\/comments?post=16046"}],"version-history":[{"count":1,"href":"https:\/\/clubourenseatletismo.es\/blog\/wp-json\/wp\/v2\/posts\/16046\/revisions"}],"predecessor-version":[{"id":16048,"href":"https:\/\/clubourenseatletismo.es\/blog\/wp-json\/wp\/v2\/posts\/16046\/revisions\/16048"}],"wp:featuredmedia":[{"embeddable":true,"href":"https:\/\/clubourenseatletismo.es\/blog\/wp-json\/wp\/v2\/media\/12965"}],"wp:attachment":[{"href":"https:\/\/clubourenseatletismo.es\/blog\/wp-json\/wp\/v2\/media?parent=16046"}],"wp:term":[{"taxonomy":"category","embeddable":true,"href":"https:\/\/clubourenseatletismo.es\/blog\/wp-json\/wp\/v2\/categories?post=16046"},{"taxonomy":"post_tag","embeddable":true,"href":"https:\/\/clubourenseatletismo.es\/blog\/wp-json\/wp\/v2\/tags?post=16046"}],"curies":[{"name":"wp","href":"https:\/\/api.w.org\/{rel}","templated":true}]}}