{"id":15983,"date":"2021-10-10T19:44:04","date_gmt":"2021-10-10T17:44:04","guid":{"rendered":"https:\/\/clubourenseatletismo.es\/blog\/?p=15983"},"modified":"2021-10-10T19:44:04","modified_gmt":"2021-10-10T17:44:04","slug":"javier-trillo-con-la-seleccion-gallega-sub-16","status":"publish","type":"post","link":"https:\/\/clubourenseatletismo.es\/blog\/2021\/10\/10\/javier-trillo-con-la-seleccion-gallega-sub-16\/","title":{"rendered":"Javier Trillo con la selecci\u00f3n gallega sub 16"},"content":{"rendered":"<p>El atleta del Club Ourense Atletismo <strong>Javier Trillo<\/strong> compiti\u00f3 este fin de semana en Cuenca con la selecci\u00f3n gallega sub 16, en las pruebas de 300 metros vallas y el relevo 4&#215;100 metros, en el Campeonato de Espa\u00f1a de Federaciones Auton\u00f3micas sub 16.<\/p>\n<p>El s\u00e1bado finaliz\u00f3 15\u00b0 con 45&#8243;64 en el 300m vallas. Iba entre los primeros clasificados de la final A cuando a falta de escasos metros para meta se cay\u00f3 en la \u00faltima valla y por tanto ya no pudo pelear por los primeros puestos ni mejorar su marca de 41&#8243;32. Es la primera vez que le ocurre esto en una competici\u00f3n.<\/p>\n<div class=\"o9v6fnle cxmmr5t8 oygrvhab hcukyx3x c1et5uql ii04i59q\">\n<div dir=\"auto\">El domingo particip\u00f3 en el 4x100m quedando en tercera posici\u00f3n en la final B, ayudando al equipo de relevistas a quedar octavos entre las diferentes Federaciones Auton\u00f3micas gracias a un tiempo final de 46&#8243;92.<\/div>\n<div dir=\"auto\"><\/div>\n<\/div>\n<div class=\"o9v6fnle cxmmr5t8 oygrvhab hcukyx3x c1et5uql ii04i59q\">\n<div dir=\"auto\">En conjunto, ayud\u00f3 con sus dos pruebas a que el combinado gallego masculino sub16 finalizase en un buen 7\u00b0 puesto con 170,5 puntos.<\/div>\n<\/div>\n<div dir=\"auto\"><\/div>\n<div dir=\"auto\">Se pueden ver los resultados en el siguiente enlace:<\/div>\n<div dir=\"auto\"><\/div>\n<div dir=\"auto\"><a href=\"https:\/\/www.rfeamanager.es\/Results\/Schedule?chid=2021RF172\">CTO de Espa\u00f1a CSD de federaciones auton\u00f3micas sub 16 en pista<\/a><\/div>\n<div dir=\"auto\"><\/div>\n<div class=\"o9v6fnle cxmmr5t8 oygrvhab hcukyx3x c1et5uql ii04i59q\">\n<div dir=\"auto\"><a href=\"https:\/\/clubourenseatletismo.es\/blog\/wp-content\/uploads\/2021\/10\/seleccion-galega-sub-16-cuenca.jpg\"><img loading=\"lazy\" decoding=\"async\" class=\"size-large wp-image-15985 aligncenter\" src=\"https:\/\/clubourenseatletismo.es\/blog\/wp-content\/uploads\/2021\/10\/seleccion-galega-sub-16-cuenca-1024x826.jpg\" alt=\"\" width=\"1024\" height=\"826\" srcset=\"https:\/\/clubourenseatletismo.es\/blog\/wp-content\/uploads\/2021\/10\/seleccion-galega-sub-16-cuenca-1024x826.jpg 1024w, https:\/\/clubourenseatletismo.es\/blog\/wp-content\/uploads\/2021\/10\/seleccion-galega-sub-16-cuenca-300x242.jpg 300w, https:\/\/clubourenseatletismo.es\/blog\/wp-content\/uploads\/2021\/10\/seleccion-galega-sub-16-cuenca-768x619.jpg 768w, https:\/\/clubourenseatletismo.es\/blog\/wp-content\/uploads\/2021\/10\/seleccion-galega-sub-16-cuenca-700x565.jpg 700w, https:\/\/clubourenseatletismo.es\/blog\/wp-content\/uploads\/2021\/10\/seleccion-galega-sub-16-cuenca.jpg 1080w\" sizes=\"auto, (max-width: 1024px) 100vw, 1024px\" \/><\/a><\/div>\n<\/div>\n","protected":false},"excerpt":{"rendered":"<p>El atleta del Club Ourense Atletismo Javier Trillo compiti\u00f3 este fin de semana en Cuenca con la selecci\u00f3n gallega sub 16, en las pruebas de 300 metros vallas y el relevo 4&#215;100 metros, en el Campeonato de Espa\u00f1a de Federaciones Auton\u00f3micas sub 16. El s\u00e1bado&#8230;<\/p>\n","protected":false},"author":1,"featured_media":15984,"comment_status":"closed","ping_status":"closed","sticky":false,"template":"","format":"standard","meta":{"footnotes":""},"categories":[33,11,22],"tags":[],"class_list":["post-15983","post","type-post","status-publish","format-standard","has-post-thumbnail","hentry","category-competiciones-2","category-cpto-nacional","category-seleccion-gal"],"aioseo_notices":[],"_links":{"self":[{"href":"https:\/\/clubourenseatletismo.es\/blog\/wp-json\/wp\/v2\/posts\/15983","targetHints":{"allow":["GET"]}}],"collection":[{"href":"https:\/\/clubourenseatletismo.es\/blog\/wp-json\/wp\/v2\/posts"}],"about":[{"href":"https:\/\/clubourenseatletismo.es\/blog\/wp-json\/wp\/v2\/types\/post"}],"author":[{"embeddable":true,"href":"https:\/\/clubourenseatletismo.es\/blog\/wp-json\/wp\/v2\/users\/1"}],"replies":[{"embeddable":true,"href":"https:\/\/clubourenseatletismo.es\/blog\/wp-json\/wp\/v2\/comments?post=15983"}],"version-history":[{"count":1,"href":"https:\/\/clubourenseatletismo.es\/blog\/wp-json\/wp\/v2\/posts\/15983\/revisions"}],"predecessor-version":[{"id":15986,"href":"https:\/\/clubourenseatletismo.es\/blog\/wp-json\/wp\/v2\/posts\/15983\/revisions\/15986"}],"wp:featuredmedia":[{"embeddable":true,"href":"https:\/\/clubourenseatletismo.es\/blog\/wp-json\/wp\/v2\/media\/15984"}],"wp:attachment":[{"href":"https:\/\/clubourenseatletismo.es\/blog\/wp-json\/wp\/v2\/media?parent=15983"}],"wp:term":[{"taxonomy":"category","embeddable":true,"href":"https:\/\/clubourenseatletismo.es\/blog\/wp-json\/wp\/v2\/categories?post=15983"},{"taxonomy":"post_tag","embeddable":true,"href":"https:\/\/clubourenseatletismo.es\/blog\/wp-json\/wp\/v2\/tags?post=15983"}],"curies":[{"name":"wp","href":"https:\/\/api.w.org\/{rel}","templated":true}]}}