{"id":15672,"date":"2021-06-26T09:51:51","date_gmt":"2021-06-26T07:51:51","guid":{"rendered":"https:\/\/clubourenseatletismo.es\/blog\/?p=15672"},"modified":"2021-06-26T09:51:51","modified_gmt":"2021-06-26T07:51:51","slug":"xxxvii-carreira-popular-de-leiro","status":"publish","type":"post","link":"https:\/\/clubourenseatletismo.es\/blog\/2021\/06\/26\/xxxvii-carreira-popular-de-leiro\/","title":{"rendered":"XXXVII Carreira Popular de Leiro."},"content":{"rendered":"<p><img loading=\"lazy\" decoding=\"async\" class=\"alignleft  wp-image-15673\" src=\"https:\/\/clubourenseatletismo.es\/blog\/wp-content\/uploads\/2021\/06\/Cartel-Carreira-Leiro-2021.jpg\" alt=\"\" width=\"425\" height=\"302\" srcset=\"https:\/\/clubourenseatletismo.es\/blog\/wp-content\/uploads\/2021\/06\/Cartel-Carreira-Leiro-2021.jpg 1024w, https:\/\/clubourenseatletismo.es\/blog\/wp-content\/uploads\/2021\/06\/Cartel-Carreira-Leiro-2021-300x213.jpg 300w, https:\/\/clubourenseatletismo.es\/blog\/wp-content\/uploads\/2021\/06\/Cartel-Carreira-Leiro-2021-768x546.jpg 768w, https:\/\/clubourenseatletismo.es\/blog\/wp-content\/uploads\/2021\/06\/Cartel-Carreira-Leiro-2021-700x498.jpg 700w\" sizes=\"auto, (max-width: 425px) 100vw, 425px\" \/>Data: domingo, 4 de Xullo de 2021<br \/>\nHora: a partir das 10:00 h.<br \/>\nLugar: Leiro (Ourense). Zona de Sa\u00edda-Meta e Organizaci\u00f3n no Salgueiral (o Lado do Campo de F\u00fatbol)<br \/>\nDistancia: de 8.300m aprox.<\/p>\n<p>Equipos: Haber\u00e1 unha clasifcaci\u00f3n por equipos (que poder\u00e1n estar formados por mulleres, homes ou mixto). Para que un equipo te\u00f1a clasificaci\u00f3n, ter\u00e1n que rematar a proba como m\u00ednimo 5 corredores do mesmo equipo.<\/p>\n<p>A inscripci\u00f3n estar\u00e1 limitada a 250 partcipantes, os cales ser\u00e1n os 250 primeiros inscritos quedando unha lista de agarda aqueles que as\u00ed o manifesten no lugar habilitado, por si alg\u00fan inscrito decide darse de baixa no per\u00edodo de inscrici\u00f3n.<\/p>\n<p style=\"text-align: center;\"><a class=\"fasc-button fasc-size-medium fasc-type-glossy fasc-rounded-medium fasc-ico-before dashicons-format-aside\" style=\"background-color: #218562; color: #ffffff;\" target=\"_blank\" href=\"https:\/\/carreirasgalegas.blob.core.windows.net\/docs\/62f6f8c5-7b7f-7da8-d24d-39fd08e1c666-Regulamento%20XXXVII%20Carreira%20Popular%20de%20Leiro..pdf\" rel=\"noopener\">Reglamento<\/a><\/p>\n<p>&nbsp;<\/p>\n<p>&nbsp;<\/p>\n","protected":false},"excerpt":{"rendered":"<p>Data: domingo, 4 de Xullo de 2021 Hora: a partir das 10:00 h. Lugar: Leiro (Ourense). Zona de Sa\u00edda-Meta e Organizaci\u00f3n no Salgueiral (o Lado do Campo de F\u00fatbol) Distancia: de 8.300m aprox. Equipos: Haber\u00e1 unha clasifcaci\u00f3n por equipos (que poder\u00e1n estar formados por mulleres,&#8230;<\/p>\n","protected":false},"author":1,"featured_media":15673,"comment_status":"closed","ping_status":"closed","sticky":false,"template":"","format":"standard","meta":{"footnotes":""},"categories":[33],"tags":[],"class_list":["post-15672","post","type-post","status-publish","format-standard","has-post-thumbnail","hentry","category-competiciones-2"],"aioseo_notices":[],"_links":{"self":[{"href":"https:\/\/clubourenseatletismo.es\/blog\/wp-json\/wp\/v2\/posts\/15672","targetHints":{"allow":["GET"]}}],"collection":[{"href":"https:\/\/clubourenseatletismo.es\/blog\/wp-json\/wp\/v2\/posts"}],"about":[{"href":"https:\/\/clubourenseatletismo.es\/blog\/wp-json\/wp\/v2\/types\/post"}],"author":[{"embeddable":true,"href":"https:\/\/clubourenseatletismo.es\/blog\/wp-json\/wp\/v2\/users\/1"}],"replies":[{"embeddable":true,"href":"https:\/\/clubourenseatletismo.es\/blog\/wp-json\/wp\/v2\/comments?post=15672"}],"version-history":[{"count":1,"href":"https:\/\/clubourenseatletismo.es\/blog\/wp-json\/wp\/v2\/posts\/15672\/revisions"}],"predecessor-version":[{"id":15674,"href":"https:\/\/clubourenseatletismo.es\/blog\/wp-json\/wp\/v2\/posts\/15672\/revisions\/15674"}],"wp:featuredmedia":[{"embeddable":true,"href":"https:\/\/clubourenseatletismo.es\/blog\/wp-json\/wp\/v2\/media\/15673"}],"wp:attachment":[{"href":"https:\/\/clubourenseatletismo.es\/blog\/wp-json\/wp\/v2\/media?parent=15672"}],"wp:term":[{"taxonomy":"category","embeddable":true,"href":"https:\/\/clubourenseatletismo.es\/blog\/wp-json\/wp\/v2\/categories?post=15672"},{"taxonomy":"post_tag","embeddable":true,"href":"https:\/\/clubourenseatletismo.es\/blog\/wp-json\/wp\/v2\/tags?post=15672"}],"curies":[{"name":"wp","href":"https:\/\/api.w.org\/{rel}","templated":true}]}}