{"id":15595,"date":"2021-06-20T11:07:05","date_gmt":"2021-06-20T09:07:05","guid":{"rendered":"https:\/\/clubourenseatletismo.es\/blog\/?p=15595"},"modified":"2021-06-20T11:07:05","modified_gmt":"2021-06-20T09:07:05","slug":"primeros-resultados-fin-de-semana","status":"publish","type":"post","link":"https:\/\/clubourenseatletismo.es\/blog\/2021\/06\/20\/primeros-resultados-fin-de-semana\/","title":{"rendered":"Primeros Resultados Fin de Semana."},"content":{"rendered":"<p><img loading=\"lazy\" decoding=\"async\" class=\"alignleft size-full wp-image-15601\" src=\"https:\/\/clubourenseatletismo.es\/blog\/wp-content\/uploads\/2021\/06\/foto-5.jpg\" alt=\"\" width=\"418\" height=\"609\" srcset=\"https:\/\/clubourenseatletismo.es\/blog\/wp-content\/uploads\/2021\/06\/foto-5.jpg 418w, https:\/\/clubourenseatletismo.es\/blog\/wp-content\/uploads\/2021\/06\/foto-5-206x300.jpg 206w\" sizes=\"auto, (max-width: 418px) 100vw, 418px\" \/>Empezamos el repaso a la actualidad atl\u00e9tica de nuestros atletas en las diferentes pruebas y la primera de ellas ser\u00eda el XXII Memorial Celso Mari\u00f1o disputado el pasado d\u00eda 16 contar\u00eda con la presencia de cuatro atletas de nuestro club.&nbsp;<\/p>\n<p>En la prueba de los 800 mts <strong>Pablo Vicent<\/strong>e bajaba de los dos minutos situando su marca en 01:59.52.<\/p>\n<p>Ya la prueba de los 5.000 mts contar\u00eda con <strong>Alejandro Fern\u00e1ndez<\/strong> primero en cruzar la linea de meta en 14:14.22 seguido de cerca por su compa\u00f1ero de club <strong>Javier Paredes<\/strong> que lo har\u00eda en 15:54.88.<\/p>\n<p>Por \u00faltimo<strong> Zaira Soto<\/strong> ser\u00eda la \u00fanica f\u00e9mina que participar\u00eda en este trofeo, concretamente en la prueba del Lanzamiento de Disco 1Kg alcanzando una distancia de 33.92 metros.<\/p>\n<p>&nbsp;<\/p>\n<p style=\"text-align: center;\"><a class=\"fasc-button fasc-size-medium fasc-type-glossy fasc-rounded-medium ico-fa fasc-ico-before fa-trophy\" style=\"background-color: #e66903; color: #ffffff;\" target=\"_blank\" rel=\"noopener\" href=\"https:\/\/atletismo.gal\/wp-content\/uploads\/2021\/03\/rp160621.pdf\">Resultados<\/a><\/p>\n<p>&nbsp;<\/p>\n<p>La localidad portuguesa de Vila Nova de Cerveira volver\u00eda a acoger a la lanzadora <strong>Blanca Pereira<\/strong>, que acud\u00eda dispuesta a mejorar marca en el Lanzamiento de Martillo 4Kg. En esta ocasi\u00f3n se celebraba la quinta jornada de Lanzamientos y la marca obtenida tras su participaci\u00f3n ser\u00eda 48.19 mts<\/p>\n<p>&nbsp;<\/p>\n<p style=\"text-align: center;\"><a class=\"fasc-button fasc-size-medium fasc-type-glossy fasc-rounded-medium ico-fa fasc-ico-before fa-trophy\" style=\"background-color: #e66903; color: #ffffff;\" target=\"_blank\" rel=\"noopener\" href=\"https:\/\/www.atletismoviana.pt\/competicoes\/documentos--consulta-e-download-de-documentos\/resultados\">Resultados<\/a><\/p>\n","protected":false},"excerpt":{"rendered":"<p>Empezamos el repaso a la actualidad atl\u00e9tica de nuestros atletas en las diferentes pruebas y la primera de ellas ser\u00eda el XXII Memorial Celso Mari\u00f1o disputado el pasado d\u00eda 16 contar\u00eda con la presencia de cuatro atletas de nuestro club.&nbsp; En la prueba de los&#8230;<\/p>\n","protected":false},"author":1,"featured_media":15601,"comment_status":"closed","ping_status":"closed","sticky":false,"template":"","format":"standard","meta":{"footnotes":""},"categories":[9],"tags":[],"class_list":["post-15595","post","type-post","status-publish","format-standard","has-post-thumbnail","hentry","category-resultados"],"aioseo_notices":[],"aioseo_head":"\n\t\t<!-- All in One SEO 5.0.1.1 - aioseo.com -->\n\t<meta name=\"description\" content=\"Empezamos el repaso a la actualidad atl\u00e9tica de nuestros atletas en las diferentes pruebas y la primera de ellas ser\u00eda el XXII Memorial Celso Mari\u00f1o disputado el pasado d\u00eda 16 contar\u00eda con la presencia de cuatro atletas de nuestro club. En la prueba de los 800 mts Pablo Vicente bajaba de los dos minutos situando\" \/>\n\t<meta name=\"robots\" content=\"max-image-preview:large\" \/>\n\t<meta name=\"author\" content=\"clubourense\"\/>\n\t<link rel=\"canonical\" href=\"https:\/\/clubourenseatletismo.es\/blog\/2021\/06\/20\/primeros-resultados-fin-de-semana\/\" \/>\n\t<meta name=\"generator\" content=\"All in One SEO (AIOSEO) 5.0.1.1\" \/>\n\t\t<meta property=\"og:locale\" content=\"es_ES\" \/>\n\t\t<meta property=\"og:site_name\" content=\"Club Ourense Atletismo | Escuela Ourense Atletismo\" \/>\n\t\t<meta property=\"og:type\" content=\"article\" \/>\n\t\t<meta property=\"og:title\" content=\"Primeros Resultados Fin de Semana. | Club Ourense Atletismo\" \/>\n\t\t<meta property=\"og:description\" content=\"Empezamos el repaso a la actualidad atl\u00e9tica de nuestros atletas en las diferentes pruebas y la primera de ellas ser\u00eda el XXII Memorial Celso Mari\u00f1o disputado el pasado d\u00eda 16 contar\u00eda con la presencia de cuatro atletas de nuestro club. En la prueba de los 800 mts Pablo Vicente bajaba de los dos minutos situando\" \/>\n\t\t<meta property=\"og:url\" content=\"https:\/\/clubourenseatletismo.es\/blog\/2021\/06\/20\/primeros-resultados-fin-de-semana\/\" \/>\n\t\t<meta property=\"article:published_time\" content=\"2021-06-20T09:07:05+00:00\" \/>\n\t\t<meta property=\"article:modified_time\" content=\"2021-06-20T09:07:05+00:00\" \/>\n\t\t<meta property=\"article:publisher\" content=\"https:\/\/www.facebook.com\/profile.php?id=100063516489280\" \/>\n\t\t<meta name=\"twitter:card\" content=\"summary\" \/>\n\t\t<meta name=\"twitter:title\" content=\"Primeros Resultados Fin de Semana. | Club Ourense Atletismo\" \/>\n\t\t<meta name=\"twitter:description\" content=\"Empezamos el repaso a la actualidad atl\u00e9tica de nuestros atletas en las diferentes pruebas y la primera de ellas ser\u00eda el XXII Memorial Celso Mari\u00f1o disputado el pasado d\u00eda 16 contar\u00eda con la presencia de cuatro atletas de nuestro club. En la prueba de los 800 mts Pablo Vicente bajaba de los dos minutos situando\" \/>\n\t\t<meta name=\"twitter:image\" content=\"https:\/\/clubourenseatletismo.es\/blog\/wp-content\/uploads\/2021\/06\/foto-5.jpg\" \/>\n\t\t<script type=\"application\/ld+json\" class=\"aioseo-schema\">\n\t\t\t{\"@context\":\"https:\\\/\\\/schema.org\",\"@graph\":[{\"@type\":\"Article\",\"@id\":\"https:\\\/\\\/clubourenseatletismo.es\\\/blog\\\/2021\\\/06\\\/20\\\/primeros-resultados-fin-de-semana\\\/#article\",\"name\":\"Primeros Resultados Fin de Semana. | Club Ourense Atletismo\",\"headline\":\"Primeros Resultados Fin de Semana.\",\"author\":{\"@id\":\"https:\\\/\\\/clubourenseatletismo.es\\\/blog\\\/author\\\/clubourense\\\/#author\"},\"publisher\":{\"@id\":\"https:\\\/\\\/clubourenseatletismo.es\\\/blog\\\/#organization\"},\"image\":{\"@type\":\"ImageObject\",\"url\":\"https:\\\/\\\/clubourenseatletismo.es\\\/blog\\\/wp-content\\\/uploads\\\/2021\\\/06\\\/foto-5.jpg\",\"width\":418,\"height\":609},\"datePublished\":\"2021-06-20T11:07:05+02:00\",\"dateModified\":\"2021-06-20T11:07:05+02:00\",\"inLanguage\":\"es-ES\",\"mainEntityOfPage\":{\"@id\":\"https:\\\/\\\/clubourenseatletismo.es\\\/blog\\\/2021\\\/06\\\/20\\\/primeros-resultados-fin-de-semana\\\/#webpage\"},\"isPartOf\":{\"@id\":\"https:\\\/\\\/clubourenseatletismo.es\\\/blog\\\/2021\\\/06\\\/20\\\/primeros-resultados-fin-de-semana\\\/#webpage\"},\"articleSection\":\"Resultados\"},{\"@type\":\"BreadcrumbList\",\"@id\":\"https:\\\/\\\/clubourenseatletismo.es\\\/blog\\\/2021\\\/06\\\/20\\\/primeros-resultados-fin-de-semana\\\/#breadcrumblist\",\"itemListElement\":[{\"@type\":\"ListItem\",\"@id\":\"https:\\\/\\\/clubourenseatletismo.es\\\/blog#listItem\",\"position\":1,\"name\":\"Inicio\",\"item\":\"https:\\\/\\\/clubourenseatletismo.es\\\/blog\",\"nextItem\":{\"@type\":\"ListItem\",\"@id\":\"https:\\\/\\\/clubourenseatletismo.es\\\/blog\\\/category\\\/resultados\\\/#listItem\",\"name\":\"Resultados\"}},{\"@type\":\"ListItem\",\"@id\":\"https:\\\/\\\/clubourenseatletismo.es\\\/blog\\\/category\\\/resultados\\\/#listItem\",\"position\":2,\"name\":\"Resultados\",\"item\":\"https:\\\/\\\/clubourenseatletismo.es\\\/blog\\\/category\\\/resultados\\\/\",\"nextItem\":{\"@type\":\"ListItem\",\"@id\":\"https:\\\/\\\/clubourenseatletismo.es\\\/blog\\\/2021\\\/06\\\/20\\\/primeros-resultados-fin-de-semana\\\/#listItem\",\"name\":\"Primeros Resultados Fin de Semana.\"},\"previousItem\":{\"@type\":\"ListItem\",\"@id\":\"https:\\\/\\\/clubourenseatletismo.es\\\/blog#listItem\",\"name\":\"Inicio\"}},{\"@type\":\"ListItem\",\"@id\":\"https:\\\/\\\/clubourenseatletismo.es\\\/blog\\\/2021\\\/06\\\/20\\\/primeros-resultados-fin-de-semana\\\/#listItem\",\"position\":3,\"name\":\"Primeros Resultados Fin de Semana.\",\"previousItem\":{\"@type\":\"ListItem\",\"@id\":\"https:\\\/\\\/clubourenseatletismo.es\\\/blog\\\/category\\\/resultados\\\/#listItem\",\"name\":\"Resultados\"}}]},{\"@type\":\"Organization\",\"@id\":\"https:\\\/\\\/clubourenseatletismo.es\\\/blog\\\/#organization\",\"name\":\"Club Ourense Atletismo\",\"description\":\"Escuela Ourense Atletismo\",\"url\":\"https:\\\/\\\/clubourenseatletismo.es\\\/blog\\\/\",\"telephone\":\"+34637157458\",\"logo\":{\"@type\":\"ImageObject\",\"url\":\"https:\\\/\\\/clubourenseatletismo.es\\\/blog\\\/wp-content\\\/uploads\\\/2019\\\/09\\\/cropped-LOGO-1.jpeg\",\"@id\":\"https:\\\/\\\/clubourenseatletismo.es\\\/blog\\\/2021\\\/06\\\/20\\\/primeros-resultados-fin-de-semana\\\/#organizationLogo\",\"width\":512,\"height\":512},\"image\":{\"@id\":\"https:\\\/\\\/clubourenseatletismo.es\\\/blog\\\/2021\\\/06\\\/20\\\/primeros-resultados-fin-de-semana\\\/#organizationLogo\"},\"sameAs\":[\"https:\\\/\\\/www.facebook.com\\\/profile.php?id=100063516489280\",\"https:\\\/\\\/www.instagram.com\\\/clubourenseatletismo\\\/\"]},{\"@type\":\"Person\",\"@id\":\"https:\\\/\\\/clubourenseatletismo.es\\\/blog\\\/author\\\/clubourense\\\/#author\",\"url\":\"https:\\\/\\\/clubourenseatletismo.es\\\/blog\\\/author\\\/clubourense\\\/\",\"name\":\"clubourense\",\"image\":{\"@type\":\"ImageObject\",\"@id\":\"https:\\\/\\\/clubourenseatletismo.es\\\/blog\\\/2021\\\/06\\\/20\\\/primeros-resultados-fin-de-semana\\\/#authorImage\",\"url\":\"https:\\\/\\\/secure.gravatar.com\\\/avatar\\\/054ff0256550e5d1d577fa683a74658acb2f33f773051c5f2e6e8de910594748?s=96&d=mm&r=g\",\"width\":96,\"height\":96,\"caption\":\"clubourense\"}},{\"@type\":\"WebPage\",\"@id\":\"https:\\\/\\\/clubourenseatletismo.es\\\/blog\\\/2021\\\/06\\\/20\\\/primeros-resultados-fin-de-semana\\\/#webpage\",\"url\":\"https:\\\/\\\/clubourenseatletismo.es\\\/blog\\\/2021\\\/06\\\/20\\\/primeros-resultados-fin-de-semana\\\/\",\"name\":\"Primeros Resultados Fin de Semana. | Club Ourense Atletismo\",\"description\":\"Empezamos el repaso a la actualidad atl\\u00e9tica de nuestros atletas en las diferentes pruebas y la primera de ellas ser\\u00eda el XXII Memorial Celso Mari\\u00f1o disputado el pasado d\\u00eda 16 contar\\u00eda con la presencia de cuatro atletas de nuestro club. En la prueba de los 800 mts Pablo Vicente bajaba de los dos minutos situando\",\"inLanguage\":\"es-ES\",\"isPartOf\":{\"@id\":\"https:\\\/\\\/clubourenseatletismo.es\\\/blog\\\/#website\"},\"breadcrumb\":{\"@id\":\"https:\\\/\\\/clubourenseatletismo.es\\\/blog\\\/2021\\\/06\\\/20\\\/primeros-resultados-fin-de-semana\\\/#breadcrumblist\"},\"author\":{\"@id\":\"https:\\\/\\\/clubourenseatletismo.es\\\/blog\\\/author\\\/clubourense\\\/#author\"},\"creator\":{\"@id\":\"https:\\\/\\\/clubourenseatletismo.es\\\/blog\\\/author\\\/clubourense\\\/#author\"},\"image\":{\"@type\":\"ImageObject\",\"url\":\"https:\\\/\\\/clubourenseatletismo.es\\\/blog\\\/wp-content\\\/uploads\\\/2021\\\/06\\\/foto-5.jpg\",\"@id\":\"https:\\\/\\\/clubourenseatletismo.es\\\/blog\\\/2021\\\/06\\\/20\\\/primeros-resultados-fin-de-semana\\\/#mainImage\",\"width\":418,\"height\":609},\"primaryImageOfPage\":{\"@id\":\"https:\\\/\\\/clubourenseatletismo.es\\\/blog\\\/2021\\\/06\\\/20\\\/primeros-resultados-fin-de-semana\\\/#mainImage\"},\"datePublished\":\"2021-06-20T11:07:05+02:00\",\"dateModified\":\"2021-06-20T11:07:05+02:00\"},{\"@type\":\"WebSite\",\"@id\":\"https:\\\/\\\/clubourenseatletismo.es\\\/blog\\\/#website\",\"url\":\"https:\\\/\\\/clubourenseatletismo.es\\\/blog\\\/\",\"name\":\"Club Ourense Atletismo\",\"description\":\"Escuela Ourense Atletismo\",\"inLanguage\":\"es-ES\",\"publisher\":{\"@id\":\"https:\\\/\\\/clubourenseatletismo.es\\\/blog\\\/#organization\"}}]}\n\t\t<\/script>\n\t\t<!-- All in One SEO -->\n\n","aioseo_head_json":{"title":"Primeros Resultados Fin de Semana. | Club Ourense Atletismo","description":"Empezamos el repaso a la actualidad atl\u00e9tica de nuestros atletas en las diferentes pruebas y la primera de ellas ser\u00eda el XXII Memorial Celso Mari\u00f1o disputado el pasado d\u00eda 16 contar\u00eda con la presencia de cuatro atletas de nuestro club. En la prueba de los 800 mts Pablo Vicente bajaba de los dos minutos situando","canonical_url":"https:\/\/clubourenseatletismo.es\/blog\/2021\/06\/20\/primeros-resultados-fin-de-semana\/","robots":"max-image-preview:large","keywords":"","webmasterTools":{"miscellaneous":""},"schema":{"@context":"https:\/\/schema.org","@graph":[{"@type":"Article","@id":"https:\/\/clubourenseatletismo.es\/blog\/2021\/06\/20\/primeros-resultados-fin-de-semana\/#article","name":"Primeros Resultados Fin de Semana. | Club Ourense Atletismo","headline":"Primeros Resultados Fin de Semana.","author":{"@id":"https:\/\/clubourenseatletismo.es\/blog\/author\/clubourense\/#author"},"publisher":{"@id":"https:\/\/clubourenseatletismo.es\/blog\/#organization"},"image":{"@type":"ImageObject","url":"https:\/\/clubourenseatletismo.es\/blog\/wp-content\/uploads\/2021\/06\/foto-5.jpg","width":418,"height":609},"datePublished":"2021-06-20T11:07:05+02:00","dateModified":"2021-06-20T11:07:05+02:00","inLanguage":"es-ES","mainEntityOfPage":{"@id":"https:\/\/clubourenseatletismo.es\/blog\/2021\/06\/20\/primeros-resultados-fin-de-semana\/#webpage"},"isPartOf":{"@id":"https:\/\/clubourenseatletismo.es\/blog\/2021\/06\/20\/primeros-resultados-fin-de-semana\/#webpage"},"articleSection":"Resultados"},{"@type":"BreadcrumbList","@id":"https:\/\/clubourenseatletismo.es\/blog\/2021\/06\/20\/primeros-resultados-fin-de-semana\/#breadcrumblist","itemListElement":[{"@type":"ListItem","@id":"https:\/\/clubourenseatletismo.es\/blog#listItem","position":1,"name":"Inicio","item":"https:\/\/clubourenseatletismo.es\/blog","nextItem":{"@type":"ListItem","@id":"https:\/\/clubourenseatletismo.es\/blog\/category\/resultados\/#listItem","name":"Resultados"}},{"@type":"ListItem","@id":"https:\/\/clubourenseatletismo.es\/blog\/category\/resultados\/#listItem","position":2,"name":"Resultados","item":"https:\/\/clubourenseatletismo.es\/blog\/category\/resultados\/","nextItem":{"@type":"ListItem","@id":"https:\/\/clubourenseatletismo.es\/blog\/2021\/06\/20\/primeros-resultados-fin-de-semana\/#listItem","name":"Primeros Resultados Fin de Semana."},"previousItem":{"@type":"ListItem","@id":"https:\/\/clubourenseatletismo.es\/blog#listItem","name":"Inicio"}},{"@type":"ListItem","@id":"https:\/\/clubourenseatletismo.es\/blog\/2021\/06\/20\/primeros-resultados-fin-de-semana\/#listItem","position":3,"name":"Primeros Resultados Fin de Semana.","previousItem":{"@type":"ListItem","@id":"https:\/\/clubourenseatletismo.es\/blog\/category\/resultados\/#listItem","name":"Resultados"}}]},{"@type":"Organization","@id":"https:\/\/clubourenseatletismo.es\/blog\/#organization","name":"Club Ourense Atletismo","description":"Escuela Ourense Atletismo","url":"https:\/\/clubourenseatletismo.es\/blog\/","telephone":"+34637157458","logo":{"@type":"ImageObject","url":"https:\/\/clubourenseatletismo.es\/blog\/wp-content\/uploads\/2019\/09\/cropped-LOGO-1.jpeg","@id":"https:\/\/clubourenseatletismo.es\/blog\/2021\/06\/20\/primeros-resultados-fin-de-semana\/#organizationLogo","width":512,"height":512},"image":{"@id":"https:\/\/clubourenseatletismo.es\/blog\/2021\/06\/20\/primeros-resultados-fin-de-semana\/#organizationLogo"},"sameAs":["https:\/\/www.facebook.com\/profile.php?id=100063516489280","https:\/\/www.instagram.com\/clubourenseatletismo\/"]},{"@type":"Person","@id":"https:\/\/clubourenseatletismo.es\/blog\/author\/clubourense\/#author","url":"https:\/\/clubourenseatletismo.es\/blog\/author\/clubourense\/","name":"clubourense","image":{"@type":"ImageObject","@id":"https:\/\/clubourenseatletismo.es\/blog\/2021\/06\/20\/primeros-resultados-fin-de-semana\/#authorImage","url":"https:\/\/secure.gravatar.com\/avatar\/054ff0256550e5d1d577fa683a74658acb2f33f773051c5f2e6e8de910594748?s=96&d=mm&r=g","width":96,"height":96,"caption":"clubourense"}},{"@type":"WebPage","@id":"https:\/\/clubourenseatletismo.es\/blog\/2021\/06\/20\/primeros-resultados-fin-de-semana\/#webpage","url":"https:\/\/clubourenseatletismo.es\/blog\/2021\/06\/20\/primeros-resultados-fin-de-semana\/","name":"Primeros Resultados Fin de Semana. | Club Ourense Atletismo","description":"Empezamos el repaso a la actualidad atl\u00e9tica de nuestros atletas en las diferentes pruebas y la primera de ellas ser\u00eda el XXII Memorial Celso Mari\u00f1o disputado el pasado d\u00eda 16 contar\u00eda con la presencia de cuatro atletas de nuestro club. En la prueba de los 800 mts Pablo Vicente bajaba de los dos minutos situando","inLanguage":"es-ES","isPartOf":{"@id":"https:\/\/clubourenseatletismo.es\/blog\/#website"},"breadcrumb":{"@id":"https:\/\/clubourenseatletismo.es\/blog\/2021\/06\/20\/primeros-resultados-fin-de-semana\/#breadcrumblist"},"author":{"@id":"https:\/\/clubourenseatletismo.es\/blog\/author\/clubourense\/#author"},"creator":{"@id":"https:\/\/clubourenseatletismo.es\/blog\/author\/clubourense\/#author"},"image":{"@type":"ImageObject","url":"https:\/\/clubourenseatletismo.es\/blog\/wp-content\/uploads\/2021\/06\/foto-5.jpg","@id":"https:\/\/clubourenseatletismo.es\/blog\/2021\/06\/20\/primeros-resultados-fin-de-semana\/#mainImage","width":418,"height":609},"primaryImageOfPage":{"@id":"https:\/\/clubourenseatletismo.es\/blog\/2021\/06\/20\/primeros-resultados-fin-de-semana\/#mainImage"},"datePublished":"2021-06-20T11:07:05+02:00","dateModified":"2021-06-20T11:07:05+02:00"},{"@type":"WebSite","@id":"https:\/\/clubourenseatletismo.es\/blog\/#website","url":"https:\/\/clubourenseatletismo.es\/blog\/","name":"Club Ourense Atletismo","description":"Escuela Ourense Atletismo","inLanguage":"es-ES","publisher":{"@id":"https:\/\/clubourenseatletismo.es\/blog\/#organization"}}]},"og:locale":"es_ES","og:site_name":"Club Ourense Atletismo | Escuela Ourense Atletismo","og:type":"article","og:title":"Primeros Resultados Fin de Semana. | Club Ourense Atletismo","og:description":"Empezamos el repaso a la actualidad atl\u00e9tica de nuestros atletas en las diferentes pruebas y la primera de ellas ser\u00eda el XXII Memorial Celso Mari\u00f1o disputado el pasado d\u00eda 16 contar\u00eda con la presencia de cuatro atletas de nuestro club. En la prueba de los 800 mts Pablo Vicente bajaba de los dos minutos situando","og:url":"https:\/\/clubourenseatletismo.es\/blog\/2021\/06\/20\/primeros-resultados-fin-de-semana\/","article:published_time":"2021-06-20T09:07:05+00:00","article:modified_time":"2021-06-20T09:07:05+00:00","article:publisher":"https:\/\/www.facebook.com\/profile.php?id=100063516489280","twitter:card":"summary","twitter:title":"Primeros Resultados Fin de Semana. | Club Ourense Atletismo","twitter:description":"Empezamos el repaso a la actualidad atl\u00e9tica de nuestros atletas en las diferentes pruebas y la primera de ellas ser\u00eda el XXII Memorial Celso Mari\u00f1o disputado el pasado d\u00eda 16 contar\u00eda con la presencia de cuatro atletas de nuestro club. En la prueba de los 800 mts Pablo Vicente bajaba de los dos minutos situando","twitter:image":"https:\/\/clubourenseatletismo.es\/blog\/wp-content\/uploads\/2021\/06\/foto-5.jpg"},"aioseo_meta_data":{"post_id":"15595","title":null,"description":null,"keywords":[],"keyphrases":{"focus":[],"additional":[]},"primary_term":null,"canonical_url":null,"og_title":null,"og_description":null,"og_object_type":"default","og_image_type":"default","og_image_url":null,"og_image_width":null,"og_image_height":null,"og_image_custom_url":null,"og_image_custom_fields":null,"og_video":"","og_custom_url":null,"og_article_section":null,"og_article_tags":[],"twitter_use_og":false,"twitter_card":"default","twitter_image_type":"custom_image","twitter_image_url":null,"twitter_image_custom_url":"https:\/\/clubourenseatletismo.es\/blog\/wp-content\/uploads\/2021\/06\/foto-5.jpg","twitter_image_custom_fields":null,"twitter_title":null,"twitter_description":null,"schema":{"blockGraphs":[],"customGraphs":[],"default":{"data":{"Article":[],"Course":[],"Dataset":[],"FAQPage":[],"Movie":[],"Person":[],"Product":[],"ProductReview":[],"Car":[],"Recipe":[],"Service":[],"SoftwareApplication":[],"WebPage":[]},"graphName":"","isEnabled":true},"graphs":[]},"schema_type":"default","schema_type_options":"{\"article\":{\"articleType\":\"BlogPosting\"},\"course\":{\"name\":\"\",\"description\":\"\",\"provider\":\"\"},\"faq\":{\"pages\":[]},\"product\":{\"reviews\":[]},\"recipe\":{\"ingredients\":[],\"instructions\":[],\"keywords\":[]},\"software\":{\"reviews\":[],\"operatingSystems\":[]},\"webPage\":{\"webPageType\":\"WebPage\"}}","pillar_content":false,"robots_default":true,"robots_noindex":false,"robots_noarchive":false,"robots_nosnippet":false,"robots_nofollow":false,"robots_noimageindex":false,"robots_noodp":false,"robots_notranslate":false,"robots_max_snippet":"-1","robots_max_videopreview":"-1","robots_max_imagepreview":"large","priority":null,"frequency":"default","location":null,"local_seo":{"locations":{"business":{"name":"","businessType":"","image":"","areaServed":"","urls":{"website":"","aboutPage":"","contactPage":""},"address":{"streetLine1":"","streetLine2":"","zipCode":"","city":"","state":"","country":"","addressFormat":"#streetLineOne\n#streetLineTwo\n#city, #state #zipCode"},"contact":{"email":"","phone":"","phoneFormatted":"","fax":"","faxFormatted":""},"ids":{"vat":"","tax":"","chamberOfCommerce":""},"payment":{"priceRange":"","currenciesAccepted":"","methods":""}}},"openingHours":{"useDefaults":true,"show":true,"alwaysOpen":false,"use24hFormat":false,"timezone":"","labels":{"closed":"","alwaysOpen":""},"days":{"monday":{"open24h":false,"closed":false,"openTime":"09:00","closeTime":"17:00"},"tuesday":{"open24h":false,"closed":false,"openTime":"09:00","closeTime":"17:00"},"wednesday":{"open24h":false,"closed":false,"openTime":"09:00","closeTime":"17:00"},"thursday":{"open24h":false,"closed":false,"openTime":"09:00","closeTime":"17:00"},"friday":{"open24h":false,"closed":false,"openTime":"09:00","closeTime":"17:00"},"saturday":{"open24h":false,"closed":false,"openTime":"09:00","closeTime":"17:00"},"sunday":{"open24h":false,"closed":false,"openTime":"09:00","closeTime":"17:00"}}}},"breadcrumb_settings":null,"limit_modified_date":false,"ai":null,"created":"2021-06-19 13:00:57","updated":"2022-09-16 09:54:43","seo_analyzer_scan_date":null,"focus_keyword":null,"additional_keywords":null,"truseo_locale":null},"aioseo_breadcrumb":"<div class=\"aioseo-breadcrumbs\"><span class=\"aioseo-breadcrumb\">\n\t\t\t<a href=\"https:\/\/clubourenseatletismo.es\/blog\" title=\"Inicio\">Inicio<\/a>\n\t\t<\/span><span class=\"aioseo-breadcrumb-separator\">&raquo;<\/span><span class=\"aioseo-breadcrumb\">\n\t\t\t<a href=\"https:\/\/clubourenseatletismo.es\/blog\/category\/resultados\/\" title=\"Resultados\">Resultados<\/a>\n\t\t<\/span><span class=\"aioseo-breadcrumb-separator\">&raquo;<\/span><span class=\"aioseo-breadcrumb\">\n\t\t\tPrimeros Resultados Fin de Semana.\n\t\t<\/span><\/div>","aioseo_breadcrumb_json":[{"label":"Inicio","link":"https:\/\/clubourenseatletismo.es\/blog"},{"label":"Resultados","link":"https:\/\/clubourenseatletismo.es\/blog\/category\/resultados\/"},{"label":"Primeros Resultados Fin de Semana.","link":"https:\/\/clubourenseatletismo.es\/blog\/2021\/06\/20\/primeros-resultados-fin-de-semana\/"}],"_links":{"self":[{"href":"https:\/\/clubourenseatletismo.es\/blog\/wp-json\/wp\/v2\/posts\/15595","targetHints":{"allow":["GET"]}}],"collection":[{"href":"https:\/\/clubourenseatletismo.es\/blog\/wp-json\/wp\/v2\/posts"}],"about":[{"href":"https:\/\/clubourenseatletismo.es\/blog\/wp-json\/wp\/v2\/types\/post"}],"author":[{"embeddable":true,"href":"https:\/\/clubourenseatletismo.es\/blog\/wp-json\/wp\/v2\/users\/1"}],"replies":[{"embeddable":true,"href":"https:\/\/clubourenseatletismo.es\/blog\/wp-json\/wp\/v2\/comments?post=15595"}],"version-history":[{"count":4,"href":"https:\/\/clubourenseatletismo.es\/blog\/wp-json\/wp\/v2\/posts\/15595\/revisions"}],"predecessor-version":[{"id":15605,"href":"https:\/\/clubourenseatletismo.es\/blog\/wp-json\/wp\/v2\/posts\/15595\/revisions\/15605"}],"wp:featuredmedia":[{"embeddable":true,"href":"https:\/\/clubourenseatletismo.es\/blog\/wp-json\/wp\/v2\/media\/15601"}],"wp:attachment":[{"href":"https:\/\/clubourenseatletismo.es\/blog\/wp-json\/wp\/v2\/media?parent=15595"}],"wp:term":[{"taxonomy":"category","embeddable":true,"href":"https:\/\/clubourenseatletismo.es\/blog\/wp-json\/wp\/v2\/categories?post=15595"},{"taxonomy":"post_tag","embeddable":true,"href":"https:\/\/clubourenseatletismo.es\/blog\/wp-json\/wp\/v2\/tags?post=15595"}],"curies":[{"name":"wp","href":"https:\/\/api.w.org\/{rel}","templated":true}]}}