{"id":15400,"date":"2021-05-31T11:07:04","date_gmt":"2021-05-31T09:07:04","guid":{"rendered":"https:\/\/clubourenseatletismo.es\/blog\/?p=15400"},"modified":"2021-05-31T11:07:27","modified_gmt":"2021-05-31T09:07:27","slug":"marta-quiroga-en-el-triatlon-e-de-sevilla","status":"publish","type":"post","link":"https:\/\/clubourenseatletismo.es\/blog\/2021\/05\/31\/marta-quiroga-en-el-triatlon-e-de-sevilla\/","title":{"rendered":"Marta Quiroga en el Triatl\u00f3n E de Sevilla."},"content":{"rendered":"<p><img loading=\"lazy\" decoding=\"async\" class=\"size-large wp-image-15401 aligncenter\" src=\"https:\/\/clubourenseatletismo.es\/blog\/wp-content\/uploads\/2021\/05\/foto-13-1024x766.jpg\" alt=\"\" width=\"1024\" height=\"766\" srcset=\"https:\/\/clubourenseatletismo.es\/blog\/wp-content\/uploads\/2021\/05\/foto-13-1024x766.jpg 1024w, https:\/\/clubourenseatletismo.es\/blog\/wp-content\/uploads\/2021\/05\/foto-13-300x224.jpg 300w, https:\/\/clubourenseatletismo.es\/blog\/wp-content\/uploads\/2021\/05\/foto-13-768x574.jpg 768w, https:\/\/clubourenseatletismo.es\/blog\/wp-content\/uploads\/2021\/05\/foto-13-700x523.jpg 700w, https:\/\/clubourenseatletismo.es\/blog\/wp-content\/uploads\/2021\/05\/foto-13.jpg 1209w\" sizes=\"auto, (max-width: 1024px) 100vw, 1024px\" \/><\/p>\n<p>&nbsp;<\/p>\n<p>Esta fin de semana, as Pistas de San Pablo en Sevilla acoller\u00e1n o&nbsp;VI Campionato de Espa\u00f1a Sub14 individual organizado pola Federaci\u00f3n Andaluza de Atletismo. A xornada de s\u00e1bado ser\u00e1 de ma\u00f1\u00e1 (de 10:30 a 13:15 horas) e de tarde (de 18:00 h a 20:15 horas) e a de domingo s\u00f3 matutina (de 10:00 h a 13:10 h).<\/p>\n<p>O sistema de competici\u00f3n ser\u00e1 a de formato triathl\u00f3n, existindo cinco grupos de cada un dos cales sair\u00e1 un campi\u00f3n e unha campioa, por t\u00e1boa de puntuaci\u00f3n de marcas.<\/p>\n<ul>\n<li>Triathlon A:&nbsp;<em>80 m.\/80 valos\/Peso<\/em><\/li>\n<li>Triathlon B:&nbsp;<em>1000 m.\/Lonxitude\/Xavelina<\/em><\/li>\n<li>Triathlon C:&nbsp;<em>80 valos\/Altura\/Lonxitude<\/em><\/li>\n<li>Triathlon D:&nbsp;<em>80 m.\/Peso \/Disco<\/em><\/li>\n<li>Triathlon E:&nbsp;<em>2.000 marcha\/80 m\/Xavelina<\/em><\/li>\n<\/ul>\n<p>A nosa representante foi <strong>Marta Quiroga<\/strong> na triatl\u00f3n E, desta volta a experiencia nesta competici\u00f3n trouxo como resultado que&nbsp;<\/p>\n<table style=\"width: 46.2552%; height: 124px;\" width=\"512\">\n<tbody>\n<tr>\n<td style=\"width: 13.4286%;\" width=\"71\">Quiroga<\/td>\n<td style=\"width: 11.8571%;\" width=\"62\">Pousa<\/td>\n<td style=\"width: 14.2857%;\" width=\"76\">Marta<\/td>\n<td style=\"width: 27.7143%;\" width=\"143\">2.000 mts Marcha<\/td>\n<td style=\"width: 6.71429%; text-align: center;\" width=\"80\">17\u00aa<\/td>\n<td style=\"width: 14.7143%;\" width=\"80\">11:57.47<\/td>\n<\/tr>\n<tr>\n<td style=\"width: 13.4286%;\">&nbsp;<\/td>\n<td style=\"width: 11.8571%;\">&nbsp;<\/td>\n<td style=\"width: 14.2857%;\">&nbsp;<\/td>\n<td style=\"width: 27.7143%;\">80 mts<\/td>\n<td style=\"width: 6.71429%; text-align: center;\">18\u00aa<\/td>\n<td style=\"width: 14.7143%;\">&nbsp;13.57<\/td>\n<\/tr>\n<tr>\n<td style=\"width: 13.4286%;\">&nbsp;<\/td>\n<td style=\"width: 11.8571%;\">&nbsp;<\/td>\n<td style=\"width: 14.2857%;\">&nbsp;<\/td>\n<td style=\"width: 27.7143%;\">Lanzamiento de Jabalina<\/td>\n<td style=\"width: 6.71429%; text-align: center;\">16\u00aa<\/td>\n<td style=\"width: 14.7143%;\">19.10 mts<\/td>\n<\/tr>\n<tr>\n<td style=\"width: 13.4286%;\">Quiroga<\/td>\n<td style=\"width: 11.8571%;\">Pousa<\/td>\n<td style=\"width: 14.2857%;\">Marta<\/td>\n<td style=\"width: 27.7143%;\">Triatl\u00f3n E<\/td>\n<td style=\"width: 6.71429%; text-align: center;\">24\u00aa<\/td>\n<td style=\"width: 14.7143%;\">1.155 puntos<\/td>\n<\/tr>\n<\/tbody>\n<\/table>\n<p>&nbsp;<\/p>\n<p style=\"text-align: center;\"><a class=\"fasc-button fasc-size-medium fasc-type-glossy fasc-rounded-medium ico-fa fasc-ico-before fa-trophy\" style=\"background-color: #e66903; color: #ffffff;\" target=\"_blank\" href=\"https:\/\/resultados.rfea.es\/2021\/airelibre\/al_sub14IND.pdf\" rel=\"noopener\">Resultados<\/a>&nbsp; &nbsp;<a class=\"fasc-button fasc-size-medium fasc-type-glossy fasc-rounded-medium fasc-ico-before dashicons-camera\" style=\"background-color: #33809e; color: #ffffff;\" target=\"_blank\" rel=\"noopener\" href=\"https:\/\/www.rfeamanager.es\/Results\/Schedule?chid=2021RF043\">Fotos<\/a><\/p>\n","protected":false},"excerpt":{"rendered":"<p>&nbsp; Esta fin de semana, as Pistas de San Pablo en Sevilla acoller\u00e1n o&nbsp;VI Campionato de Espa\u00f1a Sub14 individual organizado pola Federaci\u00f3n Andaluza de Atletismo. A xornada de s\u00e1bado ser\u00e1 de ma\u00f1\u00e1 (de 10:30 a 13:15 horas) e de tarde (de 18:00 h a 20:15&#8230;<\/p>\n","protected":false},"author":1,"featured_media":15401,"comment_status":"closed","ping_status":"closed","sticky":false,"template":"","format":"standard","meta":{"footnotes":""},"categories":[1],"tags":[],"class_list":["post-15400","post","type-post","status-publish","format-standard","has-post-thumbnail","hentry","category-sin-categoria"],"aioseo_notices":[],"_links":{"self":[{"href":"https:\/\/clubourenseatletismo.es\/blog\/wp-json\/wp\/v2\/posts\/15400","targetHints":{"allow":["GET"]}}],"collection":[{"href":"https:\/\/clubourenseatletismo.es\/blog\/wp-json\/wp\/v2\/posts"}],"about":[{"href":"https:\/\/clubourenseatletismo.es\/blog\/wp-json\/wp\/v2\/types\/post"}],"author":[{"embeddable":true,"href":"https:\/\/clubourenseatletismo.es\/blog\/wp-json\/wp\/v2\/users\/1"}],"replies":[{"embeddable":true,"href":"https:\/\/clubourenseatletismo.es\/blog\/wp-json\/wp\/v2\/comments?post=15400"}],"version-history":[{"count":3,"href":"https:\/\/clubourenseatletismo.es\/blog\/wp-json\/wp\/v2\/posts\/15400\/revisions"}],"predecessor-version":[{"id":15408,"href":"https:\/\/clubourenseatletismo.es\/blog\/wp-json\/wp\/v2\/posts\/15400\/revisions\/15408"}],"wp:featuredmedia":[{"embeddable":true,"href":"https:\/\/clubourenseatletismo.es\/blog\/wp-json\/wp\/v2\/media\/15401"}],"wp:attachment":[{"href":"https:\/\/clubourenseatletismo.es\/blog\/wp-json\/wp\/v2\/media?parent=15400"}],"wp:term":[{"taxonomy":"category","embeddable":true,"href":"https:\/\/clubourenseatletismo.es\/blog\/wp-json\/wp\/v2\/categories?post=15400"},{"taxonomy":"post_tag","embeddable":true,"href":"https:\/\/clubourenseatletismo.es\/blog\/wp-json\/wp\/v2\/tags?post=15400"}],"curies":[{"name":"wp","href":"https:\/\/api.w.org\/{rel}","templated":true}]}}