{"id":14324,"date":"2020-10-04T17:41:49","date_gmt":"2020-10-04T15:41:49","guid":{"rendered":"https:\/\/clubourenseatletismo.es\/blog\/?p=14324"},"modified":"2020-10-09T21:11:14","modified_gmt":"2020-10-09T19:11:14","slug":"pontevedra-sede-dos-campionatos-galegos","status":"publish","type":"post","link":"https:\/\/clubourenseatletismo.es\/blog\/2020\/10\/04\/pontevedra-sede-dos-campionatos-galegos\/","title":{"rendered":"Pontevedra sede dos Campionatos Galegos"},"content":{"rendered":"<h3 class=\"entry-title\"><img loading=\"lazy\" decoding=\"async\" class=\"alignleft wp-image-14325\" src=\"https:\/\/clubourenseatletismo.es\/blog\/wp-content\/uploads\/2020\/10\/sub14-e-sub16-y-master_1-768x1024.jpg\" alt=\"\" width=\"286\" height=\"382\" srcset=\"https:\/\/clubourenseatletismo.es\/blog\/wp-content\/uploads\/2020\/10\/sub14-e-sub16-y-master_1-768x1024.jpg 768w, https:\/\/clubourenseatletismo.es\/blog\/wp-content\/uploads\/2020\/10\/sub14-e-sub16-y-master_1-225x300.jpg 225w, https:\/\/clubourenseatletismo.es\/blog\/wp-content\/uploads\/2020\/10\/sub14-e-sub16-y-master_1-1152x1536.jpg 1152w, https:\/\/clubourenseatletismo.es\/blog\/wp-content\/uploads\/2020\/10\/sub14-e-sub16-y-master_1-600x800.jpg 600w, https:\/\/clubourenseatletismo.es\/blog\/wp-content\/uploads\/2020\/10\/sub14-e-sub16-y-master_1-700x933.jpg 700w, https:\/\/clubourenseatletismo.es\/blog\/wp-content\/uploads\/2020\/10\/sub14-e-sub16-y-master_1.jpg 1500w\" sizes=\"auto, (max-width: 286px) 100vw, 286px\" \/>XIV Campionato de Galicia Sub14 e XIX Campionato de Galicia Sub16 en Pista ao Aire Libre<\/h3>\n<p>O d\u00eda 10 de outubro cel\u00e9brase o XIX Campionato de Galicia Sub 16, e o dia 11 en horario de ma\u00f1\u00e1 o XIV Campionato de Galicia Sub 14, nas pistas de atletismo do CGTD en Pontevedra.<br \/>\nAs probas de marcha en pista das categor\u00edas Sub 14 e Sub 16, celebraranse todas o s\u00e1bado 10 pola ma\u00f1\u00e1.<\/p>\n<p>As inscrici\u00f3ns realizaranse a trav\u00e9s do sistema online na web da RFEA ata as 20:00 horas do martes 6 de outubro do 2020.<\/p>\n<p>S\u00f3 poder\u00e1n inscribirse nun m\u00e1ximo de d\u00faas probas. No caso de participaren en d\u00faas<br \/>\ncarreiras s\u00f3 poder\u00e1 realizarse unha de m\u00e1is de 200 m.<br \/>\nOs\/as atletas de probas combinadas s\u00f3 poder\u00e1n competir nesta especialidade. As probas de marcha en pista das categor\u00edas Sub 14 e Sub 16, celebraranse todas o s\u00e1bado 10 pola ma\u00f1\u00e1.<\/p>\n<p>&nbsp;<\/p>\n<p style=\"text-align: center;\"><a class=\"fasc-button fasc-size-medium fasc-type-glossy fasc-rounded-medium fasc-ico-before dashicons-groups\" style=\"background-color: #324994; color: #ffffff;\" target=\"_blank\" rel=\"noopener noreferrer\" href=\"https:\/\/atletismo.gal\/wp-content\/uploads\/2019\/09\/inscritosmenores-a-publicar.pdf\">Inscritos<\/a>&nbsp; &nbsp; &nbsp; &nbsp; <a class=\"fasc-button fasc-size-medium fasc-type-glossy fasc-rounded-medium fasc-ico-before dashicons-format-aside\" style=\"background-color: #218562; color: #ffffff;\" target=\"_blank\" href=\"https:\/\/atletismo.gal\/wp-content\/uploads\/2020\/10\/Circular-64-2020-Modif.pdf\" rel=\"noopener noreferrer\">Reglamento<\/a><\/p>\n<p style=\"text-align: center;\">&nbsp;&nbsp;<a class=\"fasc-button fasc-size-medium fasc-type-glossy fasc-rounded-medium ico-fa fasc-ico-before fa-trophy\" style=\"background-color: #e66903; color: #ffffff;\" target=\"_blank\" rel=\"noopener noreferrer\" href=\"https:\/\/atletismo.gal\/wp-content\/uploads\/2019\/09\/Declaraci%C3%B3n-Responsable-ProtocoloFGA-4.pdf\">Declaraci\u00f3n Covid<\/a><\/p>\n<h3 class=\"entry-title\">Campionato de Galicia de Probas Combinadas Sub 16 en pista ao aire libre.<\/h3>\n<p>A F.G.A. organiza o Campionato de Galicia de Probas Combinadas que ter\u00e1 lugar nas Pistas de atletismo do CGTD en Pontevedra o s\u00e1bado 10 de outubro en horario de ma\u00f1\u00e1 e de tarde e o 11 de outubro en horario de ma\u00f1\u00e1 .<\/p>\n<p>Participaci\u00f3n:&nbsp; 8 atletas homes e 8 atletas mulleres categor\u00eda Sub 16.<br \/>\nPara participar clasificaranse os\/as mellores atletas con marcas individuais en todas as probas de cada combinada realizadas dende o 1 de abril de 2019 ou na propia proba combinada.<br \/>\nDespois contaranse aqueles\/as que non facendo todas as probas ou tendo marca na propia combinada (contan tam\u00e9n as de PC) te\u00f1an polo menos marca nas probas individuais inclu\u00edndo sempre unha carreira de valos, unha lisa, un lanzamento e un salto.<br \/>\nArt.3) As inscrici\u00f3ns realizaranse a trav\u00e9s do sistema online na web da RFEA ata as 20:00 horas do luns 5 de outubro do 2020.&nbsp;<\/p>\n<p>&nbsp;<\/p>\n<p style=\"text-align: center;\"><a class=\"fasc-button fasc-size-medium fasc-type-glossy fasc-rounded-medium fasc-ico-before dashicons-groups\" style=\"background-color: #324994; color: #ffffff;\" target=\"_blank\" rel=\"noopener noreferrer\" href=\"https:\/\/atletismo.gal\/wp-content\/uploads\/2020\/10\/inscomb2020.pdf\">Inscritos&nbsp;<\/a>&nbsp; &nbsp;<a class=\"fasc-button fasc-size-medium fasc-type-glossy fasc-rounded-medium fasc-ico-before dashicons-format-aside\" style=\"background-color: #218562; color: #ffffff;\" target=\"_blank\" rel=\"noopener noreferrer\" href=\"https:\/\/atletismo.gal\/wp-content\/uploads\/2020\/10\/Circular-63-2020.pdf\">Reglamento<\/a><\/p>\n","protected":false},"excerpt":{"rendered":"<p>XIV Campionato de Galicia Sub14 e XIX Campionato de Galicia Sub16 en Pista ao Aire Libre O d\u00eda 10 de outubro cel\u00e9brase o XIX Campionato de Galicia Sub 16, e o dia 11 en horario de ma\u00f1\u00e1 o XIV Campionato de Galicia Sub 14, nas&#8230;<\/p>\n","protected":false},"author":1,"featured_media":14325,"comment_status":"closed","ping_status":"closed","sticky":false,"template":"","format":"standard","meta":{"footnotes":""},"categories":[7],"tags":[],"class_list":["post-14324","post","type-post","status-publish","format-standard","has-post-thumbnail","hentry","category-noticias"],"aioseo_notices":[],"_links":{"self":[{"href":"https:\/\/clubourenseatletismo.es\/blog\/wp-json\/wp\/v2\/posts\/14324","targetHints":{"allow":["GET"]}}],"collection":[{"href":"https:\/\/clubourenseatletismo.es\/blog\/wp-json\/wp\/v2\/posts"}],"about":[{"href":"https:\/\/clubourenseatletismo.es\/blog\/wp-json\/wp\/v2\/types\/post"}],"author":[{"embeddable":true,"href":"https:\/\/clubourenseatletismo.es\/blog\/wp-json\/wp\/v2\/users\/1"}],"replies":[{"embeddable":true,"href":"https:\/\/clubourenseatletismo.es\/blog\/wp-json\/wp\/v2\/comments?post=14324"}],"version-history":[{"count":11,"href":"https:\/\/clubourenseatletismo.es\/blog\/wp-json\/wp\/v2\/posts\/14324\/revisions"}],"predecessor-version":[{"id":14344,"href":"https:\/\/clubourenseatletismo.es\/blog\/wp-json\/wp\/v2\/posts\/14324\/revisions\/14344"}],"wp:featuredmedia":[{"embeddable":true,"href":"https:\/\/clubourenseatletismo.es\/blog\/wp-json\/wp\/v2\/media\/14325"}],"wp:attachment":[{"href":"https:\/\/clubourenseatletismo.es\/blog\/wp-json\/wp\/v2\/media?parent=14324"}],"wp:term":[{"taxonomy":"category","embeddable":true,"href":"https:\/\/clubourenseatletismo.es\/blog\/wp-json\/wp\/v2\/categories?post=14324"},{"taxonomy":"post_tag","embeddable":true,"href":"https:\/\/clubourenseatletismo.es\/blog\/wp-json\/wp\/v2\/tags?post=14324"}],"curies":[{"name":"wp","href":"https:\/\/api.w.org\/{rel}","templated":true}]}}