{"id":14314,"date":"2020-10-04T18:00:12","date_gmt":"2020-10-04T16:00:12","guid":{"rendered":"https:\/\/clubourenseatletismo.es\/blog\/?p=14314"},"modified":"2020-10-04T18:03:49","modified_gmt":"2020-10-04T16:03:49","slug":"el-o-a-retoma-la-actividad-competitiva","status":"publish","type":"post","link":"https:\/\/clubourenseatletismo.es\/blog\/2020\/10\/04\/el-o-a-retoma-la-actividad-competitiva\/","title":{"rendered":"El O.A. retoma la actividad competitiva"},"content":{"rendered":"<div class=\"kvgmc6g5 cxmmr5t8 oygrvhab hcukyx3x c1et5uql ii04i59q\">&nbsp;<\/div>\n<div class=\"o9v6fnle cxmmr5t8 oygrvhab hcukyx3x c1et5uql ii04i59q\">\n<div dir=\"auto\"><img loading=\"lazy\" decoding=\"async\" class=\"wp-image-14317 aligncenter\" src=\"https:\/\/clubourenseatletismo.es\/blog\/wp-content\/uploads\/2020\/10\/IMG-20201003-WA0007-1024x768.jpg\" alt=\"\" width=\"646\" height=\"484\" srcset=\"https:\/\/clubourenseatletismo.es\/blog\/wp-content\/uploads\/2020\/10\/IMG-20201003-WA0007-1024x768.jpg 1024w, https:\/\/clubourenseatletismo.es\/blog\/wp-content\/uploads\/2020\/10\/IMG-20201003-WA0007-300x225.jpg 300w, https:\/\/clubourenseatletismo.es\/blog\/wp-content\/uploads\/2020\/10\/IMG-20201003-WA0007-768x576.jpg 768w, https:\/\/clubourenseatletismo.es\/blog\/wp-content\/uploads\/2020\/10\/IMG-20201003-WA0007-1536x1152.jpg 1536w, https:\/\/clubourenseatletismo.es\/blog\/wp-content\/uploads\/2020\/10\/IMG-20201003-WA0007-800x600.jpg 800w, https:\/\/clubourenseatletismo.es\/blog\/wp-content\/uploads\/2020\/10\/IMG-20201003-WA0007-700x525.jpg 700w, https:\/\/clubourenseatletismo.es\/blog\/wp-content\/uploads\/2020\/10\/IMG-20201003-WA0007.jpg 1600w\" sizes=\"auto, (max-width: 646px) 100vw, 646px\" \/><\/div>\n<div dir=\"auto\">&nbsp;<\/div>\n<div dir=\"auto\">&nbsp;<\/div>\n<div dir=\"auto\">Este pasado s\u00e1bado nuestras miradas estaban puestas en dos focos de atenci\u00f3n, uno de ellos era la disputa de la <span style=\"text-decoration: underline;\"><em>II Jornada de la XXXVII Copa Deputaci\u00f3n Atletismo Orense<\/em><\/span> que tuvo lugar en las pistas de Calabagueiros de O Barco de Valdeorras.<\/div>\n<\/div>\n<div dir=\"auto\">&nbsp;<\/div>\n<div dir=\"auto\">\n<p>En los 300m Javier Trillo logr\u00f3 la 2\u00aa posici\u00f3n con 39.07, mientras que su compa\u00f1ero Rodrigo Diaz alcanzaba la 6\u00aa posici\u00f3n con un crono de 40.61. Mientras la participaci\u00f3n femenina vendr\u00eda de la mano de la atleta Kiara Salgado&nbsp; 3\u00aa en su serie con 51.36.<\/p>\n<p>En la prueba de los lanzamientos destacar\u00eda Mauro G\u00f3mez sub14 ser\u00eda 3\u00ba en la jabalina 500 grs consiguiendo una distancia de 14.61m.<\/p>\n<p>Ya en la secci\u00f3n de saltos y concretamente en la longitud nuestras representantes ser\u00edan Roc\u00edo Mar\u00edn 5\u00aa con 3.84m y Daniela Peiteado 10\u00aa con 3.24m.<\/p>\n<\/div>\n<div dir=\"auto\">&nbsp;<\/div>\n<div dir=\"auto\">&nbsp;<\/div>\n<div dir=\"auto\" style=\"text-align: center;\"><a class=\"fasc-button fasc-size-medium fasc-type-glossy fasc-rounded-medium ico-fa fasc-ico-before fa-trophy\" style=\"background-color: #e66903; color: #ffffff;\" target=\"_blank\" rel=\"noopener noreferrer\" href=\"https:\/\/atletismo.gal\/wp-content\/uploads\/2020\/09\/rob031020.pdf\">Resultados<\/a><\/div>\n<div dir=\"auto\">&nbsp;<\/div>\n<div dir=\"auto\">\n<div class=\"kvgmc6g5 cxmmr5t8 oygrvhab hcukyx3x c1et5uql ii04i59q\">\n<div dir=\"auto\">&nbsp;<\/div>\n<div dir=\"auto\"><img loading=\"lazy\" decoding=\"async\" class=\"wp-image-14315 alignleft\" src=\"https:\/\/clubourenseatletismo.es\/blog\/wp-content\/uploads\/2020\/10\/IMG-20201003-WA0006-768x1024.jpg\" alt=\"\" width=\"278\" height=\"370\" srcset=\"https:\/\/clubourenseatletismo.es\/blog\/wp-content\/uploads\/2020\/10\/IMG-20201003-WA0006-768x1024.jpg 768w, https:\/\/clubourenseatletismo.es\/blog\/wp-content\/uploads\/2020\/10\/IMG-20201003-WA0006-225x300.jpg 225w, https:\/\/clubourenseatletismo.es\/blog\/wp-content\/uploads\/2020\/10\/IMG-20201003-WA0006-1152x1536.jpg 1152w, https:\/\/clubourenseatletismo.es\/blog\/wp-content\/uploads\/2020\/10\/IMG-20201003-WA0006-600x800.jpg 600w, https:\/\/clubourenseatletismo.es\/blog\/wp-content\/uploads\/2020\/10\/IMG-20201003-WA0006-700x933.jpg 700w, https:\/\/clubourenseatletismo.es\/blog\/wp-content\/uploads\/2020\/10\/IMG-20201003-WA0006.jpg 1200w\" sizes=\"auto, (max-width: 278px) 100vw, 278px\" \/><img loading=\"lazy\" decoding=\"async\" class=\"wp-image-14316 alignleft\" src=\"https:\/\/clubourenseatletismo.es\/blog\/wp-content\/uploads\/2020\/10\/IMG-20201003-WA0001-765x1024.jpg\" alt=\"\" width=\"279\" height=\"373\" srcset=\"https:\/\/clubourenseatletismo.es\/blog\/wp-content\/uploads\/2020\/10\/IMG-20201003-WA0001-765x1024.jpg 765w, https:\/\/clubourenseatletismo.es\/blog\/wp-content\/uploads\/2020\/10\/IMG-20201003-WA0001-224x300.jpg 224w, https:\/\/clubourenseatletismo.es\/blog\/wp-content\/uploads\/2020\/10\/IMG-20201003-WA0001-768x1027.jpg 768w, https:\/\/clubourenseatletismo.es\/blog\/wp-content\/uploads\/2020\/10\/IMG-20201003-WA0001-1148x1536.jpg 1148w, https:\/\/clubourenseatletismo.es\/blog\/wp-content\/uploads\/2020\/10\/IMG-20201003-WA0001-600x800.jpg 600w, https:\/\/clubourenseatletismo.es\/blog\/wp-content\/uploads\/2020\/10\/IMG-20201003-WA0001-700x936.jpg 700w, https:\/\/clubourenseatletismo.es\/blog\/wp-content\/uploads\/2020\/10\/IMG-20201003-WA0001.jpg 1196w\" sizes=\"auto, (max-width: 279px) 100vw, 279px\" \/><\/div>\n<div dir=\"auto\">&nbsp;<\/div>\n<div dir=\"auto\">Adem\u00e1s de en O Barco de Valdeorras, tambi\u00e9n hubo participaci\u00f3n de nuestros j\u00f3venes atletas en el<span style=\"text-decoration: underline;\"><em> II Gran Premio R\u00edas Baixas &#8211; Pontevedra<\/em><\/span>, en las pistas de atletismo del Centro Galego De Tecnificaci\u00f3n Deportiva tomaron parte en la parte femenina Carolina Santos atleta sub16 que lograba ser segunda en los 600 mts con un tiempo de 01:46.46, Lara V\u00e1zquez&nbsp; sub16, particip\u00f3 en los 150 mts siendo 2\u00aa en su serie 22.27.<\/div>\n<div dir=\"auto\">En la parte masculina destacable sin lugar a dudas la participaci\u00f3n de Pablo Cudeiro que intratable en la prueba de los 100mts vallas lograba una vez m\u00e1s la victoria (14.85) siendo nuevo r\u00e9cord del club y quedando a tan solo 80 cent\u00e9simas del vigente r\u00e9cord gallego.<\/div>\n<div dir=\"auto\">&nbsp;<\/div>\n<\/div>\n<\/div>\n<div dir=\"auto\">&nbsp;<\/div>\n<div dir=\"auto\" style=\"text-align: center;\"><a class=\"fasc-button fasc-size-medium fasc-type-glossy fasc-rounded-medium ico-fa fasc-ico-before fa-trophy\" style=\"background-color: #e66903; color: #ffffff;\" target=\"_blank\" rel=\"noopener noreferrer\" href=\"https:\/\/atletismo.gal\/wp-content\/uploads\/2020\/09\/rp031020.pdf\">Resultados<\/a><\/div>\n<div dir=\"auto\">&nbsp;<\/div>\n<div dir=\"auto\">&nbsp;<\/div>\n","protected":false},"excerpt":{"rendered":"<p>&nbsp; &nbsp; &nbsp; Este pasado s\u00e1bado nuestras miradas estaban puestas en dos focos de atenci\u00f3n, uno de ellos era la disputa de la II Jornada de la XXXVII Copa Deputaci\u00f3n Atletismo Orense que tuvo lugar en las pistas de Calabagueiros de O Barco de Valdeorras&#8230;.<\/p>\n","protected":false},"author":1,"featured_media":14317,"comment_status":"closed","ping_status":"closed","sticky":false,"template":"","format":"standard","meta":{"footnotes":""},"categories":[9],"tags":[],"class_list":["post-14314","post","type-post","status-publish","format-standard","has-post-thumbnail","hentry","category-resultados"],"aioseo_notices":[],"_links":{"self":[{"href":"https:\/\/clubourenseatletismo.es\/blog\/wp-json\/wp\/v2\/posts\/14314","targetHints":{"allow":["GET"]}}],"collection":[{"href":"https:\/\/clubourenseatletismo.es\/blog\/wp-json\/wp\/v2\/posts"}],"about":[{"href":"https:\/\/clubourenseatletismo.es\/blog\/wp-json\/wp\/v2\/types\/post"}],"author":[{"embeddable":true,"href":"https:\/\/clubourenseatletismo.es\/blog\/wp-json\/wp\/v2\/users\/1"}],"replies":[{"embeddable":true,"href":"https:\/\/clubourenseatletismo.es\/blog\/wp-json\/wp\/v2\/comments?post=14314"}],"version-history":[{"count":5,"href":"https:\/\/clubourenseatletismo.es\/blog\/wp-json\/wp\/v2\/posts\/14314\/revisions"}],"predecessor-version":[{"id":14331,"href":"https:\/\/clubourenseatletismo.es\/blog\/wp-json\/wp\/v2\/posts\/14314\/revisions\/14331"}],"wp:featuredmedia":[{"embeddable":true,"href":"https:\/\/clubourenseatletismo.es\/blog\/wp-json\/wp\/v2\/media\/14317"}],"wp:attachment":[{"href":"https:\/\/clubourenseatletismo.es\/blog\/wp-json\/wp\/v2\/media?parent=14314"}],"wp:term":[{"taxonomy":"category","embeddable":true,"href":"https:\/\/clubourenseatletismo.es\/blog\/wp-json\/wp\/v2\/categories?post=14314"},{"taxonomy":"post_tag","embeddable":true,"href":"https:\/\/clubourenseatletismo.es\/blog\/wp-json\/wp\/v2\/tags?post=14314"}],"curies":[{"name":"wp","href":"https:\/\/api.w.org\/{rel}","templated":true}]}}