{"id":13506,"date":"2020-01-01T15:17:40","date_gmt":"2020-01-01T14:17:40","guid":{"rendered":"https:\/\/clubourenseatletismo.es\/blog\/?p=13506"},"modified":"2020-01-01T15:44:43","modified_gmt":"2020-01-01T14:44:43","slug":"control-de-marcas-p-c","status":"publish","type":"post","link":"https:\/\/clubourenseatletismo.es\/blog\/2020\/01\/01\/control-de-marcas-p-c\/","title":{"rendered":"Control de Marcas P. C."},"content":{"rendered":"<p><img loading=\"lazy\" decoding=\"async\" class=\"wp-image-13507 aligncenter\" src=\"https:\/\/clubourenseatletismo.es\/blog\/wp-content\/uploads\/2020\/01\/control-1.jpg\" alt=\"\" width=\"454\" height=\"340\" srcset=\"https:\/\/clubourenseatletismo.es\/blog\/wp-content\/uploads\/2020\/01\/control-1.jpg 960w, https:\/\/clubourenseatletismo.es\/blog\/wp-content\/uploads\/2020\/01\/control-1-300x225.jpg 300w, https:\/\/clubourenseatletismo.es\/blog\/wp-content\/uploads\/2020\/01\/control-1-768x576.jpg 768w, https:\/\/clubourenseatletismo.es\/blog\/wp-content\/uploads\/2020\/01\/control-1-800x600.jpg 800w, https:\/\/clubourenseatletismo.es\/blog\/wp-content\/uploads\/2020\/01\/control-1-700x525.jpg 700w\" sizes=\"auto, (max-width: 454px) 100vw, 454px\" \/><\/p>\n<p>&nbsp;<\/p>\n<p>El pasado d\u00eda 29 de Diciembre, la pista cubierta de Expourense, acoger\u00eda la \u00faltima de las pruebas de la temporada 18\/19, tal y como la conocemos. A partir de primeros de enero las siguientes temporadas comenzaran y acabaran como el a\u00f1o natural.<\/p>\n<p>Este \u00faltimo control atraer\u00eda a multiples atletas de toda la geograf\u00eda gallega, con el objetivo de mejorar sus marcas personales en una de las mejores instalaciones deportivas. Si bien por su importancia solo destacaremos dos en particular, el atleta sub14 <strong>Javier Malingre<\/strong> lograba superarse y volv\u00eda&nbsp; a establecer un nuevo <strong>r\u00e9cord gallego<\/strong> con un salto de 2.71 mts en la disciplina del salto de p\u00e9rtiga. La otra marca destacable ser\u00eda el nuevo registro que se establece en la categor\u00eda sub16, en los 400 mts donde por primera vez Carmen de la Fuente pondr\u00eda su nombre.<\/p>\n<p>La pr\u00f3xima cita sera el d\u00eda 4 de enero con la disputa del Trofeo + Deporte La Regi\u00f3n<\/p>\n<p>&nbsp;<\/p>\n<p style=\"text-align: center;\"><a class=\"fasc-button fasc-size-medium fasc-type-glossy fasc-rounded-medium ico-fa fasc-ico-before fa-trophy\" style=\"background-color: #e66903; color: #ffffff;\" target=\"_blank\" rel=\"noopener noreferrer\" href=\"https:\/\/atletismo.gal\/wp-content\/uploads\/2019\/12\/ro291219-1.pdf\">Resultados<\/a><\/p>\n<p>&nbsp;<\/p>\n","protected":false},"excerpt":{"rendered":"<p>&nbsp; El pasado d\u00eda 29 de Diciembre, la pista cubierta de Expourense, acoger\u00eda la \u00faltima de las pruebas de la temporada 18\/19, tal y como la conocemos. A partir de primeros de enero las siguientes temporadas comenzaran y acabaran como el a\u00f1o natural. Este \u00faltimo&#8230;<\/p>\n","protected":false},"author":1,"featured_media":13507,"comment_status":"closed","ping_status":"closed","sticky":false,"template":"","format":"standard","meta":{"footnotes":""},"categories":[9],"tags":[],"class_list":["post-13506","post","type-post","status-publish","format-standard","has-post-thumbnail","hentry","category-resultados"],"aioseo_notices":[],"_links":{"self":[{"href":"https:\/\/clubourenseatletismo.es\/blog\/wp-json\/wp\/v2\/posts\/13506","targetHints":{"allow":["GET"]}}],"collection":[{"href":"https:\/\/clubourenseatletismo.es\/blog\/wp-json\/wp\/v2\/posts"}],"about":[{"href":"https:\/\/clubourenseatletismo.es\/blog\/wp-json\/wp\/v2\/types\/post"}],"author":[{"embeddable":true,"href":"https:\/\/clubourenseatletismo.es\/blog\/wp-json\/wp\/v2\/users\/1"}],"replies":[{"embeddable":true,"href":"https:\/\/clubourenseatletismo.es\/blog\/wp-json\/wp\/v2\/comments?post=13506"}],"version-history":[{"count":7,"href":"https:\/\/clubourenseatletismo.es\/blog\/wp-json\/wp\/v2\/posts\/13506\/revisions"}],"predecessor-version":[{"id":13520,"href":"https:\/\/clubourenseatletismo.es\/blog\/wp-json\/wp\/v2\/posts\/13506\/revisions\/13520"}],"wp:featuredmedia":[{"embeddable":true,"href":"https:\/\/clubourenseatletismo.es\/blog\/wp-json\/wp\/v2\/media\/13507"}],"wp:attachment":[{"href":"https:\/\/clubourenseatletismo.es\/blog\/wp-json\/wp\/v2\/media?parent=13506"}],"wp:term":[{"taxonomy":"category","embeddable":true,"href":"https:\/\/clubourenseatletismo.es\/blog\/wp-json\/wp\/v2\/categories?post=13506"},{"taxonomy":"post_tag","embeddable":true,"href":"https:\/\/clubourenseatletismo.es\/blog\/wp-json\/wp\/v2\/tags?post=13506"}],"curies":[{"name":"wp","href":"https:\/\/api.w.org\/{rel}","templated":true}]}}