{"id":12386,"date":"2019-07-07T18:25:42","date_gmt":"2019-07-07T16:25:42","guid":{"rendered":"https:\/\/clubourenseatletismo.es\/blog\/?p=12386"},"modified":"2019-07-07T18:25:44","modified_gmt":"2019-07-07T16:25:44","slug":"blanca-subcampeona-de-espana-sub16","status":"publish","type":"post","link":"https:\/\/clubourenseatletismo.es\/blog\/2019\/07\/07\/blanca-subcampeona-de-espana-sub16\/","title":{"rendered":"Blanca subcampeona de Espa\u00f1a sub16"},"content":{"rendered":"\n<div><img loading=\"lazy\" decoding=\"async\" class=\"wp-image-12387 aligncenter\" src=\"https:\/\/clubourenseatletismo.es\/blog\/wp-content\/uploads\/2019\/07\/unnamed-768x1024.jpg\" alt=\"\" width=\"391\" height=\"521\" srcset=\"https:\/\/clubourenseatletismo.es\/blog\/wp-content\/uploads\/2019\/07\/unnamed-768x1024.jpg 768w, https:\/\/clubourenseatletismo.es\/blog\/wp-content\/uploads\/2019\/07\/unnamed-225x300.jpg 225w, https:\/\/clubourenseatletismo.es\/blog\/wp-content\/uploads\/2019\/07\/unnamed.jpg 960w\" sizes=\"auto, (max-width: 391px) 100vw, 391px\" \/><\/div>\n<div>&nbsp;<\/div>\n<div>Gij\u00f3n acoger\u00eda este fin de semana el <b>XVIII Campeonato de Espa\u00f1a Sub16, <\/b><\/div>\n<div>el <b>Club Ourense Atletismo<\/b> estuvo representado por un total de <b>8 atletas<\/b>.&nbsp;<\/div>\n<div>&nbsp;<\/div>\n<div>La m\u00e1s destacable ser\u00eda <b>Blanca Pereira<\/b> quien se proclamar\u00eda <b><i>Subcampeona de Espa\u00f1a Sub16<\/i><\/b> en la prueba de lanzamiento de martillo al conseguir alcanzar una distancia de 46.36 mts. Con este registro consegu\u00eda una mmp adem\u00e1s de batir el vigente r\u00e9cord del club en esta categor\u00eda<\/div>\n<div>&nbsp;<\/div>\n<div>En lo referente a las actuaciones de los dem\u00e1s atletas, no logramos superar las eliminatorias, en las semifinales de 300 m.l. participaron <b>\u00c1frica Ramos&nbsp;<\/b>(43\u201d43) y&nbsp;<b>Carmen de la Fuente<\/b>&nbsp;(43\u201d96)<\/div>\n<div>&nbsp;<\/div>\n<div><b>Anxela Seoane <\/b>(3\u00b411\u201d71),&nbsp;<b>Martina Fern\u00e1ndez<\/b>&nbsp;(3\u00b409\u201d80)&nbsp;y&nbsp;<b>Clara Mijangos<\/b> (3\u00b418\u201d30) en las semifinales de 1000 m.l.<\/div>\n<div><b>&nbsp;<\/b><\/div>\n<div><b>Carolina Santos<\/b> ser\u00eda 11\u00aa en la final de los 1500 m.obst\u00e1culos con una marca de 5\u00b426\u201d01.<\/div>\n<p>Y por \u00faltimo <b>Brais Manso<\/b> finalizar\u00eda en un fant\u00e1stico 9\u00ba puesto con mejor marca personal 24\u00b444\u201d94 en la prueba de los 5 km marcha, rebajando el anterior r\u00e9cord del club que ya estaba en su poder para esta disciplina .<\/p>\n<p><img loading=\"lazy\" decoding=\"async\" class=\" wp-image-12388 aligncenter\" src=\"https:\/\/clubourenseatletismo.es\/blog\/wp-content\/uploads\/2019\/07\/unnamed1-1024x768.jpg\" alt=\"\" width=\"375\" height=\"281\" srcset=\"https:\/\/clubourenseatletismo.es\/blog\/wp-content\/uploads\/2019\/07\/unnamed1-1024x768.jpg 1024w, https:\/\/clubourenseatletismo.es\/blog\/wp-content\/uploads\/2019\/07\/unnamed1-300x225.jpg 300w, https:\/\/clubourenseatletismo.es\/blog\/wp-content\/uploads\/2019\/07\/unnamed1-768x576.jpg 768w, https:\/\/clubourenseatletismo.es\/blog\/wp-content\/uploads\/2019\/07\/unnamed1.jpg 1280w\" sizes=\"auto, (max-width: 375px) 100vw, 375px\" \/><\/p>\n<table width=\"559\">\n<tbody>\n<tr>\n<td width=\"73\">D. Fuente<\/td>\n<td width=\"99\">Gonz\u00e1lez<\/td>\n<td width=\"47\">Carmen<\/td>\n<td width=\"148\">300 mts<\/td>\n<td width=\"80\">Sub 16<\/td>\n<td width=\"32\">61\u00aa<\/td>\n<td width=\"80\">00:43.96<\/td>\n<\/tr>\n<tr>\n<td>Fern\u00e1ndez<\/td>\n<td>Colmenero<\/td>\n<td>Martina<\/td>\n<td>1.000 mts<\/td>\n<td>Sub 16<\/td>\n<td>21\u00aa<\/td>\n<td>03:09.80<\/td>\n<\/tr>\n<tr>\n<td>G\u00f3mez<\/td>\n<td>Ramos<\/td>\n<td>Africa<\/td>\n<td>300 mts<\/td>\n<td>Sub 16<\/td>\n<td>52\u00aa<\/td>\n<td>00:43.43<\/td>\n<\/tr>\n<tr>\n<td><span style=\"background-color: #99ccff;\">Manso&nbsp;<\/span><\/td>\n<td><span style=\"background-color: #99ccff;\">Delgado<\/span><\/td>\n<td><span style=\"background-color: #99ccff;\">Brais<\/span><\/td>\n<td><span style=\"background-color: #99ccff;\">5km Marcha<\/span><\/td>\n<td><span style=\"background-color: #99ccff;\">Sub 16<\/span><\/td>\n<td><span style=\"background-color: #99ccff;\">9\u00ba<\/span><\/td>\n<td><span style=\"background-color: #99ccff;\">24:44.94<\/span><\/td>\n<\/tr>\n<tr>\n<td>Mijangos<\/td>\n<td>Garc\u00eda-Mendoza<\/td>\n<td>Clara<\/td>\n<td>1.000 mts<\/td>\n<td>Sub 16<\/td>\n<td>32\u00aa<\/td>\n<td>03:18.30<\/td>\n<\/tr>\n<tr>\n<td><span style=\"background-color: #ff6600;\">Pereira<\/span><\/td>\n<td><span style=\"background-color: #ff6600;\">Rub\u00edn<\/span><\/td>\n<td><span style=\"background-color: #ff6600;\">Blanca<\/span><\/td>\n<td><span style=\"background-color: #ff6600;\">L. Martillo 3 kg<\/span><\/td>\n<td><span style=\"background-color: #ff6600;\">Sub 16<\/span><\/td>\n<td><span style=\"background-color: #ff6600;\">2\u00aa<\/span><\/td>\n<td><span style=\"background-color: #ff6600;\">46.36 mts<\/span><\/td>\n<\/tr>\n<tr>\n<td>Santos<\/td>\n<td>Villal\u00f3n<\/td>\n<td>Carolina<\/td>\n<td>1.500 Obst. <\/td>\n<td>Sub 16<\/td>\n<td>11\u00aa<\/td>\n<td>05:26.01<\/td>\n<\/tr>\n<tr>\n<td>Seoane<\/td>\n<td>Rodr\u00edguez<\/td>\n<td>Anxela<\/td>\n<td>1.000 mts<\/td>\n<td>Sub 16<\/td>\n<td>27\u00aa<\/td>\n<td>03:11.71<\/td>\n<\/tr>\n<\/tbody>\n<\/table>\n<p>&nbsp;<\/p>\n<p>Estamos hablando de un Campeonato con los mejores atletas de nuestro pa\u00eds en esas edades, por lo que el solo hecho de conseguir participar ya es un logro important\u00edsimo.<\/p>\n<p style=\"text-align: center;\"><a class=\"fasc-button fasc-size-medium fasc-type-flat\" style=\"background-color: #33809e; color: #ffffff;\" href=\"http:\/\/www.resultadosrfea.es\/20190706_Sub16Gijon\/index.html\">Resultados<\/a><\/p>\n<p>&nbsp;<\/p>\n","protected":false},"excerpt":{"rendered":"<p>&nbsp; Gij\u00f3n acoger\u00eda este fin de semana el XVIII Campeonato de Espa\u00f1a Sub16, el Club Ourense Atletismo estuvo representado por un total de 8 atletas.&nbsp; &nbsp; La m\u00e1s destacable ser\u00eda Blanca Pereira quien se proclamar\u00eda Subcampeona de Espa\u00f1a Sub16 en la prueba de lanzamiento de&#8230;<\/p>\n","protected":false},"author":1,"featured_media":0,"comment_status":"closed","ping_status":"closed","sticky":false,"template":"","format":"standard","meta":{"footnotes":""},"categories":[9],"tags":[],"class_list":["post-12386","post","type-post","status-publish","format-standard","hentry","category-resultados"],"aioseo_notices":[],"_links":{"self":[{"href":"https:\/\/clubourenseatletismo.es\/blog\/wp-json\/wp\/v2\/posts\/12386","targetHints":{"allow":["GET"]}}],"collection":[{"href":"https:\/\/clubourenseatletismo.es\/blog\/wp-json\/wp\/v2\/posts"}],"about":[{"href":"https:\/\/clubourenseatletismo.es\/blog\/wp-json\/wp\/v2\/types\/post"}],"author":[{"embeddable":true,"href":"https:\/\/clubourenseatletismo.es\/blog\/wp-json\/wp\/v2\/users\/1"}],"replies":[{"embeddable":true,"href":"https:\/\/clubourenseatletismo.es\/blog\/wp-json\/wp\/v2\/comments?post=12386"}],"version-history":[{"count":3,"href":"https:\/\/clubourenseatletismo.es\/blog\/wp-json\/wp\/v2\/posts\/12386\/revisions"}],"predecessor-version":[{"id":12391,"href":"https:\/\/clubourenseatletismo.es\/blog\/wp-json\/wp\/v2\/posts\/12386\/revisions\/12391"}],"wp:attachment":[{"href":"https:\/\/clubourenseatletismo.es\/blog\/wp-json\/wp\/v2\/media?parent=12386"}],"wp:term":[{"taxonomy":"category","embeddable":true,"href":"https:\/\/clubourenseatletismo.es\/blog\/wp-json\/wp\/v2\/categories?post=12386"},{"taxonomy":"post_tag","embeddable":true,"href":"https:\/\/clubourenseatletismo.es\/blog\/wp-json\/wp\/v2\/tags?post=12386"}],"curies":[{"name":"wp","href":"https:\/\/api.w.org\/{rel}","templated":true}]}}