{"id":12380,"date":"2019-07-07T18:26:21","date_gmt":"2019-07-07T16:26:21","guid":{"rendered":"https:\/\/clubourenseatletismo.es\/blog\/?p=12380"},"modified":"2019-07-07T18:26:23","modified_gmt":"2019-07-07T16:26:23","slug":"xxxvi-carrera-popular-de-leiro","status":"publish","type":"post","link":"https:\/\/clubourenseatletismo.es\/blog\/2019\/07\/07\/xxxvi-carrera-popular-de-leiro\/","title":{"rendered":"XXXVI CARRERA POPULAR DE LEIRO"},"content":{"rendered":"\n<p><img loading=\"lazy\" decoding=\"async\" class=\"wp-image-12383 aligncenter\" src=\"https:\/\/clubourenseatletismo.es\/blog\/wp-content\/uploads\/2019\/07\/IMG-20190707-WA0002-768x1024.jpg\" alt=\"\" width=\"290\" height=\"387\" srcset=\"https:\/\/clubourenseatletismo.es\/blog\/wp-content\/uploads\/2019\/07\/IMG-20190707-WA0002-768x1024.jpg 768w, https:\/\/clubourenseatletismo.es\/blog\/wp-content\/uploads\/2019\/07\/IMG-20190707-WA0002-225x300.jpg 225w, https:\/\/clubourenseatletismo.es\/blog\/wp-content\/uploads\/2019\/07\/IMG-20190707-WA0002.jpg 1062w\" sizes=\"auto, (max-width: 290px) 100vw, 290px\" \/>Esta ma\u00f1ana de domingo, la localidad de Leiro ha acogido la celebraci\u00f3n de la ya tradicional carrera popular, en esa ocasi\u00f3n ser\u00eda la 32\u00aa edici\u00f3n.<\/p>\n<p>Debemos destacar a <span style=\"background-color: #99ccff;\">Saturnino Gonz\u00e1lez<\/span> que ser\u00eda el vencedor en su categor\u00eda al igual que a <span style=\"background-color: #99ccff;\">Miguel Carbajales<\/span> que ser\u00eda segundo en su carrera.<\/p>\n<p>Resultados:<\/p>\n<p>Categor\u00eda D y E:<\/p>\n<table class=\"table\" style=\"width: 82.5%;\">\n<tbody>\n<tr>\n<td style=\"width: 5.13834%;\">4<\/td>\n<td style=\"width: 72.6108%;\"><a href=\"https:\/\/championchipnorte.com\/resultados\/xxxvi-carrera-popular-de-leiro\/categoria-d-y-e\/dorsal-516\"> MIGUEL CARBAJALES CASTRO<\/a><\/td>\n<td style=\"width: 54.6618%;\"><a href=\"https:\/\/championchipnorte.com\/resultados\/xxxvi-carrera-popular-de-leiro\/categoria-d-y-e\/dorsal-516\"> M-4 <\/a><\/td>\n<td style=\"width: 23.3202%;\">S16M-2<\/td>\n<td style=\"width: 65.3755%;\">00:07:55<\/td>\n<\/tr>\n<\/tbody>\n<\/table>\n<p><img loading=\"lazy\" decoding=\"async\" class=\"wp-image-12382 aligncenter\" src=\"https:\/\/clubourenseatletismo.es\/blog\/wp-content\/uploads\/2019\/07\/IMG-20190707-WA0001-768x1024.jpg\" alt=\"\" width=\"261\" height=\"348\" srcset=\"https:\/\/clubourenseatletismo.es\/blog\/wp-content\/uploads\/2019\/07\/IMG-20190707-WA0001-768x1024.jpg 768w, https:\/\/clubourenseatletismo.es\/blog\/wp-content\/uploads\/2019\/07\/IMG-20190707-WA0001-225x300.jpg 225w, https:\/\/clubourenseatletismo.es\/blog\/wp-content\/uploads\/2019\/07\/IMG-20190707-WA0001.jpg 1062w\" sizes=\"auto, (max-width: 261px) 100vw, 261px\" \/>Categor\u00eda C:<\/p>\n<table class=\"table\" style=\"width: 83.1319%;\">\n<tbody>\n<tr>\n<td style=\"width: 6.06061%;\">16<\/td>\n<td style=\"width: 22.0386%;\"><a href=\"https:\/\/championchipnorte.com\/resultados\/xxxvi-carrera-popular-de-leiro\/categoria-c\/dorsal-618\"> SHEILA <\/a><\/td>\n<td style=\"width: 39.2585%;\"><a href=\"https:\/\/championchipnorte.com\/resultados\/xxxvi-carrera-popular-de-leiro\/categoria-c\/dorsal-618\"> VARELA SALGADO <\/a><\/td>\n<td style=\"width: 2.07469%;\">F-8<\/td>\n<td style=\"width: 17.3554%;\">S12F-8<\/td>\n<td style=\"width: 39.0387%;\">00:06:12<\/td>\n<\/tr>\n<tr>\n<td style=\"width: 6.06061%;\">31<\/td>\n<td style=\"width: 22.0386%;\"><a href=\"https:\/\/championchipnorte.com\/resultados\/xxxvi-carrera-popular-de-leiro\/categoria-c\/dorsal-617\"> CANDELA <\/a><\/td>\n<td style=\"width: 39.2585%;\"><a href=\"https:\/\/championchipnorte.com\/resultados\/xxxvi-carrera-popular-de-leiro\/categoria-c\/dorsal-617\"> IGLESIAS VAZQUEZ <\/a><\/td>\n<td style=\"width: 2.07469%;\">F-16<\/td>\n<td style=\"width: 17.3554%;\">S12F-16<\/td>\n<td style=\"width: 39.0387%;\">00:07:06<\/td>\n<\/tr>\n<\/tbody>\n<\/table>\n<p>Categor\u00eda Absoluta:<\/p>\n<table class=\"table\" style=\"width: 88.046%;\">\n<tbody>\n<tr>\n<td style=\"width: 7.24299%;\">10<\/td>\n<td style=\"width: 22.4299%;\"><a href=\"https:\/\/championchipnorte.com\/resultados\/xxxvi-carrera-popular-de-leiro\/absoluta-2001-e-anteriores\/dorsal-299\"> SATURNINO <\/a><\/td>\n<td style=\"width: 38.6026%;\"><a href=\"https:\/\/championchipnorte.com\/resultados\/xxxvi-carrera-popular-de-leiro\/absoluta-2001-e-anteriores\/dorsal-299\"> GONZALEZ NOVOA <\/a><\/td>\n<td style=\"width: 1.95695%;\">M-10<\/td>\n<td style=\"width: 20.3271%;\">MASEM-1<\/td>\n<td style=\"width: 29.9065%;\">00:32:37<\/td>\n<\/tr>\n<tr>\n<td style=\"width: 7.24299%;\">67<\/td>\n<td style=\"width: 22.4299%;\"><a href=\"https:\/\/championchipnorte.com\/resultados\/xxxvi-carrera-popular-de-leiro\/absoluta-2001-e-anteriores\/dorsal-298\"> ELISEO <\/a><\/td>\n<td style=\"width: 38.6026%;\"><a href=\"https:\/\/championchipnorte.com\/resultados\/xxxvi-carrera-popular-de-leiro\/absoluta-2001-e-anteriores\/dorsal-298\"> FABELLO CID <\/a><\/td>\n<td style=\"width: 1.95695%;\">M-63<\/td>\n<td style=\"width: 20.3271%;\">MASBM-15<\/td>\n<td style=\"width: 29.9065%;\">00:38:07<\/td>\n<\/tr>\n<tr>\n<td style=\"width: 7.24299%;\">259<\/td>\n<td style=\"width: 22.4299%;\"><a href=\"https:\/\/championchipnorte.com\/resultados\/xxxvi-carrera-popular-de-leiro\/absoluta-2001-e-anteriores\/dorsal-297\"> MARIA JOSE <\/a><\/td>\n<td style=\"width: 38.6026%;\"><a href=\"https:\/\/championchipnorte.com\/resultados\/xxxvi-carrera-popular-de-leiro\/absoluta-2001-e-anteriores\/dorsal-297\"> TOURON NOVELLE <\/a><\/td>\n<td style=\"width: 1.95695%;\">F-42<\/td>\n<td style=\"width: 20.3271%;\">MASAF-12<\/td>\n<td style=\"width: 29.9065%;\">00:50:15<\/td>\n<\/tr>\n<\/tbody>\n<\/table>\n<p>&nbsp;<\/p>\n<p style=\"text-align: center;\"><a class=\"fasc-button fasc-size-medium fasc-type-glossy fasc-rounded-medium ico-fa fasc-ico-before fa-trophy\" style=\"background-color: #e66903; color: #ffffff;\" target=\"_blank\" href=\"https:\/\/championchipnorte.com\/resultados\/xxxvi-carrera-popular-de-leiro\/categoria-b\/0?c=&amp;s=&amp;search=ourense+atletismo\" rel=\"noopener noreferrer\">Resultados<\/a><\/p>\n","protected":false},"excerpt":{"rendered":"<p>Esta ma\u00f1ana de domingo, la localidad de Leiro ha acogido la celebraci\u00f3n de la ya tradicional carrera popular, en esa ocasi\u00f3n ser\u00eda la 32\u00aa edici\u00f3n. Debemos destacar a Saturnino Gonz\u00e1lez que ser\u00eda el vencedor en su categor\u00eda al igual que a Miguel Carbajales que ser\u00eda&#8230;<\/p>\n","protected":false},"author":1,"featured_media":0,"comment_status":"closed","ping_status":"closed","sticky":false,"template":"","format":"standard","meta":{"footnotes":""},"categories":[7],"tags":[],"class_list":["post-12380","post","type-post","status-publish","format-standard","hentry","category-noticias"],"aioseo_notices":[],"_links":{"self":[{"href":"https:\/\/clubourenseatletismo.es\/blog\/wp-json\/wp\/v2\/posts\/12380","targetHints":{"allow":["GET"]}}],"collection":[{"href":"https:\/\/clubourenseatletismo.es\/blog\/wp-json\/wp\/v2\/posts"}],"about":[{"href":"https:\/\/clubourenseatletismo.es\/blog\/wp-json\/wp\/v2\/types\/post"}],"author":[{"embeddable":true,"href":"https:\/\/clubourenseatletismo.es\/blog\/wp-json\/wp\/v2\/users\/1"}],"replies":[{"embeddable":true,"href":"https:\/\/clubourenseatletismo.es\/blog\/wp-json\/wp\/v2\/comments?post=12380"}],"version-history":[{"count":3,"href":"https:\/\/clubourenseatletismo.es\/blog\/wp-json\/wp\/v2\/posts\/12380\/revisions"}],"predecessor-version":[{"id":12385,"href":"https:\/\/clubourenseatletismo.es\/blog\/wp-json\/wp\/v2\/posts\/12380\/revisions\/12385"}],"wp:attachment":[{"href":"https:\/\/clubourenseatletismo.es\/blog\/wp-json\/wp\/v2\/media?parent=12380"}],"wp:term":[{"taxonomy":"category","embeddable":true,"href":"https:\/\/clubourenseatletismo.es\/blog\/wp-json\/wp\/v2\/categories?post=12380"},{"taxonomy":"post_tag","embeddable":true,"href":"https:\/\/clubourenseatletismo.es\/blog\/wp-json\/wp\/v2\/tags?post=12380"}],"curies":[{"name":"wp","href":"https:\/\/api.w.org\/{rel}","templated":true}]}}