{"id":12233,"date":"2019-06-16T19:51:38","date_gmt":"2019-06-16T17:51:38","guid":{"rendered":"https:\/\/clubourenseatletismo.es\/blog\/?p=12233"},"modified":"2019-06-16T19:51:40","modified_gmt":"2019-06-16T17:51:40","slug":"buscando-marcas","status":"publish","type":"post","link":"https:\/\/clubourenseatletismo.es\/blog\/2019\/06\/16\/buscando-marcas\/","title":{"rendered":"Buscando Marcas"},"content":{"rendered":"<h6>XIV Trofeo Vila de Cangas de Atletismo en pista<\/h6>\n<p><img loading=\"lazy\" decoding=\"async\" class=\" wp-image-12228 aligncenter\" src=\"https:\/\/clubourenseatletismo.es\/blog\/wp-content\/uploads\/2019\/06\/IMG-20190616-WA0004-1024x768.jpg\" alt=\"\" width=\"399\" height=\"299\" srcset=\"https:\/\/clubourenseatletismo.es\/blog\/wp-content\/uploads\/2019\/06\/IMG-20190616-WA0004-1024x768.jpg 1024w, https:\/\/clubourenseatletismo.es\/blog\/wp-content\/uploads\/2019\/06\/IMG-20190616-WA0004-300x225.jpg 300w, https:\/\/clubourenseatletismo.es\/blog\/wp-content\/uploads\/2019\/06\/IMG-20190616-WA0004-768x576.jpg 768w, https:\/\/clubourenseatletismo.es\/blog\/wp-content\/uploads\/2019\/06\/IMG-20190616-WA0004.jpg 1600w\" sizes=\"auto, (max-width: 399px) 100vw, 399px\" \/><\/p>\n<p>La atleta sub 16 Carolina Santos acudi\u00f3 el pasado viernes al&nbsp; XV Trofeo Vila de Cangas de Atletismo en Pista para participar en la prueba de los 1000 mts, lograba ser tercera en un apretado sprint consegu\u00eda alcanzar la m\u00ednima para el campeonato de Espa\u00f1a 03:07.39.<\/p>\n<p style=\"text-align: center;\"><a class=\"fasc-button fasc-size-medium fasc-type-glossy fasc-rounded-medium ico-fa fasc-ico-before fa-trophy\" style=\"background-color: #e66903; color: #ffffff;\" href=\"https:\/\/atletismo.gal\/wp-content\/uploads\/2019\/04\/rv140619.pdf\" target=\"_blank\" rel=\"noopener\">Resultados<\/a><\/p>\n<div class=\"col-md-3\">\n<div class=\"post-thumbnail\">\n<header>\n<h6>3\u00aa Xornada Series Municipais IV Circu\u00edto Concello de Vigo<\/h6>\n<p>Espl\u00e9ndida result\u00f3 la tercera jornada de la Serie Municipal del IV Circuito Concello de Vigo, ayer en las pistas de Bala\u00eddos, con centenares de participantes de toda la comunidad.&nbsp; Se obtuvieron excelentes marcas, en una competici\u00f3n que estuvo bajo la organizaci\u00f3n de la Agrupaci\u00f3n Viguesa de Atletismo y supervisada por el control t\u00e9cnico del Comit\u00e9 Gallego de Jueces.<\/p>\n<p>Resultados de nuestros atletas:<\/p>\n<\/header>\n<\/div>\n<\/div>\n<table width=\"401\">\n<tbody>\n<tr>\n<td>Santos<\/td>\n<td>Villal\u00f3n<\/td>\n<td>Carolina<\/td>\n<td>600 mts<\/td>\n<td>Sub 16<\/td>\n<td>1\u00aa<\/td>\n<td>01:43.57<\/td>\n<\/tr>\n<tr>\n<td>Rodr\u00edguez<\/td>\n<td>Abad<\/td>\n<td>Ant\u00eda<\/td>\n<td>800 mts<\/td>\n<td>Sub 23<\/td>\n<td>2\u00aa<\/td>\n<td>02:36.14<\/td>\n<\/tr>\n<tr>\n<td>Justo<\/td>\n<td>Villar<\/td>\n<td>Fabio<\/td>\n<td>800 mts<\/td>\n<td>Sub 18<\/td>\n<td>4\u00ba<\/td>\n<td>02:01.20<\/td>\n<\/tr>\n<tr>\n<td>M\u00edguez<\/td>\n<td>Seara<\/td>\n<td>Mart\u00edn<\/td>\n<td>800 mts<\/td>\n<td>Sub 18<\/td>\n<td>5\u00ba<\/td>\n<td>02:01.54<\/td>\n<\/tr>\n<\/tbody>\n<\/table>\n<p style=\"text-align: center;\"><a class=\"fasc-button fasc-size-medium fasc-type-glossy fasc-rounded-medium ico-fa fasc-ico-before fa-trophy\" style=\"background-color: #e66903; color: #ffffff;\" href=\"https:\/\/atletismo.gal\/wp-content\/uploads\/2019\/03\/rv150619.pdf\" target=\"_blank\" rel=\"noopener\">Resultados<\/a><\/p>\n<h6 class=\"entry-title\">II Copa de Clubs M\u00e1ster<\/h6>\n<p><img loading=\"lazy\" decoding=\"async\" class=\"wp-image-12227 aligncenter\" src=\"https:\/\/clubourenseatletismo.es\/blog\/wp-content\/uploads\/2019\/06\/rita.jpg\" alt=\"\" width=\"412\" height=\"309\" srcset=\"https:\/\/clubourenseatletismo.es\/blog\/wp-content\/uploads\/2019\/06\/rita.jpg 960w, https:\/\/clubourenseatletismo.es\/blog\/wp-content\/uploads\/2019\/06\/rita-300x225.jpg 300w, https:\/\/clubourenseatletismo.es\/blog\/wp-content\/uploads\/2019\/06\/rita-768x576.jpg 768w\" sizes=\"auto, (max-width: 412px) 100vw, 412px\" \/><\/p>\n<p>Rita V\u00e1zquez Gonz\u00e1lez&nbsp; participar\u00eda dentro de esta copa en los 5000 mts marcha (28:43.19), el objetivo era obtener la m\u00ednima nacional aunque no pudo ser. Sin duda, est\u00e1 realizando una estupenda temporada,&nbsp; \u00e1nimo y a seguir progresando.<\/p>\n<p style=\"text-align: center;\"><a class=\"fasc-button fasc-size-medium fasc-type-glossy fasc-rounded-medium ico-fa fasc-ico-before fa-trophy\" style=\"background-color: #e66903; color: #ffffff;\" href=\"https:\/\/atletismo.gal\/wp-content\/uploads\/2019\/04\/rc150619.pdf\" target=\"_blank\" rel=\"noopener\">Resultados<\/a><\/p>\n","protected":false},"excerpt":{"rendered":"<p>XIV Trofeo Vila de Cangas de Atletismo en pista La atleta sub 16 Carolina Santos acudi\u00f3 el pasado viernes al&nbsp; XV Trofeo Vila de Cangas de Atletismo en Pista para participar en la prueba de los 1000 mts, lograba ser tercera en un apretado sprint&#8230;<\/p>\n","protected":false},"author":1,"featured_media":0,"comment_status":"closed","ping_status":"closed","sticky":false,"template":"","format":"standard","meta":{"footnotes":""},"categories":[9],"tags":[],"class_list":["post-12233","post","type-post","status-publish","format-standard","hentry","category-resultados"],"aioseo_notices":[],"_links":{"self":[{"href":"https:\/\/clubourenseatletismo.es\/blog\/wp-json\/wp\/v2\/posts\/12233","targetHints":{"allow":["GET"]}}],"collection":[{"href":"https:\/\/clubourenseatletismo.es\/blog\/wp-json\/wp\/v2\/posts"}],"about":[{"href":"https:\/\/clubourenseatletismo.es\/blog\/wp-json\/wp\/v2\/types\/post"}],"author":[{"embeddable":true,"href":"https:\/\/clubourenseatletismo.es\/blog\/wp-json\/wp\/v2\/users\/1"}],"replies":[{"embeddable":true,"href":"https:\/\/clubourenseatletismo.es\/blog\/wp-json\/wp\/v2\/comments?post=12233"}],"version-history":[{"count":8,"href":"https:\/\/clubourenseatletismo.es\/blog\/wp-json\/wp\/v2\/posts\/12233\/revisions"}],"predecessor-version":[{"id":12242,"href":"https:\/\/clubourenseatletismo.es\/blog\/wp-json\/wp\/v2\/posts\/12233\/revisions\/12242"}],"wp:attachment":[{"href":"https:\/\/clubourenseatletismo.es\/blog\/wp-json\/wp\/v2\/media?parent=12233"}],"wp:term":[{"taxonomy":"category","embeddable":true,"href":"https:\/\/clubourenseatletismo.es\/blog\/wp-json\/wp\/v2\/categories?post=12233"},{"taxonomy":"post_tag","embeddable":true,"href":"https:\/\/clubourenseatletismo.es\/blog\/wp-json\/wp\/v2\/tags?post=12233"}],"curies":[{"name":"wp","href":"https:\/\/api.w.org\/{rel}","templated":true}]}}