{"id":12034,"date":"2019-06-01T16:12:07","date_gmt":"2019-06-01T14:12:07","guid":{"rendered":"https:\/\/clubourenseatletismo.es\/blog\/?p=12034"},"modified":"2019-06-01T16:12:09","modified_gmt":"2019-06-01T14:12:09","slug":"vii-trofeo-once-enki-arceclima","status":"publish","type":"post","link":"https:\/\/clubourenseatletismo.es\/blog\/2019\/06\/01\/vii-trofeo-once-enki-arceclima\/","title":{"rendered":"VII Trofeo Once Enki Arceclima"},"content":{"rendered":"<p><img loading=\"lazy\" decoding=\"async\" class=\"wp-image-12035 aligncenter\" src=\"https:\/\/clubourenseatletismo.es\/blog\/wp-content\/uploads\/2019\/06\/IMG-20190601-WA00001-768x1024.jpg\" alt=\"\" width=\"302\" height=\"403\" srcset=\"https:\/\/clubourenseatletismo.es\/blog\/wp-content\/uploads\/2019\/06\/IMG-20190601-WA00001-768x1024.jpg 768w, https:\/\/clubourenseatletismo.es\/blog\/wp-content\/uploads\/2019\/06\/IMG-20190601-WA00001-225x300.jpg 225w, https:\/\/clubourenseatletismo.es\/blog\/wp-content\/uploads\/2019\/06\/IMG-20190601-WA00001.jpg 1200w\" sizes=\"auto, (max-width: 302px) 100vw, 302px\" \/><\/p>\n<p>Varios atletas del club en un d\u00eda de intenso calor quisieron aprovechar la ocasi\u00f3n para participar en el <span class=\"art-postheadericon\">VII\u00ba Trofeo Once Enki Arceclima. Este evento estaba organizado por el Club Atletismo Sada y la O.N.C.E. en las pistas del I.n.e.f. de Bastiagueiro.<br \/>\n<\/span><\/p>\n<p>En cuanto a los resultados alcanzados en la prueba de los 1.000 mts donde participaron: Ant\u00eda Castro impondr\u00eda un nuevo r\u00e9cord del club, destacables las marcas m\u00ednimas para el nacional de Anxela y Martina, consiguiendo mejor marcas personales al igual que Mart\u00edn M\u00edguez.<\/p>\n<p>Resultados:<\/p>\n<table style=\"height: 150px; width: 458px;\" width=\"299\">\n<tbody>\n<tr style=\"height: 30px;\">\n<td style=\"height: 30px; width: 88.6167px;\"><span style=\"color: #99ccff;\">Castro<\/span><\/td>\n<td style=\"height: 30px; width: 145.883px;\"><span style=\"color: #99ccff;\">P\u00e9rez<\/span><\/td>\n<td style=\"height: 30px; width: 65.4333px;\"><span style=\"color: #99ccff;\">Ant\u00eda<\/span><\/td>\n<td style=\"height: 30px; width: 66.45px;\"><span style=\"color: #99ccff;\">Sub 18<\/span><\/td>\n<td style=\"height: 30px; width: 77.7833px;\"><span style=\"color: #99ccff;\">03:05.26<\/span><\/td>\n<\/tr>\n<tr style=\"height: 30px;\">\n<td style=\"height: 30px; width: 88.6167px;\">Fern\u00e1ndez<\/td>\n<td style=\"height: 30px; width: 145.883px;\">Colmenero<\/td>\n<td style=\"height: 30px; width: 65.4333px;\">Martina<\/td>\n<td style=\"height: 30px; width: 66.45px;\">Sub 16<\/td>\n<td style=\"height: 30px; width: 77.7833px;\">03:05.91<\/td>\n<\/tr>\n<tr style=\"height: 30px;\">\n<td style=\"height: 30px; width: 88.6167px;\">M\u00edguez<\/td>\n<td style=\"height: 30px; width: 145.883px;\">Seara<\/td>\n<td style=\"height: 30px; width: 65.4333px;\">Mart\u00edn<\/td>\n<td style=\"height: 30px; width: 66.45px;\">Sub 18<\/td>\n<td style=\"height: 30px; width: 77.7833px;\">02:46.45<\/td>\n<\/tr>\n<tr style=\"height: 30px;\">\n<td style=\"height: 30px; width: 88.6167px;\">Mijangos<\/td>\n<td style=\"height: 30px; width: 145.883px;\">Garc\u00eda-Mendoza<\/td>\n<td style=\"height: 30px; width: 65.4333px;\">Clara<\/td>\n<td style=\"height: 30px; width: 66.45px;\">Sub 16<\/td>\n<td style=\"height: 30px; width: 77.7833px;\">03:13.14<\/td>\n<\/tr>\n<tr style=\"height: 30px;\">\n<td style=\"height: 30px; width: 88.6167px;\">Seoane<\/td>\n<td style=\"height: 30px; width: 145.883px;\">Rodr\u00edguez<\/td>\n<td style=\"height: 30px; width: 65.4333px;\">Anxela<\/td>\n<td style=\"height: 30px; width: 66.45px;\">Sub 16<\/td>\n<td style=\"height: 30px; width: 77.7833px;\">03:05.32<\/td>\n<\/tr>\n<\/tbody>\n<\/table>\n<p style=\"text-align: center;\"><a class=\"fasc-button fasc-size-medium fasc-type-glossy fasc-rounded-medium ico-fa fasc-ico-before fa-trophy\" style=\"background-color: #e66903; color: #ffffff;\" target=\"_blank\" rel=\"noopener\" href=\"https:\/\/atletismo.gal\/wp-content\/uploads\/2019\/05\/rc250519.pdf\">Resultados<\/a><\/p>\n<p>&nbsp;<\/p>\n","protected":false},"excerpt":{"rendered":"<p>Varios atletas del club en un d\u00eda de intenso calor quisieron aprovechar la ocasi\u00f3n para participar en el VII\u00ba Trofeo Once Enki Arceclima. Este evento estaba organizado por el Club Atletismo Sada y la O.N.C.E. en las pistas del I.n.e.f. de Bastiagueiro. En cuanto a&#8230;<\/p>\n","protected":false},"author":1,"featured_media":0,"comment_status":"closed","ping_status":"closed","sticky":false,"template":"","format":"standard","meta":{"footnotes":""},"categories":[9],"tags":[],"class_list":["post-12034","post","type-post","status-publish","format-standard","hentry","category-resultados"],"aioseo_notices":[],"_links":{"self":[{"href":"https:\/\/clubourenseatletismo.es\/blog\/wp-json\/wp\/v2\/posts\/12034","targetHints":{"allow":["GET"]}}],"collection":[{"href":"https:\/\/clubourenseatletismo.es\/blog\/wp-json\/wp\/v2\/posts"}],"about":[{"href":"https:\/\/clubourenseatletismo.es\/blog\/wp-json\/wp\/v2\/types\/post"}],"author":[{"embeddable":true,"href":"https:\/\/clubourenseatletismo.es\/blog\/wp-json\/wp\/v2\/users\/1"}],"replies":[{"embeddable":true,"href":"https:\/\/clubourenseatletismo.es\/blog\/wp-json\/wp\/v2\/comments?post=12034"}],"version-history":[{"count":4,"href":"https:\/\/clubourenseatletismo.es\/blog\/wp-json\/wp\/v2\/posts\/12034\/revisions"}],"predecessor-version":[{"id":12039,"href":"https:\/\/clubourenseatletismo.es\/blog\/wp-json\/wp\/v2\/posts\/12034\/revisions\/12039"}],"wp:attachment":[{"href":"https:\/\/clubourenseatletismo.es\/blog\/wp-json\/wp\/v2\/media?parent=12034"}],"wp:term":[{"taxonomy":"category","embeddable":true,"href":"https:\/\/clubourenseatletismo.es\/blog\/wp-json\/wp\/v2\/categories?post=12034"},{"taxonomy":"post_tag","embeddable":true,"href":"https:\/\/clubourenseatletismo.es\/blog\/wp-json\/wp\/v2\/tags?post=12034"}],"curies":[{"name":"wp","href":"https:\/\/api.w.org\/{rel}","templated":true}]}}