{"id":11711,"date":"2019-05-05T18:40:09","date_gmt":"2019-05-05T16:40:09","guid":{"rendered":"https:\/\/clubourenseatletismo.es\/blog\/?p=11711"},"modified":"2019-05-05T18:40:11","modified_gmt":"2019-05-05T16:40:11","slug":"pruebas-populares","status":"publish","type":"post","link":"https:\/\/clubourenseatletismo.es\/blog\/2019\/05\/05\/pruebas-populares\/","title":{"rendered":"Pruebas Populares"},"content":{"rendered":"<h6><img loading=\"lazy\" decoding=\"async\" class=\" wp-image-11712 aligncenter\" src=\"https:\/\/clubourenseatletismo.es\/blog\/wp-content\/uploads\/2019\/05\/IMG-20190505-WA0000-1024x768.jpg\" alt=\"\" width=\"441\" height=\"331\" srcset=\"https:\/\/clubourenseatletismo.es\/blog\/wp-content\/uploads\/2019\/05\/IMG-20190505-WA0000-1024x768.jpg 1024w, https:\/\/clubourenseatletismo.es\/blog\/wp-content\/uploads\/2019\/05\/IMG-20190505-WA0000-300x225.jpg 300w, https:\/\/clubourenseatletismo.es\/blog\/wp-content\/uploads\/2019\/05\/IMG-20190505-WA0000-768x576.jpg 768w, https:\/\/clubourenseatletismo.es\/blog\/wp-content\/uploads\/2019\/05\/IMG-20190505-WA0000.jpg 1600w\" sizes=\"auto, (max-width: 441px) 100vw, 441px\" \/><\/h6>\n<p>Varias pruebas populares acoger\u00edan a nuestros atletas esta semana. Entre las principales destacaremos estas tres.<\/p>\n<h6>CARREIRA DO VINTEUN (CxOU 2019)<\/h6>\n<p>El circuito \u00abCorrendo por Ourense\u00bb&nbsp; di\u00f3 el pistoletazo de salida hoy a las 11 de la ma\u00f1ana y lo hizo como viene siendo habitual en esta IX edici\u00f3n con la carrera de O Vinte\u00fan, . \u00c9sta, como las otras cinco pruebas, pertenece al calendario de la Federaci\u00f3n gallega de atletismo, para entrar en la clasificaci\u00f3n general del Circuito ser\u00e1 obligatorio participar en al menos cinco carreras. Se descartar\u00e1 el peor resultado si se ha participado en las seis.<\/p>\n<p>Las distancias est\u00e1n pensadas para todos los p\u00fablicos y segmentos de edad, ya que la filosof\u00eda de estas pruebas es la participaci\u00f3n. Las distancias de cada categor\u00eda son aproximadamente: 100 metros para \u2018Pitufos\u2019 (hasta 7 a\u00f1os); 1.500 m. para benjamines (8-9 a\u00f1os) y alevines (10-11 a\u00f1os); 2.400 m. para las categor\u00edas infantiles (12-13 a\u00f1os) y cadetes (14-15 a\u00f1os), y por \u00faltimo 6.000 m. para el resto: juveniles (16-17 a\u00f1os), j\u00faniors (18-19 a\u00f1os), promesas (20-22 a\u00f1os), s\u00e9niors (23-35 a\u00f1os) y m\u00e1ster.<\/p>\n<p>&nbsp;<\/p>\n<p>Benxam\u00edn e Alev\u00edn:<\/p>\n<table class=\"table\" style=\"width: 553px;\">\n<tbody>\n<tr>\n<td style=\"width: 25.5833px;\">1<\/td>\n<td style=\"width: 109.267px;\"><a href=\"https:\/\/championchipnorte.com\/resultados\/carreira-do-vinteun-cxou-2019\/benxamin-sub10-10-11-e-alevin-sub12-08-09\/dorsal-2035\"> FERNANDO <\/a><\/td>\n<td style=\"width: 194.6px;\"><a href=\"https:\/\/championchipnorte.com\/resultados\/carreira-do-vinteun-cxou-2019\/benxamin-sub10-10-11-e-alevin-sub12-08-09\/dorsal-2035\"> TRAPOTE RIVAS <\/a><\/td>\n<td style=\"width: 49.2px;\">M-1<\/td>\n<td style=\"width: 79.7833px;\">S12M-1<\/td>\n<td style=\"width: 78.7333px;\">00:05:21<\/td>\n<\/tr>\n<tr>\n<td style=\"width: 25.5833px;\">3<\/td>\n<td style=\"width: 109.267px;\"><a href=\"https:\/\/championchipnorte.com\/resultados\/carreira-do-vinteun-cxou-2019\/benxamin-sub10-10-11-e-alevin-sub12-08-09\/dorsal-2027\"> IRIA <\/a><\/td>\n<td style=\"width: 194.6px;\"><a href=\"https:\/\/championchipnorte.com\/resultados\/carreira-do-vinteun-cxou-2019\/benxamin-sub10-10-11-e-alevin-sub12-08-09\/dorsal-2027\"> SOLERA MOVILLA <\/a><\/td>\n<td style=\"width: 49.2px;\">F-1<\/td>\n<td style=\"width: 79.7833px;\">S12F-1<\/td>\n<td style=\"width: 78.7333px;\">00:05:28<\/td>\n<\/tr>\n<tr>\n<td style=\"width: 25.5833px;\">9<\/td>\n<td style=\"width: 109.267px;\"><a href=\"https:\/\/championchipnorte.com\/resultados\/carreira-do-vinteun-cxou-2019\/benxamin-sub10-10-11-e-alevin-sub12-08-09\/dorsal-2031\"> LARA <\/a><\/td>\n<td style=\"width: 194.6px;\"><a href=\"https:\/\/championchipnorte.com\/resultados\/carreira-do-vinteun-cxou-2019\/benxamin-sub10-10-11-e-alevin-sub12-08-09\/dorsal-2031\"> VAZQUEZ GONZ\u00c1LEZ <\/a><\/td>\n<td style=\"width: 49.2px;\">F-5<\/td>\n<td style=\"width: 79.7833px;\">S12F-5<\/td>\n<td style=\"width: 78.7333px;\">00:05:50<\/td>\n<\/tr>\n<tr>\n<td style=\"width: 25.5833px;\">12<\/td>\n<td style=\"width: 109.267px;\"><a href=\"https:\/\/championchipnorte.com\/resultados\/carreira-do-vinteun-cxou-2019\/benxamin-sub10-10-11-e-alevin-sub12-08-09\/dorsal-2034\"> ZAIRA <\/a><\/td>\n<td style=\"width: 194.6px;\"><a href=\"https:\/\/championchipnorte.com\/resultados\/carreira-do-vinteun-cxou-2019\/benxamin-sub10-10-11-e-alevin-sub12-08-09\/dorsal-2034\"> RODR\u00cdGUEZ FIDALGO <\/a><\/td>\n<td style=\"width: 49.2px;\">F-6<\/td>\n<td style=\"width: 79.7833px;\">S12F-6<\/td>\n<td style=\"width: 78.7333px;\">00:06:05<\/td>\n<\/tr>\n<tr>\n<td style=\"width: 25.5833px;\">15<\/td>\n<td style=\"width: 109.267px;\"><a href=\"https:\/\/championchipnorte.com\/resultados\/carreira-do-vinteun-cxou-2019\/benxamin-sub10-10-11-e-alevin-sub12-08-09\/dorsal-2044\"> MAURO <\/a><\/td>\n<td style=\"width: 194.6px;\"><a href=\"https:\/\/championchipnorte.com\/resultados\/carreira-do-vinteun-cxou-2019\/benxamin-sub10-10-11-e-alevin-sub12-08-09\/dorsal-2044\"> GOMEZ GONZALEZ <\/a><\/td>\n<td style=\"width: 49.2px;\">M-9<\/td>\n<td style=\"width: 79.7833px;\">S12M-7<\/td>\n<td style=\"width: 78.7333px;\">00:06:20<\/td>\n<\/tr>\n<tr>\n<td style=\"width: 25.5833px;\">20<\/td>\n<td style=\"width: 109.267px;\"><a href=\"https:\/\/championchipnorte.com\/resultados\/carreira-do-vinteun-cxou-2019\/benxamin-sub10-10-11-e-alevin-sub12-08-09\/dorsal-2043\"> CANDELA <\/a><\/td>\n<td style=\"width: 194.6px;\"><a href=\"https:\/\/championchipnorte.com\/resultados\/carreira-do-vinteun-cxou-2019\/benxamin-sub10-10-11-e-alevin-sub12-08-09\/dorsal-2043\"> LOPEZ BURDEOS <\/a><\/td>\n<td style=\"width: 49.2px;\">F-8<\/td>\n<td style=\"width: 79.7833px;\">S12F-8<\/td>\n<td style=\"width: 78.7333px;\">00:06:34<\/td>\n<\/tr>\n<tr>\n<td style=\"width: 25.5833px;\">23<\/td>\n<td style=\"width: 109.267px;\"><a href=\"https:\/\/championchipnorte.com\/resultados\/carreira-do-vinteun-cxou-2019\/benxamin-sub10-10-11-e-alevin-sub12-08-09\/dorsal-2032\"> SHEILA <\/a><\/td>\n<td style=\"width: 194.6px;\"><a href=\"https:\/\/championchipnorte.com\/resultados\/carreira-do-vinteun-cxou-2019\/benxamin-sub10-10-11-e-alevin-sub12-08-09\/dorsal-2032\"> VARELA SALGADO <\/a><\/td>\n<td style=\"width: 49.2px;\">F-9<\/td>\n<td style=\"width: 79.7833px;\">S10F-1<\/td>\n<td style=\"width: 78.7333px;\">00:06:42<\/td>\n<\/tr>\n<tr>\n<td style=\"width: 25.5833px;\">26<\/td>\n<td style=\"width: 109.267px;\"><a href=\"https:\/\/championchipnorte.com\/resultados\/carreira-do-vinteun-cxou-2019\/benxamin-sub10-10-11-e-alevin-sub12-08-09\/dorsal-2028\"> MARTI\u00d1O <\/a><\/td>\n<td style=\"width: 194.6px;\"><a href=\"https:\/\/championchipnorte.com\/resultados\/carreira-do-vinteun-cxou-2019\/benxamin-sub10-10-11-e-alevin-sub12-08-09\/dorsal-2028\"> RUANO <\/a><\/td>\n<td style=\"width: 49.2px;\">M-17<\/td>\n<td style=\"width: 79.7833px;\">S10M-5<\/td>\n<td style=\"width: 78.7333px;\">00:06:51<\/td>\n<\/tr>\n<tr>\n<td style=\"width: 25.5833px;\">27<\/td>\n<td style=\"width: 109.267px;\"><a href=\"https:\/\/championchipnorte.com\/resultados\/carreira-do-vinteun-cxou-2019\/benxamin-sub10-10-11-e-alevin-sub12-08-09\/dorsal-2036\"> MARTA <\/a><\/td>\n<td style=\"width: 194.6px;\"><a href=\"https:\/\/championchipnorte.com\/resultados\/carreira-do-vinteun-cxou-2019\/benxamin-sub10-10-11-e-alevin-sub12-08-09\/dorsal-2036\"> QUIROGA POUSA <\/a><\/td>\n<td style=\"width: 49.2px;\">F-10<\/td>\n<td style=\"width: 79.7833px;\">S12F-9<\/td>\n<td style=\"width: 78.7333px;\">00:06:53<\/td>\n<\/tr>\n<tr>\n<td style=\"width: 25.5833px;\">32<\/td>\n<td style=\"width: 109.267px;\"><a href=\"https:\/\/championchipnorte.com\/resultados\/carreira-do-vinteun-cxou-2019\/benxamin-sub10-10-11-e-alevin-sub12-08-09\/dorsal-2040\"> ADRI\u00c1N <\/a><\/td>\n<td style=\"width: 194.6px;\"><a href=\"https:\/\/championchipnorte.com\/resultados\/carreira-do-vinteun-cxou-2019\/benxamin-sub10-10-11-e-alevin-sub12-08-09\/dorsal-2040\"> NOVOA SULLEIRO <\/a><\/td>\n<td style=\"width: 49.2px;\">M-19<\/td>\n<td style=\"width: 79.7833px;\">S12M-14<\/td>\n<td style=\"width: 78.7333px;\">00:06:57<\/td>\n<\/tr>\n<tr>\n<td style=\"width: 25.5833px;\">35<\/td>\n<td style=\"width: 109.267px;\"><a href=\"https:\/\/championchipnorte.com\/resultados\/carreira-do-vinteun-cxou-2019\/benxamin-sub10-10-11-e-alevin-sub12-08-09\/dorsal-2033\"> CARLA <\/a><\/td>\n<td style=\"width: 194.6px;\"><a href=\"https:\/\/championchipnorte.com\/resultados\/carreira-do-vinteun-cxou-2019\/benxamin-sub10-10-11-e-alevin-sub12-08-09\/dorsal-2033\"> NIETO DURAN <\/a><\/td>\n<td style=\"width: 49.2px;\">F-14<\/td>\n<td style=\"width: 79.7833px;\">S10F-2<\/td>\n<td style=\"width: 78.7333px;\">00:07:02<\/td>\n<\/tr>\n<tr>\n<td style=\"width: 25.5833px;\">43<\/td>\n<td style=\"width: 109.267px;\"><a href=\"https:\/\/championchipnorte.com\/resultados\/carreira-do-vinteun-cxou-2019\/benxamin-sub10-10-11-e-alevin-sub12-08-09\/dorsal-2048\"> XIANA <\/a><\/td>\n<td style=\"width: 194.6px;\"><a href=\"https:\/\/championchipnorte.com\/resultados\/carreira-do-vinteun-cxou-2019\/benxamin-sub10-10-11-e-alevin-sub12-08-09\/dorsal-2048\"> ORTEGA LIMIA <\/a><\/td>\n<td style=\"width: 49.2px;\">F-16<\/td>\n<td style=\"width: 79.7833px;\">S10F-3<\/td>\n<td style=\"width: 78.7333px;\">00:07:22<\/td>\n<\/tr>\n<tr>\n<td style=\"width: 25.5833px;\">64<\/td>\n<td style=\"width: 109.267px;\"><a href=\"https:\/\/championchipnorte.com\/resultados\/carreira-do-vinteun-cxou-2019\/benxamin-sub10-10-11-e-alevin-sub12-08-09\/dorsal-2037\"> MIGUEL <\/a><\/td>\n<td style=\"width: 194.6px;\"><a href=\"https:\/\/championchipnorte.com\/resultados\/carreira-do-vinteun-cxou-2019\/benxamin-sub10-10-11-e-alevin-sub12-08-09\/dorsal-2037\"> BLANCO GARC\u00cdA <\/a><\/td>\n<td style=\"width: 49.2px;\">M-40<\/td>\n<td style=\"width: 79.7833px;\">S10M-23<\/td>\n<td style=\"width: 78.7333px;\">00:08:24<\/td>\n<\/tr>\n<\/tbody>\n<\/table>\n<p>Infantil e Cadete:<\/p>\n<table class=\"table\" style=\"width: 552px;\">\n<tbody>\n<tr>\n<td style=\"width: 26.5167px;\">2<\/td>\n<td style=\"width: 104.1px;\"><a href=\"https:\/\/championchipnorte.com\/resultados\/carreira-do-vinteun-cxou-2019\/infantil-sub14-06-07-e-cadete-sub16-04-05\/dorsal-3023\"> MIGUEL <\/a><\/td>\n<td style=\"width: 200.283px;\"><a href=\"https:\/\/championchipnorte.com\/resultados\/carreira-do-vinteun-cxou-2019\/infantil-sub14-06-07-e-cadete-sub16-04-05\/dorsal-3023\"> CARBAJALES CASTRO <\/a><\/td>\n<td style=\"width: 51.0667px;\">M-2<\/td>\n<td style=\"width: 72.6667px;\">S14M-1<\/td>\n<td style=\"width: 81.5333px;\">00:08:27<\/td>\n<\/tr>\n<tr>\n<td style=\"width: 26.5167px;\">6<\/td>\n<td style=\"width: 104.1px;\"><a href=\"https:\/\/championchipnorte.com\/resultados\/carreira-do-vinteun-cxou-2019\/infantil-sub14-06-07-e-cadete-sub16-04-05\/dorsal-3024\"> JAVIER <\/a><\/td>\n<td style=\"width: 200.283px;\"><a href=\"https:\/\/championchipnorte.com\/resultados\/carreira-do-vinteun-cxou-2019\/infantil-sub14-06-07-e-cadete-sub16-04-05\/dorsal-3024\"> MALINGRE S\u00c1NCHEZ <\/a><\/td>\n<td style=\"width: 51.0667px;\">M-6<\/td>\n<td style=\"width: 72.6667px;\">S14M-4<\/td>\n<td style=\"width: 81.5333px;\">00:09:06<\/td>\n<\/tr>\n<tr>\n<td style=\"width: 26.5167px;\">12<\/td>\n<td style=\"width: 104.1px;\"><a href=\"https:\/\/championchipnorte.com\/resultados\/carreira-do-vinteun-cxou-2019\/infantil-sub14-06-07-e-cadete-sub16-04-05\/dorsal-3703\"> LOIS <\/a><\/td>\n<td style=\"width: 200.283px;\"><a href=\"https:\/\/championchipnorte.com\/resultados\/carreira-do-vinteun-cxou-2019\/infantil-sub14-06-07-e-cadete-sub16-04-05\/dorsal-3703\"> GONZ\u00c1LEZ SIOTA <\/a><\/td>\n<td style=\"width: 51.0667px;\">M-10<\/td>\n<td style=\"width: 72.6667px;\">S14M-7<\/td>\n<td style=\"width: 81.5333px;\">00:09:49<\/td>\n<\/tr>\n<tr>\n<td style=\"width: 26.5167px;\">13<\/td>\n<td style=\"width: 104.1px;\"><a href=\"https:\/\/championchipnorte.com\/resultados\/carreira-do-vinteun-cxou-2019\/infantil-sub14-06-07-e-cadete-sub16-04-05\/dorsal-3027\"> ROI <\/a><\/td>\n<td style=\"width: 200.283px;\"><a href=\"https:\/\/championchipnorte.com\/resultados\/carreira-do-vinteun-cxou-2019\/infantil-sub14-06-07-e-cadete-sub16-04-05\/dorsal-3027\"> PRIETO G\u00d3MEZ <\/a><\/td>\n<td style=\"width: 51.0667px;\">M-11<\/td>\n<td style=\"width: 72.6667px;\">S14M-8<\/td>\n<td style=\"width: 81.5333px;\">00:09:50<\/td>\n<\/tr>\n<tr>\n<td style=\"width: 26.5167px;\">17<\/td>\n<td style=\"width: 104.1px;\"><a href=\"https:\/\/championchipnorte.com\/resultados\/carreira-do-vinteun-cxou-2019\/infantil-sub14-06-07-e-cadete-sub16-04-05\/dorsal-3025\"> MANUELA <\/a><\/td>\n<td style=\"width: 200.283px;\"><a href=\"https:\/\/championchipnorte.com\/resultados\/carreira-do-vinteun-cxou-2019\/infantil-sub14-06-07-e-cadete-sub16-04-05\/dorsal-3025\"> BLANCO MIGUELEZ <\/a><\/td>\n<td style=\"width: 51.0667px;\">F-3<\/td>\n<td style=\"width: 72.6667px;\">S14F-3<\/td>\n<td style=\"width: 81.5333px;\">00:10:20<\/td>\n<\/tr>\n<\/tbody>\n<\/table>\n<p>Absoluta e demais:<\/p>\n<table class=\"table\" style=\"width: 552px;\">\n<tbody>\n<tr>\n<td style=\"width: 32.75px;\">2<\/td>\n<td style=\"width: 115.617px;\"><a href=\"https:\/\/championchipnorte.com\/resultados\/carreira-do-vinteun-cxou-2019\/junior-promesa-senior-e-master-2001-e-anos-anteriores\/dorsal-112\"> JULIAN <\/a><\/td>\n<td style=\"width: 184.567px;\"><a href=\"https:\/\/championchipnorte.com\/resultados\/carreira-do-vinteun-cxou-2019\/junior-promesa-senior-e-master-2001-e-anos-anteriores\/dorsal-112\"> ROMERO ALVAREZ <\/a><\/td>\n<td style=\"width: 54.5167px;\">M-2<\/td>\n<td style=\"width: 77.3px;\">SENM-1<\/td>\n<td style=\"width: 71.4167px;\">00:20:27<\/td>\n<\/tr>\n<tr>\n<td style=\"width: 32.75px;\">4<\/td>\n<td style=\"width: 115.617px;\"><a href=\"https:\/\/championchipnorte.com\/resultados\/carreira-do-vinteun-cxou-2019\/junior-promesa-senior-e-master-2001-e-anos-anteriores\/dorsal-106\"> SATURNINO <\/a><\/td>\n<td style=\"width: 184.567px;\"><a href=\"https:\/\/championchipnorte.com\/resultados\/carreira-do-vinteun-cxou-2019\/junior-promesa-senior-e-master-2001-e-anos-anteriores\/dorsal-106\"> GONZALEZ NOVOA <\/a><\/td>\n<td style=\"width: 54.5167px;\">M-4<\/td>\n<td style=\"width: 77.3px;\">MC-M-1<\/td>\n<td style=\"width: 71.4167px;\">00:20:48<\/td>\n<\/tr>\n<tr>\n<td style=\"width: 32.75px;\">38<\/td>\n<td style=\"width: 115.617px;\"><a href=\"https:\/\/championchipnorte.com\/resultados\/carreira-do-vinteun-cxou-2019\/junior-promesa-senior-e-master-2001-e-anos-anteriores\/dorsal-103\"> ELISEO <\/a><\/td>\n<td style=\"width: 184.567px;\"><a href=\"https:\/\/championchipnorte.com\/resultados\/carreira-do-vinteun-cxou-2019\/junior-promesa-senior-e-master-2001-e-anos-anteriores\/dorsal-103\"> FABELLO CID <\/a><\/td>\n<td style=\"width: 54.5167px;\">M-38<\/td>\n<td style=\"width: 77.3px;\">MA-M-17<\/td>\n<td style=\"width: 71.4167px;\">00:23:50<\/td>\n<\/tr>\n<tr>\n<td style=\"width: 32.75px;\">65<\/td>\n<td style=\"width: 115.617px;\"><a href=\"https:\/\/championchipnorte.com\/resultados\/carreira-do-vinteun-cxou-2019\/junior-promesa-senior-e-master-2001-e-anos-anteriores\/dorsal-200\"> PABLO ALEJO <\/a><\/td>\n<td style=\"width: 184.567px;\"><a href=\"https:\/\/championchipnorte.com\/resultados\/carreira-do-vinteun-cxou-2019\/junior-promesa-senior-e-master-2001-e-anos-anteriores\/dorsal-200\"> BRANCATI ALVES <\/a><\/td>\n<td style=\"width: 54.5167px;\">M-64<\/td>\n<td style=\"width: 77.3px;\">MA-M-28<\/td>\n<td style=\"width: 71.4167px;\">00:25:06<\/td>\n<\/tr>\n<tr>\n<td style=\"width: 32.75px;\">100<\/td>\n<td style=\"width: 115.617px;\"><a href=\"https:\/\/championchipnorte.com\/resultados\/carreira-do-vinteun-cxou-2019\/junior-promesa-senior-e-master-2001-e-anos-anteriores\/dorsal-4\"> INES <\/a><\/td>\n<td style=\"width: 184.567px;\"><a href=\"https:\/\/championchipnorte.com\/resultados\/carreira-do-vinteun-cxou-2019\/junior-promesa-senior-e-master-2001-e-anos-anteriores\/dorsal-4\"> VALENTIN CIMA <\/a><\/td>\n<td style=\"width: 54.5167px;\">F-2<\/td>\n<td style=\"width: 77.3px;\">S23F-1<\/td>\n<td style=\"width: 71.4167px;\">00:26:35<\/td>\n<\/tr>\n<tr>\n<td style=\"width: 32.75px;\">102<\/td>\n<td style=\"width: 115.617px;\"><a href=\"https:\/\/championchipnorte.com\/resultados\/carreira-do-vinteun-cxou-2019\/junior-promesa-senior-e-master-2001-e-anos-anteriores\/dorsal-111\"> DANIEL <\/a><\/td>\n<td style=\"width: 184.567px;\"><a href=\"https:\/\/championchipnorte.com\/resultados\/carreira-do-vinteun-cxou-2019\/junior-promesa-senior-e-master-2001-e-anos-anteriores\/dorsal-111\"> VALENTIN INUNCIAGA <\/a><\/td>\n<td style=\"width: 54.5167px;\">M-100<\/td>\n<td style=\"width: 77.3px;\">MB-M-25<\/td>\n<td style=\"width: 71.4167px;\">00:26:36<\/td>\n<\/tr>\n<tr>\n<td style=\"width: 32.75px;\">152<\/td>\n<td style=\"width: 115.617px;\"><a href=\"https:\/\/championchipnorte.com\/resultados\/carreira-do-vinteun-cxou-2019\/junior-promesa-senior-e-master-2001-e-anos-anteriores\/dorsal-104\"> JOS\u00c9 LU\u00cdS <\/a><\/td>\n<td style=\"width: 184.567px;\"><a href=\"https:\/\/championchipnorte.com\/resultados\/carreira-do-vinteun-cxou-2019\/junior-promesa-senior-e-master-2001-e-anos-anteriores\/dorsal-104\"> REY FERN\u00c1NDEZ <\/a><\/td>\n<td style=\"width: 54.5167px;\">M-142<\/td>\n<td style=\"width: 77.3px;\">MD-M-2<\/td>\n<td style=\"width: 71.4167px;\">00:28:18<\/td>\n<\/tr>\n<tr>\n<td style=\"width: 32.75px;\">206<\/td>\n<td style=\"width: 115.617px;\"><a href=\"https:\/\/championchipnorte.com\/resultados\/carreira-do-vinteun-cxou-2019\/junior-promesa-senior-e-master-2001-e-anos-anteriores\/dorsal-110\"> JOSE LUIS <\/a><\/td>\n<td style=\"width: 184.567px;\"><a href=\"https:\/\/championchipnorte.com\/resultados\/carreira-do-vinteun-cxou-2019\/junior-promesa-senior-e-master-2001-e-anos-anteriores\/dorsal-110\"> NOVOA CID <\/a><\/td>\n<td style=\"width: 54.5167px;\">M-186<\/td>\n<td style=\"width: 77.3px;\">MB-M-47<\/td>\n<td style=\"width: 71.4167px;\">00:30:13<\/td>\n<\/tr>\n<tr>\n<td style=\"width: 32.75px;\">260<\/td>\n<td style=\"width: 115.617px;\"><a href=\"https:\/\/championchipnorte.com\/resultados\/carreira-do-vinteun-cxou-2019\/junior-promesa-senior-e-master-2001-e-anos-anteriores\/dorsal-101\"> CRISTINA <\/a><\/td>\n<td style=\"width: 184.567px;\"><a href=\"https:\/\/championchipnorte.com\/resultados\/carreira-do-vinteun-cxou-2019\/junior-promesa-senior-e-master-2001-e-anos-anteriores\/dorsal-101\"> GARCIA COLOMO <\/a><\/td>\n<td style=\"width: 54.5167px;\">F-35<\/td>\n<td style=\"width: 77.3px;\">MC-F-2<\/td>\n<td style=\"width: 71.4167px;\">00:32:59<\/td>\n<\/tr>\n<tr>\n<td style=\"width: 32.75px;\">332<\/td>\n<td style=\"width: 115.617px;\"><a href=\"https:\/\/championchipnorte.com\/resultados\/carreira-do-vinteun-cxou-2019\/junior-promesa-senior-e-master-2001-e-anos-anteriores\/dorsal-105\"> ENRIQUE <\/a><\/td>\n<td style=\"width: 184.567px;\"><a href=\"https:\/\/championchipnorte.com\/resultados\/carreira-do-vinteun-cxou-2019\/junior-promesa-senior-e-master-2001-e-anos-anteriores\/dorsal-105\"> IGLESIAS RIVERA <\/a><\/td>\n<td style=\"width: 54.5167px;\">M-261<\/td>\n<td style=\"width: 77.3px;\">MD-M-6<\/td>\n<td style=\"width: 71.4167px;\">00:38:23<\/td>\n<\/tr>\n<tr>\n<td style=\"width: 32.75px;\">350<\/td>\n<td style=\"width: 115.617px;\"><a href=\"https:\/\/championchipnorte.com\/resultados\/carreira-do-vinteun-cxou-2019\/junior-promesa-senior-e-master-2001-e-anos-anteriores\/dorsal-109\"> MARIA JOSE <\/a><\/td>\n<td style=\"width: 184.567px;\"><a href=\"https:\/\/championchipnorte.com\/resultados\/carreira-do-vinteun-cxou-2019\/junior-promesa-senior-e-master-2001-e-anos-anteriores\/dorsal-109\"> TOURON NOVELLE <\/a><\/td>\n<td style=\"width: 54.5167px;\">F-81<\/td>\n<td style=\"width: 77.3px;\">MA-F-30<\/td>\n<td style=\"width: 71.4167px;\">00:39:31<\/td>\n<\/tr>\n<\/tbody>\n<\/table>\n<h6>XVI CARREIRA PEDESTRE CONCELLO DE MOA\u00d1A \u00abHOMOLOGADA 10K\u00bb<\/h6>\n<table class=\"table\" style=\"width: 552px;\">\n<tbody>\n<tr>\n<td style=\"width: 34.1167px;\">58<\/td>\n<td style=\"width: 91.6333px;\"><a href=\"https:\/\/championchipnorte.com\/resultados\/xvi-carreira-pedestre-concello-de-moana\/10km-2003-e-anteriores\/dorsal-82\"> RUBEN <\/a><\/td>\n<td style=\"width: 112.033px;\"><a href=\"https:\/\/championchipnorte.com\/resultados\/xvi-carreira-pedestre-concello-de-moana\/10km-2003-e-anteriores\/dorsal-82\"> DIZ DIAZ <\/a><\/td>\n<td style=\"width: 65.3167px;\">M-54<\/td>\n<td style=\"width: 128.733px;\">VETAM-27<\/td>\n<td style=\"width: 104.333px;\">00:40:41<\/td>\n<\/tr>\n<\/tbody>\n<\/table>\n<h6>V CARREIRA POPULAR CARBALLEDO &#8211; ENTRE CARBALLOS CENTENARIOS<\/h6>\n<table class=\"table\" style=\"width: 552px;\">\n<tbody>\n<tr>\n<td style=\"width: 22.8667px;\">9<\/td>\n<td style=\"width: 153.117px;\"><a href=\"https:\/\/championchipnorte.com\/resultados\/v-carreira-popular-carballedo-entre-carballos-centenarios\/absoluta-2003-e-anteriores\/dorsal-44\"> ROBERTO <\/a><\/td>\n<td style=\"width: 165.517px;\"><a href=\"https:\/\/championchipnorte.com\/resultados\/v-carreira-popular-carballedo-entre-carballos-centenarios\/absoluta-2003-e-anteriores\/dorsal-44\"> ESPI\u00d1A FERNANDEZ <\/a><\/td>\n<td style=\"width: 44.6667px;\">M-9<\/td>\n<td style=\"width: 79.45px;\">M40M-5<\/td>\n<td style=\"width: 70.55px;\">00:47:00<\/td>\n<\/tr>\n<tr>\n<td style=\"width: 22.8667px;\">10<\/td>\n<td style=\"width: 153.117px;\"><a href=\"https:\/\/championchipnorte.com\/resultados\/v-carreira-popular-carballedo-entre-carballos-centenarios\/absoluta-2003-e-anteriores\/dorsal-45\"> FRANCISCO JAVIER <\/a><\/td>\n<td style=\"width: 165.517px;\"><a href=\"https:\/\/championchipnorte.com\/resultados\/v-carreira-popular-carballedo-entre-carballos-centenarios\/absoluta-2003-e-anteriores\/dorsal-45\"> ESPI\u00d1A FERNANDEZ <\/a><\/td>\n<td style=\"width: 44.6667px;\">M-10<\/td>\n<td style=\"width: 79.45px;\">M40M-6<\/td>\n<td style=\"width: 70.55px;\">00:47:02<\/td>\n<\/tr>\n<tr>\n<td style=\"width: 22.8667px;\">30<\/td>\n<td style=\"width: 153.117px;\"><a href=\"https:\/\/championchipnorte.com\/resultados\/v-carreira-popular-carballedo-entre-carballos-centenarios\/absoluta-2003-e-anteriores\/dorsal-47\"> GERMAN <\/a><\/td>\n<td style=\"width: 165.517px;\"><a href=\"https:\/\/championchipnorte.com\/resultados\/v-carreira-popular-carballedo-entre-carballos-centenarios\/absoluta-2003-e-anteriores\/dorsal-47\"> QUIROGA ALVAREZ <\/a><\/td>\n<td style=\"width: 44.6667px;\">M-28<\/td>\n<td style=\"width: 79.45px;\">M40M-12<\/td>\n<td style=\"width: 70.55px;\">00:54:13<\/td>\n<\/tr>\n<tr>\n<td style=\"width: 22.8667px;\">81<\/td>\n<td style=\"width: 153.117px;\"><a href=\"https:\/\/championchipnorte.com\/resultados\/v-carreira-popular-carballedo-entre-carballos-centenarios\/absoluta-2003-e-anteriores\/dorsal-43\"> MARIA JOSE <\/a><\/td>\n<td style=\"width: 165.517px;\"><a href=\"https:\/\/championchipnorte.com\/resultados\/v-carreira-popular-carballedo-entre-carballos-centenarios\/absoluta-2003-e-anteriores\/dorsal-43\"> TOURON NOVELLE <\/a><\/td>\n<td style=\"width: 44.6667px;\">F-11<\/td>\n<td style=\"width: 79.45px;\">SNF-9<\/td>\n<td style=\"width: 70.55px;\">01:21:47<\/td>\n<\/tr>\n<\/tbody>\n<\/table>\n<p>&nbsp;<\/p>\n","protected":false},"excerpt":{"rendered":"<p>Varias pruebas populares acoger\u00edan a nuestros atletas esta semana. Entre las principales destacaremos estas tres. CARREIRA DO VINTEUN (CxOU 2019) El circuito \u00abCorrendo por Ourense\u00bb&nbsp; di\u00f3 el pistoletazo de salida hoy a las 11 de la ma\u00f1ana y lo hizo como viene siendo habitual en&#8230;<\/p>\n","protected":false},"author":1,"featured_media":0,"comment_status":"closed","ping_status":"closed","sticky":false,"template":"","format":"standard","meta":{"footnotes":""},"categories":[9],"tags":[],"class_list":["post-11711","post","type-post","status-publish","format-standard","hentry","category-resultados"],"aioseo_notices":[],"aioseo_head":"\n\t\t<!-- All in One SEO 5.0.1.1 - aioseo.com -->\n\t<meta name=\"description\" content=\"Varias pruebas populares acoger\u00edan a nuestros atletas esta semana. Entre las principales destacaremos estas tres. CARREIRA DO VINTEUN (CxOU 2019) El circuito &quot;Correndo por Ourense&quot; di\u00f3 el pistoletazo de salida hoy a las 11 de la ma\u00f1ana y lo hizo como viene siendo habitual en esta IX edici\u00f3n con la carrera de O Vinte\u00fan, .\" \/>\n\t<meta name=\"robots\" content=\"max-image-preview:large\" \/>\n\t<meta name=\"author\" content=\"clubourense\"\/>\n\t<link rel=\"canonical\" href=\"https:\/\/clubourenseatletismo.es\/blog\/2019\/05\/05\/pruebas-populares\/\" \/>\n\t<meta name=\"generator\" content=\"All in One SEO (AIOSEO) 5.0.1.1\" \/>\n\t\t<meta property=\"og:locale\" content=\"es_ES\" \/>\n\t\t<meta property=\"og:site_name\" content=\"Club Ourense Atletismo | Escuela Ourense Atletismo\" \/>\n\t\t<meta property=\"og:type\" content=\"article\" \/>\n\t\t<meta property=\"og:title\" content=\"Pruebas Populares | Club Ourense Atletismo\" \/>\n\t\t<meta property=\"og:description\" content=\"Varias pruebas populares acoger\u00edan a nuestros atletas esta semana. Entre las principales destacaremos estas tres. CARREIRA DO VINTEUN (CxOU 2019) El circuito &quot;Correndo por Ourense&quot; di\u00f3 el pistoletazo de salida hoy a las 11 de la ma\u00f1ana y lo hizo como viene siendo habitual en esta IX edici\u00f3n con la carrera de O Vinte\u00fan, .\" \/>\n\t\t<meta property=\"og:url\" content=\"https:\/\/clubourenseatletismo.es\/blog\/2019\/05\/05\/pruebas-populares\/\" \/>\n\t\t<meta property=\"article:published_time\" content=\"2019-05-05T16:40:09+00:00\" \/>\n\t\t<meta property=\"article:modified_time\" content=\"2019-05-05T16:40:11+00:00\" \/>\n\t\t<meta property=\"article:publisher\" content=\"https:\/\/www.facebook.com\/profile.php?id=100063516489280\" \/>\n\t\t<meta name=\"twitter:card\" content=\"summary\" \/>\n\t\t<meta name=\"twitter:title\" content=\"Pruebas Populares | Club Ourense Atletismo\" \/>\n\t\t<meta name=\"twitter:description\" content=\"Varias pruebas populares acoger\u00edan a nuestros atletas esta semana. Entre las principales destacaremos estas tres. CARREIRA DO VINTEUN (CxOU 2019) El circuito &quot;Correndo por Ourense&quot; di\u00f3 el pistoletazo de salida hoy a las 11 de la ma\u00f1ana y lo hizo como viene siendo habitual en esta IX edici\u00f3n con la carrera de O Vinte\u00fan, .\" \/>\n\t\t<script type=\"application\/ld+json\" class=\"aioseo-schema\">\n\t\t\t{\"@context\":\"https:\\\/\\\/schema.org\",\"@graph\":[{\"@type\":\"Article\",\"@id\":\"https:\\\/\\\/clubourenseatletismo.es\\\/blog\\\/2019\\\/05\\\/05\\\/pruebas-populares\\\/#article\",\"name\":\"Pruebas Populares | Club Ourense Atletismo\",\"headline\":\"Pruebas Populares\",\"author\":{\"@id\":\"https:\\\/\\\/clubourenseatletismo.es\\\/blog\\\/author\\\/clubourense\\\/#author\"},\"publisher\":{\"@id\":\"https:\\\/\\\/clubourenseatletismo.es\\\/blog\\\/#organization\"},\"image\":{\"@type\":\"ImageObject\",\"url\":\"https:\\\/\\\/clubourenseatletismo.es\\\/blog\\\/wp-content\\\/uploads\\\/2019\\\/05\\\/IMG-20190505-WA0000-1024x768.jpg\",\"@id\":\"https:\\\/\\\/clubourenseatletismo.es\\\/blog\\\/2019\\\/05\\\/05\\\/pruebas-populares\\\/#articleImage\"},\"datePublished\":\"2019-05-05T18:40:09+02:00\",\"dateModified\":\"2019-05-05T18:40:11+02:00\",\"inLanguage\":\"es-ES\",\"mainEntityOfPage\":{\"@id\":\"https:\\\/\\\/clubourenseatletismo.es\\\/blog\\\/2019\\\/05\\\/05\\\/pruebas-populares\\\/#webpage\"},\"isPartOf\":{\"@id\":\"https:\\\/\\\/clubourenseatletismo.es\\\/blog\\\/2019\\\/05\\\/05\\\/pruebas-populares\\\/#webpage\"},\"articleSection\":\"Resultados\"},{\"@type\":\"BreadcrumbList\",\"@id\":\"https:\\\/\\\/clubourenseatletismo.es\\\/blog\\\/2019\\\/05\\\/05\\\/pruebas-populares\\\/#breadcrumblist\",\"itemListElement\":[{\"@type\":\"ListItem\",\"@id\":\"https:\\\/\\\/clubourenseatletismo.es\\\/blog#listItem\",\"position\":1,\"name\":\"Inicio\",\"item\":\"https:\\\/\\\/clubourenseatletismo.es\\\/blog\",\"nextItem\":{\"@type\":\"ListItem\",\"@id\":\"https:\\\/\\\/clubourenseatletismo.es\\\/blog\\\/category\\\/resultados\\\/#listItem\",\"name\":\"Resultados\"}},{\"@type\":\"ListItem\",\"@id\":\"https:\\\/\\\/clubourenseatletismo.es\\\/blog\\\/category\\\/resultados\\\/#listItem\",\"position\":2,\"name\":\"Resultados\",\"item\":\"https:\\\/\\\/clubourenseatletismo.es\\\/blog\\\/category\\\/resultados\\\/\",\"nextItem\":{\"@type\":\"ListItem\",\"@id\":\"https:\\\/\\\/clubourenseatletismo.es\\\/blog\\\/2019\\\/05\\\/05\\\/pruebas-populares\\\/#listItem\",\"name\":\"Pruebas Populares\"},\"previousItem\":{\"@type\":\"ListItem\",\"@id\":\"https:\\\/\\\/clubourenseatletismo.es\\\/blog#listItem\",\"name\":\"Inicio\"}},{\"@type\":\"ListItem\",\"@id\":\"https:\\\/\\\/clubourenseatletismo.es\\\/blog\\\/2019\\\/05\\\/05\\\/pruebas-populares\\\/#listItem\",\"position\":3,\"name\":\"Pruebas Populares\",\"previousItem\":{\"@type\":\"ListItem\",\"@id\":\"https:\\\/\\\/clubourenseatletismo.es\\\/blog\\\/category\\\/resultados\\\/#listItem\",\"name\":\"Resultados\"}}]},{\"@type\":\"Organization\",\"@id\":\"https:\\\/\\\/clubourenseatletismo.es\\\/blog\\\/#organization\",\"name\":\"Club Ourense Atletismo\",\"description\":\"Escuela Ourense Atletismo\",\"url\":\"https:\\\/\\\/clubourenseatletismo.es\\\/blog\\\/\",\"telephone\":\"+34637157458\",\"logo\":{\"@type\":\"ImageObject\",\"url\":\"https:\\\/\\\/clubourenseatletismo.es\\\/blog\\\/wp-content\\\/uploads\\\/2019\\\/09\\\/cropped-LOGO-1.jpeg\",\"@id\":\"https:\\\/\\\/clubourenseatletismo.es\\\/blog\\\/2019\\\/05\\\/05\\\/pruebas-populares\\\/#organizationLogo\",\"width\":512,\"height\":512},\"image\":{\"@id\":\"https:\\\/\\\/clubourenseatletismo.es\\\/blog\\\/2019\\\/05\\\/05\\\/pruebas-populares\\\/#organizationLogo\"},\"sameAs\":[\"https:\\\/\\\/www.facebook.com\\\/profile.php?id=100063516489280\",\"https:\\\/\\\/www.instagram.com\\\/clubourenseatletismo\\\/\"]},{\"@type\":\"Person\",\"@id\":\"https:\\\/\\\/clubourenseatletismo.es\\\/blog\\\/author\\\/clubourense\\\/#author\",\"url\":\"https:\\\/\\\/clubourenseatletismo.es\\\/blog\\\/author\\\/clubourense\\\/\",\"name\":\"clubourense\",\"image\":{\"@type\":\"ImageObject\",\"@id\":\"https:\\\/\\\/clubourenseatletismo.es\\\/blog\\\/2019\\\/05\\\/05\\\/pruebas-populares\\\/#authorImage\",\"url\":\"https:\\\/\\\/secure.gravatar.com\\\/avatar\\\/054ff0256550e5d1d577fa683a74658acb2f33f773051c5f2e6e8de910594748?s=96&d=mm&r=g\",\"width\":96,\"height\":96,\"caption\":\"clubourense\"}},{\"@type\":\"WebPage\",\"@id\":\"https:\\\/\\\/clubourenseatletismo.es\\\/blog\\\/2019\\\/05\\\/05\\\/pruebas-populares\\\/#webpage\",\"url\":\"https:\\\/\\\/clubourenseatletismo.es\\\/blog\\\/2019\\\/05\\\/05\\\/pruebas-populares\\\/\",\"name\":\"Pruebas Populares | Club Ourense Atletismo\",\"description\":\"Varias pruebas populares acoger\\u00edan a nuestros atletas esta semana. Entre las principales destacaremos estas tres. CARREIRA DO VINTEUN (CxOU 2019) El circuito \\\"Correndo por Ourense\\\" di\\u00f3 el pistoletazo de salida hoy a las 11 de la ma\\u00f1ana y lo hizo como viene siendo habitual en esta IX edici\\u00f3n con la carrera de O Vinte\\u00fan, .\",\"inLanguage\":\"es-ES\",\"isPartOf\":{\"@id\":\"https:\\\/\\\/clubourenseatletismo.es\\\/blog\\\/#website\"},\"breadcrumb\":{\"@id\":\"https:\\\/\\\/clubourenseatletismo.es\\\/blog\\\/2019\\\/05\\\/05\\\/pruebas-populares\\\/#breadcrumblist\"},\"author\":{\"@id\":\"https:\\\/\\\/clubourenseatletismo.es\\\/blog\\\/author\\\/clubourense\\\/#author\"},\"creator\":{\"@id\":\"https:\\\/\\\/clubourenseatletismo.es\\\/blog\\\/author\\\/clubourense\\\/#author\"},\"datePublished\":\"2019-05-05T18:40:09+02:00\",\"dateModified\":\"2019-05-05T18:40:11+02:00\"},{\"@type\":\"WebSite\",\"@id\":\"https:\\\/\\\/clubourenseatletismo.es\\\/blog\\\/#website\",\"url\":\"https:\\\/\\\/clubourenseatletismo.es\\\/blog\\\/\",\"name\":\"Club Ourense Atletismo\",\"description\":\"Escuela Ourense Atletismo\",\"inLanguage\":\"es-ES\",\"publisher\":{\"@id\":\"https:\\\/\\\/clubourenseatletismo.es\\\/blog\\\/#organization\"}}]}\n\t\t<\/script>\n\t\t<!-- All in One SEO -->\n\n","aioseo_head_json":{"title":"Pruebas Populares | Club Ourense Atletismo","description":"Varias pruebas populares acoger\u00edan a nuestros atletas esta semana. Entre las principales destacaremos estas tres. CARREIRA DO VINTEUN (CxOU 2019) El circuito \"Correndo por Ourense\" di\u00f3 el pistoletazo de salida hoy a las 11 de la ma\u00f1ana y lo hizo como viene siendo habitual en esta IX edici\u00f3n con la carrera de O Vinte\u00fan, .","canonical_url":"https:\/\/clubourenseatletismo.es\/blog\/2019\/05\/05\/pruebas-populares\/","robots":"max-image-preview:large","keywords":"","webmasterTools":{"miscellaneous":""},"schema":{"@context":"https:\/\/schema.org","@graph":[{"@type":"Article","@id":"https:\/\/clubourenseatletismo.es\/blog\/2019\/05\/05\/pruebas-populares\/#article","name":"Pruebas Populares | Club Ourense Atletismo","headline":"Pruebas Populares","author":{"@id":"https:\/\/clubourenseatletismo.es\/blog\/author\/clubourense\/#author"},"publisher":{"@id":"https:\/\/clubourenseatletismo.es\/blog\/#organization"},"image":{"@type":"ImageObject","url":"https:\/\/clubourenseatletismo.es\/blog\/wp-content\/uploads\/2019\/05\/IMG-20190505-WA0000-1024x768.jpg","@id":"https:\/\/clubourenseatletismo.es\/blog\/2019\/05\/05\/pruebas-populares\/#articleImage"},"datePublished":"2019-05-05T18:40:09+02:00","dateModified":"2019-05-05T18:40:11+02:00","inLanguage":"es-ES","mainEntityOfPage":{"@id":"https:\/\/clubourenseatletismo.es\/blog\/2019\/05\/05\/pruebas-populares\/#webpage"},"isPartOf":{"@id":"https:\/\/clubourenseatletismo.es\/blog\/2019\/05\/05\/pruebas-populares\/#webpage"},"articleSection":"Resultados"},{"@type":"BreadcrumbList","@id":"https:\/\/clubourenseatletismo.es\/blog\/2019\/05\/05\/pruebas-populares\/#breadcrumblist","itemListElement":[{"@type":"ListItem","@id":"https:\/\/clubourenseatletismo.es\/blog#listItem","position":1,"name":"Inicio","item":"https:\/\/clubourenseatletismo.es\/blog","nextItem":{"@type":"ListItem","@id":"https:\/\/clubourenseatletismo.es\/blog\/category\/resultados\/#listItem","name":"Resultados"}},{"@type":"ListItem","@id":"https:\/\/clubourenseatletismo.es\/blog\/category\/resultados\/#listItem","position":2,"name":"Resultados","item":"https:\/\/clubourenseatletismo.es\/blog\/category\/resultados\/","nextItem":{"@type":"ListItem","@id":"https:\/\/clubourenseatletismo.es\/blog\/2019\/05\/05\/pruebas-populares\/#listItem","name":"Pruebas Populares"},"previousItem":{"@type":"ListItem","@id":"https:\/\/clubourenseatletismo.es\/blog#listItem","name":"Inicio"}},{"@type":"ListItem","@id":"https:\/\/clubourenseatletismo.es\/blog\/2019\/05\/05\/pruebas-populares\/#listItem","position":3,"name":"Pruebas Populares","previousItem":{"@type":"ListItem","@id":"https:\/\/clubourenseatletismo.es\/blog\/category\/resultados\/#listItem","name":"Resultados"}}]},{"@type":"Organization","@id":"https:\/\/clubourenseatletismo.es\/blog\/#organization","name":"Club Ourense Atletismo","description":"Escuela Ourense Atletismo","url":"https:\/\/clubourenseatletismo.es\/blog\/","telephone":"+34637157458","logo":{"@type":"ImageObject","url":"https:\/\/clubourenseatletismo.es\/blog\/wp-content\/uploads\/2019\/09\/cropped-LOGO-1.jpeg","@id":"https:\/\/clubourenseatletismo.es\/blog\/2019\/05\/05\/pruebas-populares\/#organizationLogo","width":512,"height":512},"image":{"@id":"https:\/\/clubourenseatletismo.es\/blog\/2019\/05\/05\/pruebas-populares\/#organizationLogo"},"sameAs":["https:\/\/www.facebook.com\/profile.php?id=100063516489280","https:\/\/www.instagram.com\/clubourenseatletismo\/"]},{"@type":"Person","@id":"https:\/\/clubourenseatletismo.es\/blog\/author\/clubourense\/#author","url":"https:\/\/clubourenseatletismo.es\/blog\/author\/clubourense\/","name":"clubourense","image":{"@type":"ImageObject","@id":"https:\/\/clubourenseatletismo.es\/blog\/2019\/05\/05\/pruebas-populares\/#authorImage","url":"https:\/\/secure.gravatar.com\/avatar\/054ff0256550e5d1d577fa683a74658acb2f33f773051c5f2e6e8de910594748?s=96&d=mm&r=g","width":96,"height":96,"caption":"clubourense"}},{"@type":"WebPage","@id":"https:\/\/clubourenseatletismo.es\/blog\/2019\/05\/05\/pruebas-populares\/#webpage","url":"https:\/\/clubourenseatletismo.es\/blog\/2019\/05\/05\/pruebas-populares\/","name":"Pruebas Populares | Club Ourense Atletismo","description":"Varias pruebas populares acoger\u00edan a nuestros atletas esta semana. Entre las principales destacaremos estas tres. CARREIRA DO VINTEUN (CxOU 2019) El circuito \"Correndo por Ourense\" di\u00f3 el pistoletazo de salida hoy a las 11 de la ma\u00f1ana y lo hizo como viene siendo habitual en esta IX edici\u00f3n con la carrera de O Vinte\u00fan, .","inLanguage":"es-ES","isPartOf":{"@id":"https:\/\/clubourenseatletismo.es\/blog\/#website"},"breadcrumb":{"@id":"https:\/\/clubourenseatletismo.es\/blog\/2019\/05\/05\/pruebas-populares\/#breadcrumblist"},"author":{"@id":"https:\/\/clubourenseatletismo.es\/blog\/author\/clubourense\/#author"},"creator":{"@id":"https:\/\/clubourenseatletismo.es\/blog\/author\/clubourense\/#author"},"datePublished":"2019-05-05T18:40:09+02:00","dateModified":"2019-05-05T18:40:11+02:00"},{"@type":"WebSite","@id":"https:\/\/clubourenseatletismo.es\/blog\/#website","url":"https:\/\/clubourenseatletismo.es\/blog\/","name":"Club Ourense Atletismo","description":"Escuela Ourense Atletismo","inLanguage":"es-ES","publisher":{"@id":"https:\/\/clubourenseatletismo.es\/blog\/#organization"}}]},"og:locale":"es_ES","og:site_name":"Club Ourense Atletismo | Escuela Ourense Atletismo","og:type":"article","og:title":"Pruebas Populares | Club Ourense Atletismo","og:description":"Varias pruebas populares acoger\u00edan a nuestros atletas esta semana. Entre las principales destacaremos estas tres. CARREIRA DO VINTEUN (CxOU 2019) El circuito &quot;Correndo por Ourense&quot; di\u00f3 el pistoletazo de salida hoy a las 11 de la ma\u00f1ana y lo hizo como viene siendo habitual en esta IX edici\u00f3n con la carrera de O Vinte\u00fan, .","og:url":"https:\/\/clubourenseatletismo.es\/blog\/2019\/05\/05\/pruebas-populares\/","article:published_time":"2019-05-05T16:40:09+00:00","article:modified_time":"2019-05-05T16:40:11+00:00","article:publisher":"https:\/\/www.facebook.com\/profile.php?id=100063516489280","twitter:card":"summary","twitter:title":"Pruebas Populares | Club Ourense Atletismo","twitter:description":"Varias pruebas populares acoger\u00edan a nuestros atletas esta semana. Entre las principales destacaremos estas tres. CARREIRA DO VINTEUN (CxOU 2019) El circuito &quot;Correndo por Ourense&quot; di\u00f3 el pistoletazo de salida hoy a las 11 de la ma\u00f1ana y lo hizo como viene siendo habitual en esta IX edici\u00f3n con la carrera de O Vinte\u00fan, ."},"aioseo_meta_data":{"post_id":"11711","title":null,"description":null,"keywords":null,"keyphrases":null,"primary_term":null,"canonical_url":null,"og_title":null,"og_description":null,"og_object_type":"default","og_image_type":"default","og_image_url":null,"og_image_width":null,"og_image_height":null,"og_image_custom_url":null,"og_image_custom_fields":null,"og_video":null,"og_custom_url":null,"og_article_section":null,"og_article_tags":null,"twitter_use_og":false,"twitter_card":"default","twitter_image_type":"default","twitter_image_url":null,"twitter_image_custom_url":null,"twitter_image_custom_fields":null,"twitter_title":null,"twitter_description":null,"schema":{"blockGraphs":[],"customGraphs":[],"default":{"data":{"Article":[],"Course":[],"Dataset":[],"FAQPage":[],"Movie":[],"Person":[],"Product":[],"ProductReview":[],"Car":[],"Recipe":[],"Service":[],"SoftwareApplication":[],"WebPage":[]},"graphName":"","isEnabled":true},"graphs":[]},"schema_type":null,"schema_type_options":null,"pillar_content":false,"robots_default":true,"robots_noindex":false,"robots_noarchive":false,"robots_nosnippet":false,"robots_nofollow":false,"robots_noimageindex":false,"robots_noodp":false,"robots_notranslate":false,"robots_max_snippet":null,"robots_max_videopreview":null,"robots_max_imagepreview":"large","priority":null,"frequency":null,"location":null,"local_seo":null,"breadcrumb_settings":null,"limit_modified_date":false,"ai":null,"created":"2020-12-24 11:26:31","updated":"2022-09-19 14:34:34","seo_analyzer_scan_date":null,"focus_keyword":null,"additional_keywords":null,"truseo_locale":null},"aioseo_breadcrumb":"<div class=\"aioseo-breadcrumbs\"><span class=\"aioseo-breadcrumb\">\n\t\t\t<a href=\"https:\/\/clubourenseatletismo.es\/blog\" title=\"Inicio\">Inicio<\/a>\n\t\t<\/span><span class=\"aioseo-breadcrumb-separator\">&raquo;<\/span><span class=\"aioseo-breadcrumb\">\n\t\t\t<a href=\"https:\/\/clubourenseatletismo.es\/blog\/category\/resultados\/\" title=\"Resultados\">Resultados<\/a>\n\t\t<\/span><span class=\"aioseo-breadcrumb-separator\">&raquo;<\/span><span class=\"aioseo-breadcrumb\">\n\t\t\tPruebas Populares\n\t\t<\/span><\/div>","aioseo_breadcrumb_json":[{"label":"Inicio","link":"https:\/\/clubourenseatletismo.es\/blog"},{"label":"Resultados","link":"https:\/\/clubourenseatletismo.es\/blog\/category\/resultados\/"},{"label":"Pruebas Populares","link":"https:\/\/clubourenseatletismo.es\/blog\/2019\/05\/05\/pruebas-populares\/"}],"_links":{"self":[{"href":"https:\/\/clubourenseatletismo.es\/blog\/wp-json\/wp\/v2\/posts\/11711","targetHints":{"allow":["GET"]}}],"collection":[{"href":"https:\/\/clubourenseatletismo.es\/blog\/wp-json\/wp\/v2\/posts"}],"about":[{"href":"https:\/\/clubourenseatletismo.es\/blog\/wp-json\/wp\/v2\/types\/post"}],"author":[{"embeddable":true,"href":"https:\/\/clubourenseatletismo.es\/blog\/wp-json\/wp\/v2\/users\/1"}],"replies":[{"embeddable":true,"href":"https:\/\/clubourenseatletismo.es\/blog\/wp-json\/wp\/v2\/comments?post=11711"}],"version-history":[{"count":2,"href":"https:\/\/clubourenseatletismo.es\/blog\/wp-json\/wp\/v2\/posts\/11711\/revisions"}],"predecessor-version":[{"id":11714,"href":"https:\/\/clubourenseatletismo.es\/blog\/wp-json\/wp\/v2\/posts\/11711\/revisions\/11714"}],"wp:attachment":[{"href":"https:\/\/clubourenseatletismo.es\/blog\/wp-json\/wp\/v2\/media?parent=11711"}],"wp:term":[{"taxonomy":"category","embeddable":true,"href":"https:\/\/clubourenseatletismo.es\/blog\/wp-json\/wp\/v2\/categories?post=11711"},{"taxonomy":"post_tag","embeddable":true,"href":"https:\/\/clubourenseatletismo.es\/blog\/wp-json\/wp\/v2\/tags?post=11711"}],"curies":[{"name":"wp","href":"https:\/\/api.w.org\/{rel}","templated":true}]}}