{"id":11057,"date":"2019-03-19T11:48:48","date_gmt":"2019-03-19T10:48:48","guid":{"rendered":"https:\/\/clubourenseatletismo.es\/blog\/?p=11057"},"modified":"2019-03-19T11:48:50","modified_gmt":"2019-03-19T10:48:50","slug":"otras-pruebas","status":"publish","type":"post","link":"https:\/\/clubourenseatletismo.es\/blog\/2019\/03\/19\/otras-pruebas\/","title":{"rendered":"Otras Pruebas"},"content":{"rendered":"<h6><img loading=\"lazy\" decoding=\"async\" class=\"size-full wp-image-11058 aligncenter\" src=\"https:\/\/clubourenseatletismo.es\/blog\/wp-content\/uploads\/2019\/03\/mediolanum.jpg\" alt=\"\" width=\"184\" height=\"328\" srcset=\"https:\/\/clubourenseatletismo.es\/blog\/wp-content\/uploads\/2019\/03\/mediolanum.jpg 184w, https:\/\/clubourenseatletismo.es\/blog\/wp-content\/uploads\/2019\/03\/mediolanum-168x300.jpg 168w\" sizes=\"auto, (max-width: 184px) 100vw, 184px\" \/><\/h6>\n<h6>IV 15K NOCTURNA DE OURENSE BANCO MEDIOLANUM 2019<\/h6>\n<p>Qualit\u00e9 Sport Events, en colaboraci\u00f3n con el ayto de Ourense organizan el pr\u00f3ximo 23 de marzo la cuarta edici\u00f3n de los 15k Nocturna de Ourense. La salida ser\u00e1 a las 19:30 horas justo en el Parque Ribeira do Canedo y llegada justo enfrente, en el centro comercial A Ponte Vella. La organizaci\u00f3n CERRAR\u00c1 LAS INSCRIPCIONES UNA VEZ CUBIERTO LOS 500 ATLETAS.<\/p>\n<p style=\"text-align: center;\"><a class=\"fasc-button fasc-size-medium fasc-type-glossy fasc-rounded-medium fasc-ico-before dashicons-groups\" style=\"background-color: #324994; color: #ffffff;\" target=\"_blank\" rel=\"noopener\" href=\"https:\/\/championchipnorte.com\/evento\/inscribirme\/id\/1730\/iv-15k-nocturna-de-ourense-banco-mediolanum-2019\">Inscripciones<\/a>&nbsp;<a class=\"fasc-button fasc-size-medium fasc-type-glossy fasc-rounded-medium fasc-ico-before dashicons-format-aside\" style=\"background-color: #218562; color: #ffffff;\" target=\"_blank\" rel=\"noopener\" href=\"https:\/\/championchipnorte.com\/uploads\/eventos\/reglamento-5c51752dba5d40.45979265.pdf\">Reglamento<\/a><\/p>\n<p><img loading=\"lazy\" decoding=\"async\" class=\"size-full wp-image-11188 aligncenter\" src=\"https:\/\/clubourenseatletismo.es\/blog\/wp-content\/uploads\/2019\/03\/monforte.jpg\" alt=\"\" width=\"184\" height=\"260\"><\/p>\n<h6>XI CARREIRA POPULAR CONCELLO DE MONFORTE<\/h6>\n<p>A Conceller\u00eda de Deportes do Concello de Monforte de Lemos organiza a d\u00e9cimo primeira edici\u00f3n da Carreira Popular que ter\u00e1 lugar o 24 de marzo.<\/p>\n<p>As incrici\u00f3ns para participar tanto na carreira absoluta como nas carreiras de categor\u00edas menores, faranse a trav\u00e9s da plataforma on-line www.championchipnorte.com.<\/p>\n<p>O peche das inscrici\u00f3ns ser\u00e1 o seguinte:<\/p>\n<ul>\n<li>Inscrici\u00f3ns colectivas para colexios de Monforte: peche de inscrici\u00f3ns o venres 15 de marzo.<\/li>\n<li>Inscrici\u00f3ns individuais e resto de grupos: peche de inscrici\u00f3ns o xoves 21 de marzo.<\/li>\n<\/ul>\n<p style=\"text-align: center;\"><a class=\"fasc-button fasc-size-medium fasc-type-glossy fasc-rounded-medium fasc-ico-before dashicons-format-aside\" style=\"background-color: #218562; color: #ffffff;\" target=\"_blank\" rel=\"noopener\" href=\"https:\/\/championchipnorte.com\/uploads\/eventos\/reglamento-5c407ddd3d8186.70296271.pdf\">Reglamento<\/a>&nbsp;<a class=\"fasc-button fasc-size-medium fasc-type-glossy fasc-rounded-medium fasc-ico-before dashicons-groups\" style=\"background-color: #324994; color: #ffffff;\" target=\"_blank\" rel=\"noopener\" href=\"https:\/\/championchipnorte.com\/evento\/inscribirme\/id\/1699\/xi-carreira-popular-concello-de-monforte--2019\">Inscripciones<\/a><\/p>\n<p>&nbsp;<\/p>\n","protected":false},"excerpt":{"rendered":"<p>IV 15K NOCTURNA DE OURENSE BANCO MEDIOLANUM 2019 Qualit\u00e9 Sport Events, en colaboraci\u00f3n con el ayto de Ourense organizan el pr\u00f3ximo 23 de marzo la cuarta edici\u00f3n de los 15k Nocturna de Ourense. La salida ser\u00e1 a las 19:30 horas justo en el Parque Ribeira&#8230;<\/p>\n","protected":false},"author":1,"featured_media":0,"comment_status":"closed","ping_status":"closed","sticky":false,"template":"","format":"standard","meta":{"footnotes":""},"categories":[7],"tags":[],"class_list":["post-11057","post","type-post","status-publish","format-standard","hentry","category-noticias"],"aioseo_notices":[],"_links":{"self":[{"href":"https:\/\/clubourenseatletismo.es\/blog\/wp-json\/wp\/v2\/posts\/11057","targetHints":{"allow":["GET"]}}],"collection":[{"href":"https:\/\/clubourenseatletismo.es\/blog\/wp-json\/wp\/v2\/posts"}],"about":[{"href":"https:\/\/clubourenseatletismo.es\/blog\/wp-json\/wp\/v2\/types\/post"}],"author":[{"embeddable":true,"href":"https:\/\/clubourenseatletismo.es\/blog\/wp-json\/wp\/v2\/users\/1"}],"replies":[{"embeddable":true,"href":"https:\/\/clubourenseatletismo.es\/blog\/wp-json\/wp\/v2\/comments?post=11057"}],"version-history":[{"count":5,"href":"https:\/\/clubourenseatletismo.es\/blog\/wp-json\/wp\/v2\/posts\/11057\/revisions"}],"predecessor-version":[{"id":11287,"href":"https:\/\/clubourenseatletismo.es\/blog\/wp-json\/wp\/v2\/posts\/11057\/revisions\/11287"}],"wp:attachment":[{"href":"https:\/\/clubourenseatletismo.es\/blog\/wp-json\/wp\/v2\/media?parent=11057"}],"wp:term":[{"taxonomy":"category","embeddable":true,"href":"https:\/\/clubourenseatletismo.es\/blog\/wp-json\/wp\/v2\/categories?post=11057"},{"taxonomy":"post_tag","embeddable":true,"href":"https:\/\/clubourenseatletismo.es\/blog\/wp-json\/wp\/v2\/tags?post=11057"}],"curies":[{"name":"wp","href":"https:\/\/api.w.org\/{rel}","templated":true}]}}