{"id":10974,"date":"2019-03-03T13:25:41","date_gmt":"2019-03-03T12:25:41","guid":{"rendered":"https:\/\/clubourenseatletismo.es\/blog\/?p=10974"},"modified":"2019-03-04T11:49:11","modified_gmt":"2019-03-04T10:49:11","slug":"gran-exito-de-nuestros-sub16","status":"publish","type":"post","link":"https:\/\/clubourenseatletismo.es\/blog\/2019\/03\/03\/gran-exito-de-nuestros-sub16\/","title":{"rendered":"Gran \u00e9xito de nuestros Sub16"},"content":{"rendered":"<p><img loading=\"lazy\" decoding=\"async\" class=\"wp-image-10978 alignleft\" src=\"https:\/\/clubourenseatletismo.es\/blog\/wp-content\/uploads\/2019\/03\/IMG-20190302-WA0004-1024x768.jpg\" alt=\"\" width=\"316\" height=\"237\" srcset=\"https:\/\/clubourenseatletismo.es\/blog\/wp-content\/uploads\/2019\/03\/IMG-20190302-WA0004.jpg 1024w, https:\/\/clubourenseatletismo.es\/blog\/wp-content\/uploads\/2019\/03\/IMG-20190302-WA0004-300x225.jpg 300w, https:\/\/clubourenseatletismo.es\/blog\/wp-content\/uploads\/2019\/03\/IMG-20190302-WA0004-768x576.jpg 768w\" sizes=\"auto, (max-width: 316px) 100vw, 316px\" \/><img loading=\"lazy\" decoding=\"async\" class=\"wp-image-10997 alignright\" src=\"https:\/\/clubourenseatletismo.es\/blog\/wp-content\/uploads\/2019\/03\/02032019_189-1024x678.jpg\" alt=\"\" width=\"310\" height=\"205\" srcset=\"https:\/\/clubourenseatletismo.es\/blog\/wp-content\/uploads\/2019\/03\/02032019_189-1024x678.jpg 1024w, https:\/\/clubourenseatletismo.es\/blog\/wp-content\/uploads\/2019\/03\/02032019_189-300x199.jpg 300w, https:\/\/clubourenseatletismo.es\/blog\/wp-content\/uploads\/2019\/03\/02032019_189-768x509.jpg 768w\" sizes=\"auto, (max-width: 310px) 100vw, 310px\" \/><\/p>\n<p>&nbsp;<\/p>\n<p>&nbsp;<\/p>\n<p>&nbsp;<\/p>\n<p>&nbsp;<\/p>\n<p>&nbsp;<\/p>\n<p>&nbsp;<\/p>\n<p>&nbsp;<\/p>\n<p>&nbsp;<\/p>\n<p>&nbsp;<\/p>\n<p>&nbsp;La pista cubierta de Expourense ser\u00eda una vez m\u00e1s la protagonista que citar\u00eda a los mejores sub 16 de Galicia. El motivo, la celebraci\u00f3n no era otra que el XXX Campeonato Gallego P.C.<\/p>\n<p>Nuestro club ampliamente representado consiguir\u00eda 5 metales: 3 oros, 1 plata y 1 bronce.<\/p>\n<p>Destacamos los triunfos de \u00c1lvaro D\u00edaz&nbsp; en los 1.000 metros, de Carmen de la Fuente en los 300 metros y de Martina Fernandez en salto con p\u00e9rtiga.<\/p>\n<p>Adem\u00e1s subieron al podium Carolina Santos, segunda en la prueba de 1.000 metros.&nbsp; El balance de medallas lo cerrar\u00eda&nbsp; la medalla de bronce conseguida por Pablo Cudeiro&nbsp; en los 60 vallas.<\/p>\n<p><img loading=\"lazy\" decoding=\"async\" class=\"alignleft  wp-image-10980\" src=\"https:\/\/clubourenseatletismo.es\/blog\/wp-content\/uploads\/2019\/03\/IMG-20190302-WA0010-768x1024.jpg\" alt=\"\" width=\"158\" height=\"211\" srcset=\"https:\/\/clubourenseatletismo.es\/blog\/wp-content\/uploads\/2019\/03\/IMG-20190302-WA0010.jpg 768w, https:\/\/clubourenseatletismo.es\/blog\/wp-content\/uploads\/2019\/03\/IMG-20190302-WA0010-225x300.jpg 225w\" sizes=\"auto, (max-width: 158px) 100vw, 158px\" \/>Cerca de los puestos de honor estar\u00edan cuartas Blanca Pereira en el lanzamiento de peso 3 kg , Clara Mijangos en los 600 mts y Martina Colmenero en los 1.000 mts.<\/p>\n<p>Ser\u00edan adem\u00e1s batidos tres r\u00e9cords de nuestro club en esta categor\u00eda Carmen De la Fuente el de los 300 mts (42.47), Martina Colmenero en el Salto de P\u00e9rtiga (2.47 mts) y Pablo Cudeiro en los 60 mts (7.94).<\/p>\n<p>Los resultados obtenidos ser\u00edan:<\/p>\n<table width=\"544\">\n<tbody>\n<tr>\n<td width=\"88\"><span style=\"background-color: #99ccff;\">De la Fuente<\/span><\/td>\n<td width=\"107\"><span style=\"background-color: #99ccff;\">Gonz\u00e1lez<\/span><\/td>\n<td width=\"91\"><span style=\"background-color: #99ccff;\">Carmen<\/span><\/td>\n<td width=\"141\"><span style=\"background-color: #99ccff;\">300 mts<\/span><\/td>\n<td width=\"37\"><span style=\"background-color: #99ccff;\">1\u00aa<\/span><\/td>\n<td width=\"80\"><span style=\"background-color: #99ccff;\">00:42.47<\/span><\/td>\n<\/tr>\n<tr>\n<td><span style=\"background-color: #99ccff;\">Fern\u00e1ndez<\/span><\/td>\n<td><span style=\"background-color: #99ccff;\">Colmenero&nbsp;<\/span><\/td>\n<td><span style=\"background-color: #99ccff;\">Martina<\/span><\/td>\n<td><span style=\"background-color: #99ccff;\">Saltgo de P\u00e9rtiga<\/span><\/td>\n<td><span style=\"background-color: #99ccff;\">1\u00aa<\/span><\/td>\n<td><span style=\"background-color: #99ccff;\">2.47 mts<\/span><\/td>\n<\/tr>\n<tr>\n<td><span style=\"background-color: #99ccff;\">D\u00edaz<\/span><\/td>\n<td><span style=\"background-color: #99ccff;\">Barreiro<\/span><\/td>\n<td><span style=\"background-color: #99ccff;\">\u00c1lvaro<\/span><\/td>\n<td><span style=\"background-color: #99ccff;\">1.000 mts<\/span><\/td>\n<td><span style=\"background-color: #99ccff;\">1\u00ba<\/span><\/td>\n<td><span style=\"background-color: #99ccff;\">02:52.06<\/span><\/td>\n<\/tr>\n<tr>\n<td>Garrido<\/td>\n<td>Castro<\/td>\n<td>Clara<\/td>\n<td>60 mts<\/td>\n<td>26\u00aa<\/td>\n<td>00:08.83<\/td>\n<\/tr>\n<tr>\n<td><span style=\"background-color: #cc99ff;\">Santos<\/span><\/td>\n<td><span style=\"background-color: #cc99ff;\">Villalon<\/span><\/td>\n<td><span style=\"background-color: #cc99ff;\">Carolina<\/span><\/td>\n<td><span style=\"background-color: #cc99ff;\">1.000 mts<\/span><\/td>\n<td><span style=\"background-color: #cc99ff;\">2\u00aa<\/span><\/td>\n<td><span style=\"background-color: #cc99ff;\">03:12.80<\/span><\/td>\n<\/tr>\n<tr>\n<td><span style=\"background-color: #ccffcc;\">Cudeiro<\/span><\/td>\n<td><span style=\"background-color: #ccffcc;\">F\u00e9lix<\/span><\/td>\n<td><span style=\"background-color: #ccffcc;\">Pablo<\/span><\/td>\n<td><span style=\"background-color: #ccffcc;\">60 m.v. (0,91)<\/span><\/td>\n<td><span style=\"background-color: #ccffcc;\">3\u00ba<\/span><\/td>\n<td><span style=\"background-color: #ccffcc;\">00:09.87<\/span><\/td>\n<\/tr>\n<tr>\n<td>Fern\u00e1ndez<\/td>\n<td>Colmenero&nbsp;<\/td>\n<td>Martina<\/td>\n<td>1.000 mts<\/td>\n<td>4\u00aa<\/td>\n<td>03:14.31<\/td>\n<\/tr>\n<tr>\n<td>Pereira<\/td>\n<td>Rub\u00edn<\/td>\n<td>Blanca<\/td>\n<td>Lan. Peso 3 kg<\/td>\n<td>4\u00aa<\/td>\n<td>10.29 mts<\/td>\n<\/tr>\n<tr>\n<td>Mijangos<\/td>\n<td>Garc\u00eda-Mendoza<\/td>\n<td>Clara<\/td>\n<td>600 mts<\/td>\n<td>4\u00ba<\/td>\n<td>01:48.20<\/td>\n<\/tr>\n<tr>\n<td>D\u00edaz<\/td>\n<td>Barreiro<\/td>\n<td>\u00c1lvaro<\/td>\n<td>salto de longitud<\/td>\n<td>5\u00aa<\/td>\n<td>5.06 mts<\/td>\n<\/tr>\n<tr>\n<td>Ramos<\/td>\n<td>Grande<\/td>\n<td>Silvia<\/td>\n<td>Saltgo de P\u00e9rtiga<\/td>\n<td>5\u00aa<\/td>\n<td>2.12 mts<\/td>\n<\/tr>\n<tr>\n<td>D\u00edaz<\/td>\n<td>Barreiro<\/td>\n<td>Mar<\/td>\n<td>3.000 mts<\/td>\n<td>6\u00aa<\/td>\n<td>12:09.57<\/td>\n<\/tr>\n<tr>\n<td>Grande<\/td>\n<td>Fern\u00e1ndez<\/td>\n<td>Sof\u00eda<\/td>\n<td>salto de altura<\/td>\n<td>6\u00aa<\/td>\n<td>1.36 mts<\/td>\n<\/tr>\n<tr>\n<td>Luis<\/td>\n<td>Gonz\u00e1lez<\/td>\n<td>Menc\u00eda<\/td>\n<td>3.000 mts<\/td>\n<td>7\u00aa<\/td>\n<td>12:11.66<\/td>\n<\/tr>\n<tr>\n<td>Naranjo<\/td>\n<td>Estevez<\/td>\n<td>Roi<\/td>\n<td>1.000 mts<\/td>\n<td>7\u00ba<\/td>\n<td>03:05.08<\/td>\n<\/tr>\n<tr>\n<td>Labrador<\/td>\n<td>Jones<\/td>\n<td>Candela<\/td>\n<td>60 mts<\/td>\n<td>8\u00aa<\/td>\n<td>00:08.63<\/td>\n<\/tr>\n<tr>\n<td>Cudeiro<\/td>\n<td>F\u00e9lix<\/td>\n<td>Pablo<\/td>\n<td>60 mts<\/td>\n<td>9\u00ba<\/td>\n<td>00:07.94<\/td>\n<\/tr>\n<tr>\n<td>Del Campo<\/td>\n<td>Fern\u00e1ndez<\/td>\n<td>Andrea<\/td>\n<td>300 mts<\/td>\n<td>18\u00aa<\/td>\n<td>00:48.43<\/td>\n<\/tr>\n<tr>\n<td>G\u00f3mez<\/td>\n<td>Ramos<\/td>\n<td>Africa<\/td>\n<td>60 mts<\/td>\n<td>11\u00aa<\/td>\n<td>00:08.59<\/td>\n<\/tr>\n<tr>\n<td>Garc\u00eda<\/td>\n<td>Gil<\/td>\n<td>Iria<\/td>\n<td>600 mts<\/td>\n<td>12\u00ba<\/td>\n<td>01:52.53<\/td>\n<\/tr>\n<tr>\n<td>Del Campo<\/td>\n<td>Fern\u00e1ndez<\/td>\n<td>Andrea<\/td>\n<td>60 mts<\/td>\n<td>17\u00aa<\/td>\n<td>00:08.65<\/td>\n<\/tr>\n<\/tbody>\n<\/table>\n<p><img loading=\"lazy\" decoding=\"async\" class=\"wp-image-10979 alignleft\" src=\"https:\/\/clubourenseatletismo.es\/blog\/wp-content\/uploads\/2019\/03\/IMG-20190302-WA0006-1024x768.jpg\" alt=\"\" width=\"338\" height=\"253\" srcset=\"https:\/\/clubourenseatletismo.es\/blog\/wp-content\/uploads\/2019\/03\/IMG-20190302-WA0006.jpg 1024w, https:\/\/clubourenseatletismo.es\/blog\/wp-content\/uploads\/2019\/03\/IMG-20190302-WA0006-300x225.jpg 300w, https:\/\/clubourenseatletismo.es\/blog\/wp-content\/uploads\/2019\/03\/IMG-20190302-WA0006-768x576.jpg 768w\" sizes=\"auto, (max-width: 338px) 100vw, 338px\" \/><\/p>\n<p>&nbsp;<\/p>\n<p style=\"text-align: center;\"><a class=\"fasc-button fasc-size-medium fasc-type-glossy fasc-rounded-medium ico-fa fasc-ico-before fa-trophy\" style=\"background-color: #e66903; color: #ffffff;\" href=\"https:\/\/atletismo.gal\/wp-content\/uploads\/2018\/11\/ou020319.pdf\" target=\"_blank\" rel=\"noopener\">Resultados<\/a><\/p>\n<p style=\"text-align: center;\">&nbsp;<a class=\"fasc-button fasc-size-medium fasc-type-glossy fasc-rounded-medium fasc-ico-before dashicons-camera\" style=\"background-color: #33809e; color: #ffffff;\" href=\"https:\/\/photos.app.goo.gl\/ZbrYywWv3k78AiBv5\" target=\"_blank\" rel=\"noopener\">Fotos Alberto D\u00edaz<\/a><img loading=\"lazy\" decoding=\"async\" class=\"wp-image-10998 alignright\" src=\"https:\/\/clubourenseatletismo.es\/blog\/wp-content\/uploads\/2019\/03\/02032019_203-1024x678.jpg\" alt=\"\" width=\"332\" height=\"220\" srcset=\"https:\/\/clubourenseatletismo.es\/blog\/wp-content\/uploads\/2019\/03\/02032019_203-1024x678.jpg 1024w, https:\/\/clubourenseatletismo.es\/blog\/wp-content\/uploads\/2019\/03\/02032019_203-300x199.jpg 300w, https:\/\/clubourenseatletismo.es\/blog\/wp-content\/uploads\/2019\/03\/02032019_203-768x509.jpg 768w\" sizes=\"auto, (max-width: 332px) 100vw, 332px\" \/><\/p>\n","protected":false},"excerpt":{"rendered":"<p>&nbsp; &nbsp; &nbsp; &nbsp; &nbsp; &nbsp; &nbsp; &nbsp; &nbsp; &nbsp;La pista cubierta de Expourense ser\u00eda una vez m\u00e1s la protagonista que citar\u00eda a los mejores sub 16 de Galicia. El motivo, la celebraci\u00f3n no era otra que el XXX Campeonato Gallego P.C. Nuestro club ampliamente&#8230;<\/p>\n","protected":false},"author":1,"featured_media":0,"comment_status":"closed","ping_status":"closed","sticky":false,"template":"","format":"standard","meta":{"footnotes":""},"categories":[9],"tags":[],"class_list":["post-10974","post","type-post","status-publish","format-standard","hentry","category-resultados"],"aioseo_notices":[],"_links":{"self":[{"href":"https:\/\/clubourenseatletismo.es\/blog\/wp-json\/wp\/v2\/posts\/10974","targetHints":{"allow":["GET"]}}],"collection":[{"href":"https:\/\/clubourenseatletismo.es\/blog\/wp-json\/wp\/v2\/posts"}],"about":[{"href":"https:\/\/clubourenseatletismo.es\/blog\/wp-json\/wp\/v2\/types\/post"}],"author":[{"embeddable":true,"href":"https:\/\/clubourenseatletismo.es\/blog\/wp-json\/wp\/v2\/users\/1"}],"replies":[{"embeddable":true,"href":"https:\/\/clubourenseatletismo.es\/blog\/wp-json\/wp\/v2\/comments?post=10974"}],"version-history":[{"count":24,"href":"https:\/\/clubourenseatletismo.es\/blog\/wp-json\/wp\/v2\/posts\/10974\/revisions"}],"predecessor-version":[{"id":11047,"href":"https:\/\/clubourenseatletismo.es\/blog\/wp-json\/wp\/v2\/posts\/10974\/revisions\/11047"}],"wp:attachment":[{"href":"https:\/\/clubourenseatletismo.es\/blog\/wp-json\/wp\/v2\/media?parent=10974"}],"wp:term":[{"taxonomy":"category","embeddable":true,"href":"https:\/\/clubourenseatletismo.es\/blog\/wp-json\/wp\/v2\/categories?post=10974"},{"taxonomy":"post_tag","embeddable":true,"href":"https:\/\/clubourenseatletismo.es\/blog\/wp-json\/wp\/v2\/tags?post=10974"}],"curies":[{"name":"wp","href":"https:\/\/api.w.org\/{rel}","templated":true}]}}