{"id":10560,"date":"2019-02-03T19:40:28","date_gmt":"2019-02-03T18:40:28","guid":{"rendered":"https:\/\/clubourenseatletismo.es\/blog\/?p=10560"},"modified":"2019-02-03T19:40:30","modified_gmt":"2019-02-03T18:40:30","slug":"cuartos-en-el-gallego-de-p-c","status":"publish","type":"post","link":"https:\/\/clubourenseatletismo.es\/blog\/2019\/02\/03\/cuartos-en-el-gallego-de-p-c\/","title":{"rendered":"Cuartos en el Gallego de P.C."},"content":{"rendered":"<p><img loading=\"lazy\" decoding=\"async\" class=\"size-full wp-image-10561 aligncenter\" src=\"https:\/\/clubourenseatletismo.es\/blog\/wp-content\/uploads\/2019\/02\/foto1.jpg\" alt=\"\" width=\"607\" height=\"398\" srcset=\"https:\/\/clubourenseatletismo.es\/blog\/wp-content\/uploads\/2019\/02\/foto1.jpg 607w, https:\/\/clubourenseatletismo.es\/blog\/wp-content\/uploads\/2019\/02\/foto1-300x197.jpg 300w\" sizes=\"auto, (max-width: 607px) 100vw, 607px\" \/><\/p>\n<p>&nbsp;<\/p>\n<p><span id=\"react-root\">Otra de las citas importantes en la jornada del s\u00e1bado era la que transcurr\u00eda en A Coru\u00f1a.&nbsp; Nuestro equipo m\u00e1ster tendr\u00eda una gran actuaci\u00f3n en el II\u00ba campeonato gallego master de clubs en pista cubierta, logrando un gran 4\u00b0 puesto. A pesar de las pruebas en las que no conseguimos puntuar, logramos unos preciados 52 puntos. <\/span><\/p>\n<p><span id=\"react-root\">Las circunstancias nos indican que la tercera plaza estuvo muy cerca, y eso nos anima a seguir trabajando para conseguirla.<br \/>\n<\/span><\/p>\n<p>Estas fueron las actuaciones de nuestros representantes:<\/p>\n<table width=\"574\">\n<tbody>\n<tr>\n<td style=\"width: 85.55px;\">\u00c1lvarez<\/td>\n<td style=\"width: 88.4667px;\">Domingo<\/td>\n<td style=\"width: 166.883px;\">800 mts<\/td>\n<td style=\"width: 93.4833px;\">M\u00e1ster 60<\/td>\n<td style=\"width: 35.1833px;\">4\u00ba<\/td>\n<td style=\"width: 82.4333px;\">02:26.01<\/td>\n<\/tr>\n<tr>\n<td style=\"width: 85.55px;\">Fern\u00e1ndez<\/td>\n<td style=\"width: 88.4667px;\">Julio<\/td>\n<td style=\"width: 166.883px;\">Lanz. peso 4 kg<\/td>\n<td style=\"width: 93.4833px;\">M\u00e1ster 75<\/td>\n<td style=\"width: 35.1833px;\">1\u00ba<\/td>\n<td style=\"width: 82.4333px;\">8.02 mts<\/td>\n<\/tr>\n<tr>\n<td style=\"width: 85.55px;\">G\u00f3mez<\/td>\n<td style=\"width: 88.4667px;\">Jos\u00e9 Benito<\/td>\n<td style=\"width: 166.883px;\">1.500 mts<\/td>\n<td style=\"width: 93.4833px;\">M\u00e1ster 55<\/td>\n<td style=\"width: 35.1833px;\">6\u00ba<\/td>\n<td style=\"width: 82.4333px;\">05:11.47<\/td>\n<\/tr>\n<tr>\n<td style=\"width: 85.55px;\">Gonz\u00e1lez<\/td>\n<td style=\"width: 88.4667px;\">Saturnino<\/td>\n<td style=\"width: 166.883px;\">3.000 mts<\/td>\n<td style=\"width: 93.4833px;\">M\u00e1ster 55<\/td>\n<td style=\"width: 35.1833px;\">5\u00ba<\/td>\n<td style=\"width: 82.4333px;\">10:26.56<\/td>\n<\/tr>\n<tr>\n<td style=\"width: 85.55px;\">Gonz\u00e1lez<\/td>\n<td style=\"width: 88.4667px;\">Carlos M.<\/td>\n<td style=\"width: 166.883px;\">Salto de p\u00e9rtiga<\/td>\n<td style=\"width: 93.4833px;\">M\u00e1ster 45<\/td>\n<td style=\"width: 35.1833px;\">6\u00ba<\/td>\n<td style=\"width: 82.4333px;\">1.70 mts<\/td>\n<\/tr>\n<tr>\n<td style=\"width: 85.55px;\">Herreria<\/td>\n<td style=\"width: 88.4667px;\">Sergio<\/td>\n<td style=\"width: 166.883px;\">Triple Salto<\/td>\n<td style=\"width: 93.4833px;\">M\u00e1ster 40<\/td>\n<td style=\"width: 35.1833px;\">2\u00ba<\/td>\n<td style=\"width: 82.4333px;\">11.51 mts<\/td>\n<\/tr>\n<tr>\n<td style=\"width: 85.55px;\">Seoane<\/td>\n<td style=\"width: 88.4667px;\">Oscar Jos\u00e9<\/td>\n<td style=\"width: 166.883px;\">200 mts<\/td>\n<td style=\"width: 93.4833px;\">M\u00e1ster 45<\/td>\n<td style=\"width: 35.1833px;\">4\u00ba<\/td>\n<td style=\"width: 82.4333px;\">00:26.00<\/td>\n<\/tr>\n<tr>\n<td style=\"width: 85.55px;\">Seoane<\/td>\n<td style=\"width: 88.4667px;\">Oscar Jos\u00e9<\/td>\n<td style=\"width: 166.883px;\">400 mts<\/td>\n<td style=\"width: 93.4833px;\">Master 45<\/td>\n<td style=\"width: 35.1833px;\">2\u00ba<\/td>\n<td style=\"width: 82.4333px;\">00:57.58<\/td>\n<\/tr>\n<tr>\n<td style=\"width: 85.55px;\">Viteri<\/td>\n<td style=\"width: 88.4667px;\">Javier<\/td>\n<td style=\"width: 166.883px;\">Salto de Altura<\/td>\n<td style=\"width: 93.4833px;\">M\u00e1ster 55<\/td>\n<td style=\"width: 35.1833px;\">5\u00ba<\/td>\n<td style=\"width: 82.4333px;\">1.38 mts<\/td>\n<\/tr>\n<tr>\n<td style=\"width: 85.55px;\">Viteri<\/td>\n<td style=\"width: 88.4667px;\">Javier<\/td>\n<td style=\"width: 166.883px;\">Salto de longitud<\/td>\n<td style=\"width: 93.4833px;\">M\u00e1ster 55<\/td>\n<td style=\"width: 35.1833px;\">6\u00ba<\/td>\n<td style=\"width: 82.4333px;\">4.46 mts<\/td>\n<\/tr>\n<\/tbody>\n<\/table>\n<p style=\"text-align: center;\"><a class=\"fasc-button fasc-size-medium fasc-type-glossy fasc-rounded-medium ico-fa fasc-ico-before fa-trophy\" style=\"background-color: #e66903; color: #ffffff;\" target=\"_blank\" rel=\"noopener\" href=\"https:\/\/atletismo.gal\/wp-content\/uploads\/2018\/11\/rc020219copamaster.pdf\">Resultados<\/a><\/p>\n<p>&nbsp;<\/p>\n","protected":false},"excerpt":{"rendered":"<p>&nbsp; Otra de las citas importantes en la jornada del s\u00e1bado era la que transcurr\u00eda en A Coru\u00f1a.&nbsp; Nuestro equipo m\u00e1ster tendr\u00eda una gran actuaci\u00f3n en el II\u00ba campeonato gallego master de clubs en pista cubierta, logrando un gran 4\u00b0 puesto. A pesar de las&#8230;<\/p>\n","protected":false},"author":1,"featured_media":0,"comment_status":"closed","ping_status":"closed","sticky":false,"template":"","format":"standard","meta":{"footnotes":""},"categories":[9],"tags":[],"class_list":["post-10560","post","type-post","status-publish","format-standard","hentry","category-resultados"],"aioseo_notices":[],"_links":{"self":[{"href":"https:\/\/clubourenseatletismo.es\/blog\/wp-json\/wp\/v2\/posts\/10560","targetHints":{"allow":["GET"]}}],"collection":[{"href":"https:\/\/clubourenseatletismo.es\/blog\/wp-json\/wp\/v2\/posts"}],"about":[{"href":"https:\/\/clubourenseatletismo.es\/blog\/wp-json\/wp\/v2\/types\/post"}],"author":[{"embeddable":true,"href":"https:\/\/clubourenseatletismo.es\/blog\/wp-json\/wp\/v2\/users\/1"}],"replies":[{"embeddable":true,"href":"https:\/\/clubourenseatletismo.es\/blog\/wp-json\/wp\/v2\/comments?post=10560"}],"version-history":[{"count":2,"href":"https:\/\/clubourenseatletismo.es\/blog\/wp-json\/wp\/v2\/posts\/10560\/revisions"}],"predecessor-version":[{"id":10563,"href":"https:\/\/clubourenseatletismo.es\/blog\/wp-json\/wp\/v2\/posts\/10560\/revisions\/10563"}],"wp:attachment":[{"href":"https:\/\/clubourenseatletismo.es\/blog\/wp-json\/wp\/v2\/media?parent=10560"}],"wp:term":[{"taxonomy":"category","embeddable":true,"href":"https:\/\/clubourenseatletismo.es\/blog\/wp-json\/wp\/v2\/categories?post=10560"},{"taxonomy":"post_tag","embeddable":true,"href":"https:\/\/clubourenseatletismo.es\/blog\/wp-json\/wp\/v2\/tags?post=10560"}],"curies":[{"name":"wp","href":"https:\/\/api.w.org\/{rel}","templated":true}]}}