{"id":10365,"date":"2019-01-20T11:57:22","date_gmt":"2019-01-20T10:57:22","guid":{"rendered":"https:\/\/clubourenseatletismo.es\/blog\/?p=10365"},"modified":"2019-01-20T14:25:57","modified_gmt":"2019-01-20T13:25:57","slug":"cuatro-medallas-en-el-gallego-de-marcha","status":"publish","type":"post","link":"https:\/\/clubourenseatletismo.es\/blog\/2019\/01\/20\/cuatro-medallas-en-el-gallego-de-marcha\/","title":{"rendered":"Cuatro Medallas en el Gallego de Marcha."},"content":{"rendered":"<p><img loading=\"lazy\" decoding=\"async\" class=\"wp-image-10372 aligncenter\" src=\"https:\/\/clubourenseatletismo.es\/blog\/wp-content\/uploads\/2019\/01\/IMG_20190119_192325-1024x768.jpg\" alt=\"\" width=\"479\" height=\"359\" srcset=\"https:\/\/clubourenseatletismo.es\/blog\/wp-content\/uploads\/2019\/01\/IMG_20190119_192325-1024x768.jpg 1024w, https:\/\/clubourenseatletismo.es\/blog\/wp-content\/uploads\/2019\/01\/IMG_20190119_192325-300x225.jpg 300w, https:\/\/clubourenseatletismo.es\/blog\/wp-content\/uploads\/2019\/01\/IMG_20190119_192325-768x576.jpg 768w\" sizes=\"auto, (max-width: 479px) 100vw, 479px\" \/><\/p>\n<p>Cuatro medallas consigui\u00f3 en el d\u00eda de ayer nuestro club en A Pobra do Carami\u00f1al.&nbsp; A pesar de la jornada lluviosa que nos toc\u00f3 vivir nuestros atletas lograron subir al podium.<\/p>\n<p>En lo m\u00e1s alto del podium estuvieron Sheila Varela la benjamina del grupo en la prueba de 1 km,&nbsp; Silvia Ramos sub16 har\u00eda lo propio en la prueba de los 5km.<\/p>\n<p>La plata en esta ocasi\u00f3n ser\u00eda para In\u00e9s Valent\u00edn sub-23, en la prueba de los 10 km, siendo adem\u00e1s la 5\u00aa absoluta en cruzar la linea de meta.<\/p>\n<p>El bronce fue para Brais Manso sub-16 masculino en la prueba de los 5km.<\/p>\n<p><img loading=\"lazy\" decoding=\"async\" class=\"wp-image-10373 aligncenter\" src=\"https:\/\/clubourenseatletismo.es\/blog\/wp-content\/uploads\/2019\/01\/IMG-20190120-WA0002-768x1024.jpg\" alt=\"\" width=\"428\" height=\"570\" srcset=\"https:\/\/clubourenseatletismo.es\/blog\/wp-content\/uploads\/2019\/01\/IMG-20190120-WA0002-768x1024.jpg 768w, https:\/\/clubourenseatletismo.es\/blog\/wp-content\/uploads\/2019\/01\/IMG-20190120-WA0002-225x300.jpg 225w, https:\/\/clubourenseatletismo.es\/blog\/wp-content\/uploads\/2019\/01\/IMG-20190120-WA0002.jpg 1200w\" sizes=\"auto, (max-width: 428px) 100vw, 428px\" \/>Excelentes resultados aunque en esta ocasi\u00f3n no lograr\u00edan alcanzar el caj\u00f3n ser\u00eda para Javier Malingre sub-14 masculino 4\u00ba, al igual que Rita V\u00e1zquez sub18. Esta si lograba conseguir uno de los objetivos ya que con el registro alcanzado 01:00.07 ten\u00eda la marca m\u00ednima para participar en el Campeonato de Espa\u00f1a.<\/p>\n<p>Muy bien Marta Quiroga en 2km sub12 que mejoraba su marca y Roi Prieto sub14 en la prueba de los 3km que reci\u00e9n salido de un proceso febril luch\u00f3 incansable hasta el final.<\/p>\n<p><img loading=\"lazy\" decoding=\"async\" class=\" wp-image-10374 aligncenter\" src=\"https:\/\/clubourenseatletismo.es\/blog\/wp-content\/uploads\/2019\/01\/IMG-20190120-WA0028-1024x768.jpg\" alt=\"\" width=\"384\" height=\"288\" srcset=\"https:\/\/clubourenseatletismo.es\/blog\/wp-content\/uploads\/2019\/01\/IMG-20190120-WA0028-1024x768.jpg 1024w, https:\/\/clubourenseatletismo.es\/blog\/wp-content\/uploads\/2019\/01\/IMG-20190120-WA0028-300x225.jpg 300w, https:\/\/clubourenseatletismo.es\/blog\/wp-content\/uploads\/2019\/01\/IMG-20190120-WA0028-768x576.jpg 768w, https:\/\/clubourenseatletismo.es\/blog\/wp-content\/uploads\/2019\/01\/IMG-20190120-WA0028.jpg 1600w\" sizes=\"auto, (max-width: 384px) 100vw, 384px\" \/><\/p>\n\n\n<p>Al acabar la competici\u00f3n del Campeonato de Marcha, se disputar\u00eda el primer Trofeo Barbanza de atletismo en Ruta. Dos atletas quisieron participar en la categor\u00eda absoluta Tom\u00e1s Fraiz que ser\u00eda 5\u00ba en su categor\u00eda, recorriendo los 3km de la prueba en (11:01) y Germ\u00e1n Quiroga que ser\u00eda tercero en su categor\u00eda (12:19) recorriendo igual distancia.<\/p>\n\n\n<p style=\"text-align: center;\"><a class=\"fasc-button fasc-size-medium fasc-type-glossy fasc-rounded-medium fasc-ico-before dashicons-camera\" style=\"background-color: #33809e; color: #ffffff;\" href=\"https:\/\/photos.app.goo.gl\/S6LWTbUfbuc8L7XU7\" target=\"_blank\" rel=\"noopener\">Fotos<\/a>&nbsp;&nbsp;&nbsp;<a class=\"fasc-button fasc-size-medium fasc-type-glossy fasc-rounded-medium ico-fa fasc-ico-before fa-trophy\" style=\"background-color: #e66903; color: #ffffff;\" href=\"https:\/\/atletismo.gal\/wp-content\/uploads\/2018\/12\/rpobra190119.pdf\" target=\"_blank\" rel=\"noopener\">Resultados<\/a>&nbsp;&nbsp;<a class=\"fasc-button fasc-size-medium fasc-type-glossy fasc-rounded-medium ico-fa fasc-ico-before fa-trophy\" style=\"background-color: #e66903; color: #ffffff;\" href=\"https:\/\/atletismo.gal\/wp-content\/uploads\/2019\/01\/Resultados-I-TROFEO-BARBANZA-DE-ATLETISMO-EN-RUTA.pdf\" target=\"_blank\" rel=\"noopener\">Resultados Trofeo<\/a><\/p>\n<p>&nbsp;<\/p>\n<p>&nbsp;<\/p>\n\n\n<p><\/p>\n","protected":false},"excerpt":{"rendered":"<p>Cuatro medallas consigui\u00f3 en el d\u00eda de ayer nuestro club en A Pobra do Carami\u00f1al.&nbsp; A pesar de la jornada lluviosa que nos toc\u00f3 vivir nuestros atletas lograron subir al podium. En lo m\u00e1s alto del podium estuvieron Sheila Varela la benjamina del grupo en&#8230;<\/p>\n","protected":false},"author":1,"featured_media":0,"comment_status":"closed","ping_status":"closed","sticky":false,"template":"","format":"standard","meta":{"footnotes":""},"categories":[7],"tags":[],"class_list":["post-10365","post","type-post","status-publish","format-standard","hentry","category-noticias"],"aioseo_notices":[],"_links":{"self":[{"href":"https:\/\/clubourenseatletismo.es\/blog\/wp-json\/wp\/v2\/posts\/10365","targetHints":{"allow":["GET"]}}],"collection":[{"href":"https:\/\/clubourenseatletismo.es\/blog\/wp-json\/wp\/v2\/posts"}],"about":[{"href":"https:\/\/clubourenseatletismo.es\/blog\/wp-json\/wp\/v2\/types\/post"}],"author":[{"embeddable":true,"href":"https:\/\/clubourenseatletismo.es\/blog\/wp-json\/wp\/v2\/users\/1"}],"replies":[{"embeddable":true,"href":"https:\/\/clubourenseatletismo.es\/blog\/wp-json\/wp\/v2\/comments?post=10365"}],"version-history":[{"count":7,"href":"https:\/\/clubourenseatletismo.es\/blog\/wp-json\/wp\/v2\/posts\/10365\/revisions"}],"predecessor-version":[{"id":10377,"href":"https:\/\/clubourenseatletismo.es\/blog\/wp-json\/wp\/v2\/posts\/10365\/revisions\/10377"}],"wp:attachment":[{"href":"https:\/\/clubourenseatletismo.es\/blog\/wp-json\/wp\/v2\/media?parent=10365"}],"wp:term":[{"taxonomy":"category","embeddable":true,"href":"https:\/\/clubourenseatletismo.es\/blog\/wp-json\/wp\/v2\/categories?post=10365"},{"taxonomy":"post_tag","embeddable":true,"href":"https:\/\/clubourenseatletismo.es\/blog\/wp-json\/wp\/v2\/tags?post=10365"}],"curies":[{"name":"wp","href":"https:\/\/api.w.org\/{rel}","templated":true}]}}