{"id":10259,"date":"2019-01-09T16:28:05","date_gmt":"2019-01-09T15:28:05","guid":{"rendered":"https:\/\/clubourenseatletismo.es\/blog\/?p=10259"},"modified":"2019-01-09T16:28:06","modified_gmt":"2019-01-09T15:28:06","slug":"xv-copa-de-galicia-de-clubs-en-pista-cuberta-2","status":"publish","type":"post","link":"https:\/\/clubourenseatletismo.es\/blog\/2019\/01\/09\/xv-copa-de-galicia-de-clubs-en-pista-cuberta-2\/","title":{"rendered":"XV Copa de Galicia de Clubs en Pista Cuberta"},"content":{"rendered":"<p><img loading=\"lazy\" decoding=\"async\" class=\"alignleft  wp-image-10177\" src=\"https:\/\/clubourenseatletismo.es\/blog\/wp-content\/uploads\/2019\/01\/XV-Copa-de-Galicia-de-Clubs-en-Pista-Cuberta.jpeg\" alt=\"\" width=\"176\" height=\"235\" srcset=\"https:\/\/clubourenseatletismo.es\/blog\/wp-content\/uploads\/2019\/01\/XV-Copa-de-Galicia-de-Clubs-en-Pista-Cuberta.jpeg 720w, https:\/\/clubourenseatletismo.es\/blog\/wp-content\/uploads\/2019\/01\/XV-Copa-de-Galicia-de-Clubs-en-Pista-Cuberta-225x300.jpeg 225w\" sizes=\"auto, (max-width: 176px) 100vw, 176px\" \/>Chega este domingo \u00e1 instalaci\u00f3n cuberta de Ourense unha das competici\u00f3ns m\u00e1is vibrantes e vistosas de cantas se poden disfrutar no calendario atl\u00e9tico de probas oficiais nesta tempada. A Copa de Clubs de Pista cuberta, da o pistoletazo de saida \u00e1s grandes citas por equipos e que esta fin de semana xuntar\u00e1n na cidade das Burgas, a un total de dezaseis equipos e a preto de 250 atletas na procura deste prezado t\u00edtulo en xogo.<\/p>\n<div>Poder\u00e1n intervir un total de 8 clubs, masculinos e femininos, estando<\/div>\n<div>convidados de forma directa os catro primeiros clasificados masculinos e femininos, respectivamente, do Campionato de Galicia de Clubs \u00f3 aire libre da pasada tempada<\/div>\n<p>Grazas a bo traballo dos nosos atletas e entrenadores somos quen de participar nesta proba coas nosas cores, cousa que non sucedia xa fai moito tempo. O primeiro \u00e9xito acadamolo ao lograr clasificar os equipos de homes e mulleres, agora s\u00f3 cumpre so\u00f1ar co que poda pasar.<\/p>\n<p>&nbsp;Parabens.<\/p>\n<p style=\"text-align: center;\"><a class=\"fasc-button fasc-size-medium fasc-type-glossy fasc-rounded-medium fasc-ico-before dashicons-format-aside\" style=\"background-color: #218562; color: #ffffff;\" target=\"_blank\" rel=\"noopener\" href=\"https:\/\/atletismo.gal\/wp-content\/uploads\/2018\/12\/Circular-89-2018.-2.pdf\">Horario<\/a>&nbsp;&nbsp;<a class=\"fasc-button fasc-size-medium fasc-type-glossy fasc-rounded-medium fasc-ico-before dashicons-groups\" style=\"background-color: #324994; color: #ffffff;\" target=\"_blank\" rel=\"noopener\" href=\"https:\/\/atletismo.gal\/wp-content\/uploads\/2018\/11\/inso130119.pdf\">Inscritos<\/a><\/p>\n<p>&nbsp;<\/p>\n<p>&nbsp;<\/p>\n","protected":false},"excerpt":{"rendered":"<p>Chega este domingo \u00e1 instalaci\u00f3n cuberta de Ourense unha das competici\u00f3ns m\u00e1is vibrantes e vistosas de cantas se poden disfrutar no calendario atl\u00e9tico de probas oficiais nesta tempada. A Copa de Clubs de Pista cuberta, da o pistoletazo de saida \u00e1s grandes citas por equipos&#8230;<\/p>\n","protected":false},"author":1,"featured_media":0,"comment_status":"closed","ping_status":"closed","sticky":false,"template":"","format":"standard","meta":{"footnotes":""},"categories":[7],"tags":[],"class_list":["post-10259","post","type-post","status-publish","format-standard","hentry","category-noticias"],"aioseo_notices":[],"_links":{"self":[{"href":"https:\/\/clubourenseatletismo.es\/blog\/wp-json\/wp\/v2\/posts\/10259","targetHints":{"allow":["GET"]}}],"collection":[{"href":"https:\/\/clubourenseatletismo.es\/blog\/wp-json\/wp\/v2\/posts"}],"about":[{"href":"https:\/\/clubourenseatletismo.es\/blog\/wp-json\/wp\/v2\/types\/post"}],"author":[{"embeddable":true,"href":"https:\/\/clubourenseatletismo.es\/blog\/wp-json\/wp\/v2\/users\/1"}],"replies":[{"embeddable":true,"href":"https:\/\/clubourenseatletismo.es\/blog\/wp-json\/wp\/v2\/comments?post=10259"}],"version-history":[{"count":4,"href":"https:\/\/clubourenseatletismo.es\/blog\/wp-json\/wp\/v2\/posts\/10259\/revisions"}],"predecessor-version":[{"id":10264,"href":"https:\/\/clubourenseatletismo.es\/blog\/wp-json\/wp\/v2\/posts\/10259\/revisions\/10264"}],"wp:attachment":[{"href":"https:\/\/clubourenseatletismo.es\/blog\/wp-json\/wp\/v2\/media?parent=10259"}],"wp:term":[{"taxonomy":"category","embeddable":true,"href":"https:\/\/clubourenseatletismo.es\/blog\/wp-json\/wp\/v2\/categories?post=10259"},{"taxonomy":"post_tag","embeddable":true,"href":"https:\/\/clubourenseatletismo.es\/blog\/wp-json\/wp\/v2\/tags?post=10259"}],"curies":[{"name":"wp","href":"https:\/\/api.w.org\/{rel}","templated":true}]}}