{"id":10135,"date":"2019-01-01T13:13:25","date_gmt":"2019-01-01T12:13:25","guid":{"rendered":"https:\/\/clubourenseatletismo.es\/blog\/?p=10135"},"modified":"2019-01-01T18:50:31","modified_gmt":"2019-01-01T17:50:31","slug":"control-de-sectores","status":"publish","type":"post","link":"https:\/\/clubourenseatletismo.es\/blog\/2019\/01\/01\/control-de-sectores\/","title":{"rendered":"Control de Sectores"},"content":{"rendered":"<p><img loading=\"lazy\" decoding=\"async\" class=\"wp-image-10143 aligncenter\" src=\"https:\/\/clubourenseatletismo.es\/blog\/wp-content\/uploads\/2019\/01\/IMG-20181230-WA0004-1024x683.jpg\" alt=\"\" width=\"439\" height=\"293\" srcset=\"https:\/\/clubourenseatletismo.es\/blog\/wp-content\/uploads\/2019\/01\/IMG-20181230-WA0004-1024x683.jpg 1024w, https:\/\/clubourenseatletismo.es\/blog\/wp-content\/uploads\/2019\/01\/IMG-20181230-WA0004-300x200.jpg 300w, https:\/\/clubourenseatletismo.es\/blog\/wp-content\/uploads\/2019\/01\/IMG-20181230-WA0004-768x512.jpg 768w, https:\/\/clubourenseatletismo.es\/blog\/wp-content\/uploads\/2019\/01\/IMG-20181230-WA0004.jpg 1599w\" sizes=\"auto, (max-width: 439px) 100vw, 439px\" \/><\/p>\n<p>Este fin de semana de atletismo en pista cubierta tuvo una actividad fren\u00e9tica, se disputar\u00edan el Control de sectores y el V\u00ba Campeonato de pruebas combinadas de Clubs, todo ello congregado en el recinto de Expourense.<\/p>\n<p>Uno de las principales focos de atenci\u00f3n de la jornada estaba en la espectacular prueba de 3000 metros en la que destac\u00f3 la participaci\u00f3n de&nbsp; Alejandro Fern\u00e1ndez cuyo tiempo final fue 8:22.52.<\/p>\n<p>La jornada de control se complet\u00f3 con carreras de 200, 600 y 800 en la que los atletas buscaron m\u00ednimas para campeonatos nacionales o mejorar su puesta a punto para lo que resta de temporada invernal.<\/p>\n<p>Carolina Santos y Mar D\u00edaz lograban en la prueba de los 3.000 mts categor\u00eda sub-16 femenina la m\u00ednima para competir en el nacional.<\/p>\n<p><img loading=\"lazy\" decoding=\"async\" class=\"alignleft  wp-image-10139\" src=\"https:\/\/clubourenseatletismo.es\/blog\/wp-content\/uploads\/2019\/01\/combi-1-576x1024.jpg\" alt=\"\" width=\"146\" height=\"260\" srcset=\"https:\/\/clubourenseatletismo.es\/blog\/wp-content\/uploads\/2019\/01\/combi-1-576x1024.jpg 576w, https:\/\/clubourenseatletismo.es\/blog\/wp-content\/uploads\/2019\/01\/combi-1-169x300.jpg 169w, https:\/\/clubourenseatletismo.es\/blog\/wp-content\/uploads\/2019\/01\/combi-1-768x1366.jpg 768w, https:\/\/clubourenseatletismo.es\/blog\/wp-content\/uploads\/2019\/01\/combi-1.jpg 899w\" sizes=\"auto, (max-width: 146px) 100vw, 146px\" \/>Destacarar\u00edan los registros de dos atletas que lograban batir los r\u00e9cords actuales del club Anxela Seoane que se impon\u00eda en la los 600 sub16 con crono de 1:44.23 y Alex Fornos en la prueba de los 800 mts sub20 con un crono de 01:58.29.<\/p>\n<p style=\"text-align: center;\"><a class=\"fasc-button fasc-size-medium fasc-type-glossy fasc-rounded-medium ico-fa fasc-ico-before fa-trophy\" style=\"background-color: #e66903; color: #ffffff;\" target=\"_blank\" rel=\"noopener\" href=\"https:\/\/atletismo.gal\/wp-content\/uploads\/2018\/12\/rocontrol29301218.pdf\">Resultados<\/a>&nbsp;<a class=\"fasc-button fasc-size-medium fasc-type-glossy fasc-rounded-medium fasc-ico-before dashicons-camera\" style=\"background-color: #33809e; color: #ffffff;\" target=\"_blank\" rel=\"noopener\" href=\"https:\/\/photos.app.goo.gl\/wVpikJtmmVHcsct46\">Fotos<\/a><\/p>\n<p>&nbsp;<\/p>\n<p>&nbsp;<\/p>\n<p>&nbsp;<\/p>\n<p>&nbsp;<\/p>\n<p>&nbsp;<\/p>\n","protected":false},"excerpt":{"rendered":"<p>Este fin de semana de atletismo en pista cubierta tuvo una actividad fren\u00e9tica, se disputar\u00edan el Control de sectores y el V\u00ba Campeonato de pruebas combinadas de Clubs, todo ello congregado en el recinto de Expourense. Uno de las principales focos de atenci\u00f3n de la&#8230;<\/p>\n","protected":false},"author":1,"featured_media":0,"comment_status":"closed","ping_status":"closed","sticky":false,"template":"","format":"standard","meta":{"footnotes":""},"categories":[9],"tags":[],"class_list":["post-10135","post","type-post","status-publish","format-standard","hentry","category-resultados"],"aioseo_notices":[],"aioseo_head":"\n\t\t<!-- All in One SEO 5.0.1.1 - aioseo.com -->\n\t<meta name=\"description\" content=\"Este fin de semana de atletismo en pista cubierta tuvo una actividad fren\u00e9tica, se disputar\u00edan el Control de sectores y el V\u00ba Campeonato de pruebas combinadas de Clubs, todo ello congregado en el recinto de Expourense. Uno de las principales focos de atenci\u00f3n de la jornada estaba en la espectacular prueba de 3000 metros en\" \/>\n\t<meta name=\"robots\" content=\"max-image-preview:large\" \/>\n\t<meta name=\"author\" content=\"clubourense\"\/>\n\t<link rel=\"canonical\" href=\"https:\/\/clubourenseatletismo.es\/blog\/2019\/01\/01\/control-de-sectores\/\" \/>\n\t<meta name=\"generator\" content=\"All in One SEO (AIOSEO) 5.0.1.1\" \/>\n\t\t<meta property=\"og:locale\" content=\"es_ES\" \/>\n\t\t<meta property=\"og:site_name\" content=\"Club Ourense Atletismo | Escuela Ourense Atletismo\" \/>\n\t\t<meta property=\"og:type\" content=\"article\" \/>\n\t\t<meta property=\"og:title\" content=\"Control de Sectores | Club Ourense Atletismo\" \/>\n\t\t<meta property=\"og:description\" content=\"Este fin de semana de atletismo en pista cubierta tuvo una actividad fren\u00e9tica, se disputar\u00edan el Control de sectores y el V\u00ba Campeonato de pruebas combinadas de Clubs, todo ello congregado en el recinto de Expourense. Uno de las principales focos de atenci\u00f3n de la jornada estaba en la espectacular prueba de 3000 metros en\" \/>\n\t\t<meta property=\"og:url\" content=\"https:\/\/clubourenseatletismo.es\/blog\/2019\/01\/01\/control-de-sectores\/\" \/>\n\t\t<meta property=\"article:published_time\" content=\"2019-01-01T12:13:25+00:00\" \/>\n\t\t<meta property=\"article:modified_time\" content=\"2019-01-01T17:50:31+00:00\" \/>\n\t\t<meta property=\"article:publisher\" content=\"https:\/\/www.facebook.com\/profile.php?id=100063516489280\" \/>\n\t\t<meta name=\"twitter:card\" content=\"summary\" \/>\n\t\t<meta name=\"twitter:title\" content=\"Control de Sectores | Club Ourense Atletismo\" \/>\n\t\t<meta name=\"twitter:description\" content=\"Este fin de semana de atletismo en pista cubierta tuvo una actividad fren\u00e9tica, se disputar\u00edan el Control de sectores y el V\u00ba Campeonato de pruebas combinadas de Clubs, todo ello congregado en el recinto de Expourense. Uno de las principales focos de atenci\u00f3n de la jornada estaba en la espectacular prueba de 3000 metros en\" \/>\n\t\t<script type=\"application\/ld+json\" class=\"aioseo-schema\">\n\t\t\t{\"@context\":\"https:\\\/\\\/schema.org\",\"@graph\":[{\"@type\":\"Article\",\"@id\":\"https:\\\/\\\/clubourenseatletismo.es\\\/blog\\\/2019\\\/01\\\/01\\\/control-de-sectores\\\/#article\",\"name\":\"Control de Sectores | Club Ourense Atletismo\",\"headline\":\"Control de Sectores\",\"author\":{\"@id\":\"https:\\\/\\\/clubourenseatletismo.es\\\/blog\\\/author\\\/clubourense\\\/#author\"},\"publisher\":{\"@id\":\"https:\\\/\\\/clubourenseatletismo.es\\\/blog\\\/#organization\"},\"image\":{\"@type\":\"ImageObject\",\"url\":\"https:\\\/\\\/clubourenseatletismo.es\\\/blog\\\/wp-content\\\/uploads\\\/2019\\\/01\\\/IMG-20181230-WA0004-1024x683.jpg\",\"@id\":\"https:\\\/\\\/clubourenseatletismo.es\\\/blog\\\/2019\\\/01\\\/01\\\/control-de-sectores\\\/#articleImage\"},\"datePublished\":\"2019-01-01T13:13:25+01:00\",\"dateModified\":\"2019-01-01T18:50:31+01:00\",\"inLanguage\":\"es-ES\",\"mainEntityOfPage\":{\"@id\":\"https:\\\/\\\/clubourenseatletismo.es\\\/blog\\\/2019\\\/01\\\/01\\\/control-de-sectores\\\/#webpage\"},\"isPartOf\":{\"@id\":\"https:\\\/\\\/clubourenseatletismo.es\\\/blog\\\/2019\\\/01\\\/01\\\/control-de-sectores\\\/#webpage\"},\"articleSection\":\"Resultados\"},{\"@type\":\"BreadcrumbList\",\"@id\":\"https:\\\/\\\/clubourenseatletismo.es\\\/blog\\\/2019\\\/01\\\/01\\\/control-de-sectores\\\/#breadcrumblist\",\"itemListElement\":[{\"@type\":\"ListItem\",\"@id\":\"https:\\\/\\\/clubourenseatletismo.es\\\/blog#listItem\",\"position\":1,\"name\":\"Inicio\",\"item\":\"https:\\\/\\\/clubourenseatletismo.es\\\/blog\",\"nextItem\":{\"@type\":\"ListItem\",\"@id\":\"https:\\\/\\\/clubourenseatletismo.es\\\/blog\\\/category\\\/resultados\\\/#listItem\",\"name\":\"Resultados\"}},{\"@type\":\"ListItem\",\"@id\":\"https:\\\/\\\/clubourenseatletismo.es\\\/blog\\\/category\\\/resultados\\\/#listItem\",\"position\":2,\"name\":\"Resultados\",\"item\":\"https:\\\/\\\/clubourenseatletismo.es\\\/blog\\\/category\\\/resultados\\\/\",\"nextItem\":{\"@type\":\"ListItem\",\"@id\":\"https:\\\/\\\/clubourenseatletismo.es\\\/blog\\\/2019\\\/01\\\/01\\\/control-de-sectores\\\/#listItem\",\"name\":\"Control de Sectores\"},\"previousItem\":{\"@type\":\"ListItem\",\"@id\":\"https:\\\/\\\/clubourenseatletismo.es\\\/blog#listItem\",\"name\":\"Inicio\"}},{\"@type\":\"ListItem\",\"@id\":\"https:\\\/\\\/clubourenseatletismo.es\\\/blog\\\/2019\\\/01\\\/01\\\/control-de-sectores\\\/#listItem\",\"position\":3,\"name\":\"Control de Sectores\",\"previousItem\":{\"@type\":\"ListItem\",\"@id\":\"https:\\\/\\\/clubourenseatletismo.es\\\/blog\\\/category\\\/resultados\\\/#listItem\",\"name\":\"Resultados\"}}]},{\"@type\":\"Organization\",\"@id\":\"https:\\\/\\\/clubourenseatletismo.es\\\/blog\\\/#organization\",\"name\":\"Club Ourense Atletismo\",\"description\":\"Escuela Ourense Atletismo\",\"url\":\"https:\\\/\\\/clubourenseatletismo.es\\\/blog\\\/\",\"telephone\":\"+34637157458\",\"logo\":{\"@type\":\"ImageObject\",\"url\":\"https:\\\/\\\/clubourenseatletismo.es\\\/blog\\\/wp-content\\\/uploads\\\/2019\\\/09\\\/cropped-LOGO-1.jpeg\",\"@id\":\"https:\\\/\\\/clubourenseatletismo.es\\\/blog\\\/2019\\\/01\\\/01\\\/control-de-sectores\\\/#organizationLogo\",\"width\":512,\"height\":512},\"image\":{\"@id\":\"https:\\\/\\\/clubourenseatletismo.es\\\/blog\\\/2019\\\/01\\\/01\\\/control-de-sectores\\\/#organizationLogo\"},\"sameAs\":[\"https:\\\/\\\/www.facebook.com\\\/profile.php?id=100063516489280\",\"https:\\\/\\\/www.instagram.com\\\/clubourenseatletismo\\\/\"]},{\"@type\":\"Person\",\"@id\":\"https:\\\/\\\/clubourenseatletismo.es\\\/blog\\\/author\\\/clubourense\\\/#author\",\"url\":\"https:\\\/\\\/clubourenseatletismo.es\\\/blog\\\/author\\\/clubourense\\\/\",\"name\":\"clubourense\",\"image\":{\"@type\":\"ImageObject\",\"@id\":\"https:\\\/\\\/clubourenseatletismo.es\\\/blog\\\/2019\\\/01\\\/01\\\/control-de-sectores\\\/#authorImage\",\"url\":\"https:\\\/\\\/secure.gravatar.com\\\/avatar\\\/054ff0256550e5d1d577fa683a74658acb2f33f773051c5f2e6e8de910594748?s=96&d=mm&r=g\",\"width\":96,\"height\":96,\"caption\":\"clubourense\"}},{\"@type\":\"WebPage\",\"@id\":\"https:\\\/\\\/clubourenseatletismo.es\\\/blog\\\/2019\\\/01\\\/01\\\/control-de-sectores\\\/#webpage\",\"url\":\"https:\\\/\\\/clubourenseatletismo.es\\\/blog\\\/2019\\\/01\\\/01\\\/control-de-sectores\\\/\",\"name\":\"Control de Sectores | Club Ourense Atletismo\",\"description\":\"Este fin de semana de atletismo en pista cubierta tuvo una actividad fren\\u00e9tica, se disputar\\u00edan el Control de sectores y el V\\u00ba Campeonato de pruebas combinadas de Clubs, todo ello congregado en el recinto de Expourense. Uno de las principales focos de atenci\\u00f3n de la jornada estaba en la espectacular prueba de 3000 metros en\",\"inLanguage\":\"es-ES\",\"isPartOf\":{\"@id\":\"https:\\\/\\\/clubourenseatletismo.es\\\/blog\\\/#website\"},\"breadcrumb\":{\"@id\":\"https:\\\/\\\/clubourenseatletismo.es\\\/blog\\\/2019\\\/01\\\/01\\\/control-de-sectores\\\/#breadcrumblist\"},\"author\":{\"@id\":\"https:\\\/\\\/clubourenseatletismo.es\\\/blog\\\/author\\\/clubourense\\\/#author\"},\"creator\":{\"@id\":\"https:\\\/\\\/clubourenseatletismo.es\\\/blog\\\/author\\\/clubourense\\\/#author\"},\"datePublished\":\"2019-01-01T13:13:25+01:00\",\"dateModified\":\"2019-01-01T18:50:31+01:00\"},{\"@type\":\"WebSite\",\"@id\":\"https:\\\/\\\/clubourenseatletismo.es\\\/blog\\\/#website\",\"url\":\"https:\\\/\\\/clubourenseatletismo.es\\\/blog\\\/\",\"name\":\"Club Ourense Atletismo\",\"description\":\"Escuela Ourense Atletismo\",\"inLanguage\":\"es-ES\",\"publisher\":{\"@id\":\"https:\\\/\\\/clubourenseatletismo.es\\\/blog\\\/#organization\"}}]}\n\t\t<\/script>\n\t\t<!-- All in One SEO -->\n\n","aioseo_head_json":{"title":"Control de Sectores | Club Ourense Atletismo","description":"Este fin de semana de atletismo en pista cubierta tuvo una actividad fren\u00e9tica, se disputar\u00edan el Control de sectores y el V\u00ba Campeonato de pruebas combinadas de Clubs, todo ello congregado en el recinto de Expourense. Uno de las principales focos de atenci\u00f3n de la jornada estaba en la espectacular prueba de 3000 metros en","canonical_url":"https:\/\/clubourenseatletismo.es\/blog\/2019\/01\/01\/control-de-sectores\/","robots":"max-image-preview:large","keywords":"","webmasterTools":{"miscellaneous":""},"schema":{"@context":"https:\/\/schema.org","@graph":[{"@type":"Article","@id":"https:\/\/clubourenseatletismo.es\/blog\/2019\/01\/01\/control-de-sectores\/#article","name":"Control de Sectores | Club Ourense Atletismo","headline":"Control de Sectores","author":{"@id":"https:\/\/clubourenseatletismo.es\/blog\/author\/clubourense\/#author"},"publisher":{"@id":"https:\/\/clubourenseatletismo.es\/blog\/#organization"},"image":{"@type":"ImageObject","url":"https:\/\/clubourenseatletismo.es\/blog\/wp-content\/uploads\/2019\/01\/IMG-20181230-WA0004-1024x683.jpg","@id":"https:\/\/clubourenseatletismo.es\/blog\/2019\/01\/01\/control-de-sectores\/#articleImage"},"datePublished":"2019-01-01T13:13:25+01:00","dateModified":"2019-01-01T18:50:31+01:00","inLanguage":"es-ES","mainEntityOfPage":{"@id":"https:\/\/clubourenseatletismo.es\/blog\/2019\/01\/01\/control-de-sectores\/#webpage"},"isPartOf":{"@id":"https:\/\/clubourenseatletismo.es\/blog\/2019\/01\/01\/control-de-sectores\/#webpage"},"articleSection":"Resultados"},{"@type":"BreadcrumbList","@id":"https:\/\/clubourenseatletismo.es\/blog\/2019\/01\/01\/control-de-sectores\/#breadcrumblist","itemListElement":[{"@type":"ListItem","@id":"https:\/\/clubourenseatletismo.es\/blog#listItem","position":1,"name":"Inicio","item":"https:\/\/clubourenseatletismo.es\/blog","nextItem":{"@type":"ListItem","@id":"https:\/\/clubourenseatletismo.es\/blog\/category\/resultados\/#listItem","name":"Resultados"}},{"@type":"ListItem","@id":"https:\/\/clubourenseatletismo.es\/blog\/category\/resultados\/#listItem","position":2,"name":"Resultados","item":"https:\/\/clubourenseatletismo.es\/blog\/category\/resultados\/","nextItem":{"@type":"ListItem","@id":"https:\/\/clubourenseatletismo.es\/blog\/2019\/01\/01\/control-de-sectores\/#listItem","name":"Control de Sectores"},"previousItem":{"@type":"ListItem","@id":"https:\/\/clubourenseatletismo.es\/blog#listItem","name":"Inicio"}},{"@type":"ListItem","@id":"https:\/\/clubourenseatletismo.es\/blog\/2019\/01\/01\/control-de-sectores\/#listItem","position":3,"name":"Control de Sectores","previousItem":{"@type":"ListItem","@id":"https:\/\/clubourenseatletismo.es\/blog\/category\/resultados\/#listItem","name":"Resultados"}}]},{"@type":"Organization","@id":"https:\/\/clubourenseatletismo.es\/blog\/#organization","name":"Club Ourense Atletismo","description":"Escuela Ourense Atletismo","url":"https:\/\/clubourenseatletismo.es\/blog\/","telephone":"+34637157458","logo":{"@type":"ImageObject","url":"https:\/\/clubourenseatletismo.es\/blog\/wp-content\/uploads\/2019\/09\/cropped-LOGO-1.jpeg","@id":"https:\/\/clubourenseatletismo.es\/blog\/2019\/01\/01\/control-de-sectores\/#organizationLogo","width":512,"height":512},"image":{"@id":"https:\/\/clubourenseatletismo.es\/blog\/2019\/01\/01\/control-de-sectores\/#organizationLogo"},"sameAs":["https:\/\/www.facebook.com\/profile.php?id=100063516489280","https:\/\/www.instagram.com\/clubourenseatletismo\/"]},{"@type":"Person","@id":"https:\/\/clubourenseatletismo.es\/blog\/author\/clubourense\/#author","url":"https:\/\/clubourenseatletismo.es\/blog\/author\/clubourense\/","name":"clubourense","image":{"@type":"ImageObject","@id":"https:\/\/clubourenseatletismo.es\/blog\/2019\/01\/01\/control-de-sectores\/#authorImage","url":"https:\/\/secure.gravatar.com\/avatar\/054ff0256550e5d1d577fa683a74658acb2f33f773051c5f2e6e8de910594748?s=96&d=mm&r=g","width":96,"height":96,"caption":"clubourense"}},{"@type":"WebPage","@id":"https:\/\/clubourenseatletismo.es\/blog\/2019\/01\/01\/control-de-sectores\/#webpage","url":"https:\/\/clubourenseatletismo.es\/blog\/2019\/01\/01\/control-de-sectores\/","name":"Control de Sectores | Club Ourense Atletismo","description":"Este fin de semana de atletismo en pista cubierta tuvo una actividad fren\u00e9tica, se disputar\u00edan el Control de sectores y el V\u00ba Campeonato de pruebas combinadas de Clubs, todo ello congregado en el recinto de Expourense. Uno de las principales focos de atenci\u00f3n de la jornada estaba en la espectacular prueba de 3000 metros en","inLanguage":"es-ES","isPartOf":{"@id":"https:\/\/clubourenseatletismo.es\/blog\/#website"},"breadcrumb":{"@id":"https:\/\/clubourenseatletismo.es\/blog\/2019\/01\/01\/control-de-sectores\/#breadcrumblist"},"author":{"@id":"https:\/\/clubourenseatletismo.es\/blog\/author\/clubourense\/#author"},"creator":{"@id":"https:\/\/clubourenseatletismo.es\/blog\/author\/clubourense\/#author"},"datePublished":"2019-01-01T13:13:25+01:00","dateModified":"2019-01-01T18:50:31+01:00"},{"@type":"WebSite","@id":"https:\/\/clubourenseatletismo.es\/blog\/#website","url":"https:\/\/clubourenseatletismo.es\/blog\/","name":"Club Ourense Atletismo","description":"Escuela Ourense Atletismo","inLanguage":"es-ES","publisher":{"@id":"https:\/\/clubourenseatletismo.es\/blog\/#organization"}}]},"og:locale":"es_ES","og:site_name":"Club Ourense Atletismo | Escuela Ourense Atletismo","og:type":"article","og:title":"Control de Sectores | Club Ourense Atletismo","og:description":"Este fin de semana de atletismo en pista cubierta tuvo una actividad fren\u00e9tica, se disputar\u00edan el Control de sectores y el V\u00ba Campeonato de pruebas combinadas de Clubs, todo ello congregado en el recinto de Expourense. Uno de las principales focos de atenci\u00f3n de la jornada estaba en la espectacular prueba de 3000 metros en","og:url":"https:\/\/clubourenseatletismo.es\/blog\/2019\/01\/01\/control-de-sectores\/","article:published_time":"2019-01-01T12:13:25+00:00","article:modified_time":"2019-01-01T17:50:31+00:00","article:publisher":"https:\/\/www.facebook.com\/profile.php?id=100063516489280","twitter:card":"summary","twitter:title":"Control de Sectores | Club Ourense Atletismo","twitter:description":"Este fin de semana de atletismo en pista cubierta tuvo una actividad fren\u00e9tica, se disputar\u00edan el Control de sectores y el V\u00ba Campeonato de pruebas combinadas de Clubs, todo ello congregado en el recinto de Expourense. Uno de las principales focos de atenci\u00f3n de la jornada estaba en la espectacular prueba de 3000 metros en"},"aioseo_meta_data":{"post_id":"10135","title":null,"description":null,"keywords":null,"keyphrases":null,"primary_term":null,"canonical_url":null,"og_title":null,"og_description":null,"og_object_type":"default","og_image_type":"default","og_image_url":null,"og_image_width":null,"og_image_height":null,"og_image_custom_url":null,"og_image_custom_fields":null,"og_video":null,"og_custom_url":null,"og_article_section":null,"og_article_tags":null,"twitter_use_og":false,"twitter_card":"default","twitter_image_type":"default","twitter_image_url":null,"twitter_image_custom_url":null,"twitter_image_custom_fields":null,"twitter_title":null,"twitter_description":null,"schema":{"blockGraphs":[],"customGraphs":[],"default":{"data":{"Article":[],"Course":[],"Dataset":[],"FAQPage":[],"Movie":[],"Person":[],"Product":[],"ProductReview":[],"Car":[],"Recipe":[],"Service":[],"SoftwareApplication":[],"WebPage":[]},"graphName":"","isEnabled":true},"graphs":[]},"schema_type":null,"schema_type_options":null,"pillar_content":false,"robots_default":true,"robots_noindex":false,"robots_noarchive":false,"robots_nosnippet":false,"robots_nofollow":false,"robots_noimageindex":false,"robots_noodp":false,"robots_notranslate":false,"robots_max_snippet":null,"robots_max_videopreview":null,"robots_max_imagepreview":"large","priority":null,"frequency":null,"location":null,"local_seo":null,"breadcrumb_settings":null,"limit_modified_date":false,"ai":null,"created":"2020-12-24 11:31:07","updated":"2022-09-16 12:12:06","seo_analyzer_scan_date":null,"focus_keyword":null,"additional_keywords":null,"truseo_locale":null},"aioseo_breadcrumb":"<div class=\"aioseo-breadcrumbs\"><span class=\"aioseo-breadcrumb\">\n\t\t\t<a href=\"https:\/\/clubourenseatletismo.es\/blog\" title=\"Inicio\">Inicio<\/a>\n\t\t<\/span><span class=\"aioseo-breadcrumb-separator\">&raquo;<\/span><span class=\"aioseo-breadcrumb\">\n\t\t\t<a href=\"https:\/\/clubourenseatletismo.es\/blog\/category\/resultados\/\" title=\"Resultados\">Resultados<\/a>\n\t\t<\/span><span class=\"aioseo-breadcrumb-separator\">&raquo;<\/span><span class=\"aioseo-breadcrumb\">\n\t\t\tControl de Sectores\n\t\t<\/span><\/div>","aioseo_breadcrumb_json":[{"label":"Inicio","link":"https:\/\/clubourenseatletismo.es\/blog"},{"label":"Resultados","link":"https:\/\/clubourenseatletismo.es\/blog\/category\/resultados\/"},{"label":"Control de Sectores","link":"https:\/\/clubourenseatletismo.es\/blog\/2019\/01\/01\/control-de-sectores\/"}],"_links":{"self":[{"href":"https:\/\/clubourenseatletismo.es\/blog\/wp-json\/wp\/v2\/posts\/10135","targetHints":{"allow":["GET"]}}],"collection":[{"href":"https:\/\/clubourenseatletismo.es\/blog\/wp-json\/wp\/v2\/posts"}],"about":[{"href":"https:\/\/clubourenseatletismo.es\/blog\/wp-json\/wp\/v2\/types\/post"}],"author":[{"embeddable":true,"href":"https:\/\/clubourenseatletismo.es\/blog\/wp-json\/wp\/v2\/users\/1"}],"replies":[{"embeddable":true,"href":"https:\/\/clubourenseatletismo.es\/blog\/wp-json\/wp\/v2\/comments?post=10135"}],"version-history":[{"count":10,"href":"https:\/\/clubourenseatletismo.es\/blog\/wp-json\/wp\/v2\/posts\/10135\/revisions"}],"predecessor-version":[{"id":10191,"href":"https:\/\/clubourenseatletismo.es\/blog\/wp-json\/wp\/v2\/posts\/10135\/revisions\/10191"}],"wp:attachment":[{"href":"https:\/\/clubourenseatletismo.es\/blog\/wp-json\/wp\/v2\/media?parent=10135"}],"wp:term":[{"taxonomy":"category","embeddable":true,"href":"https:\/\/clubourenseatletismo.es\/blog\/wp-json\/wp\/v2\/categories?post=10135"},{"taxonomy":"post_tag","embeddable":true,"href":"https:\/\/clubourenseatletismo.es\/blog\/wp-json\/wp\/v2\/tags?post=10135"}],"curies":[{"name":"wp","href":"https:\/\/api.w.org\/{rel}","templated":true}]}}