{"id":9805,"date":"2018-12-09T19:15:14","date_gmt":"2018-12-09T18:15:14","guid":{"rendered":"https:\/\/clubourenseatletismo.es\/blog\/?p=9805"},"modified":"2018-12-09T19:15:14","modified_gmt":"2018-12-09T18:15:14","slug":"resultados-cross-cantimpalos","status":"publish","type":"post","link":"http:\/\/clubourenseatletismo.es\/blog\/2018\/12\/09\/resultados-cross-cantimpalos\/","title":{"rendered":"Resultados Cross Cantimpalos."},"content":{"rendered":"<p><img loading=\"lazy\" decoding=\"async\" class=\"alignleft wp-image-9759\" src=\"https:\/\/clubourenseatletismo.es\/blog\/wp-content\/uploads\/2018\/12\/cantimpalos.jpg\" alt=\"\" width=\"129\" height=\"183\" srcset=\"http:\/\/clubourenseatletismo.es\/blog\/wp-content\/uploads\/2018\/12\/cantimpalos.jpg 351w, http:\/\/clubourenseatletismo.es\/blog\/wp-content\/uploads\/2018\/12\/cantimpalos-212x300.jpg 212w\" sizes=\"auto, (max-width: 129px) 100vw, 129px\" \/>El 47 Cross de Cantimpalos que se celebr\u00f3 en la localidad segoviana, con la presencia de m\u00e1s de 2.000 atletas compitiendo en las diversas categor\u00edas. El Cross de Cantimpalos di\u00f3 inicio el s\u00e1bado 8 a las 10:00 horas con la carrera de categor\u00eda sub-16, continuando con las diversas categor\u00edas hasta la llegada de las categor\u00edas absolutas que sobre un recorrido de 7,5 kil\u00f3metros para las mujeres y de 10 kil\u00f3metros para los hombres pondr\u00edan el punto y final a las pruebas oficiales. La celebraci\u00f3n de pruebas concluy\u00f3 alrededor de las 13:50 con la disputa de la carrera popular.<\/p>\n<p>&nbsp;<\/p>\n<p>&nbsp;<\/p>\n<p>Las actuaciones de nuestros atletas ser\u00edan:<\/p>\n<ul>\n<li>Categor\u00eda Sub-16 :Alvaro Diaz Barreiro&nbsp; 7\u00ba&nbsp; tiempo: 0:11:22 y&nbsp; Roi Naranjo Estevez 30\u00ba&nbsp;tiempo: 0:12:46.<\/li>\n<li>Categor\u00eda Sub-18 Martin Rivera P\u00e9rez&nbsp; 3\u00ba tiempo:0:18:11, Said Abdoun 4\u00ba&nbsp;&nbsp;tiempo: 0:18:12,David G\u00f3mez Fern\u00e1ndez 17\u00ba&nbsp; tiempo:0:19:43.<\/li>\n<li>Categor\u00eda Sub-20 Alejandro Gerardo Cadaya Rodr\u00edguez 23\u00batiempo:&nbsp; 0:19:40.<\/li>\n<li>Categor\u00eda Senior Roberto Espi\u00f1a Fern\u00e1ndez 47\u00ba&nbsp; tiempo:0:32:58,Francisco Javier Espi\u00f1a Fern\u00e1ndez&nbsp; 53\u00ba &nbsp;tiempo: 0:33:49.<\/li>\n<li>Categor\u00eda Populares Femenina: Antia Rodr\u00edguez Abad&nbsp; 5\u00aa tiempo: 0:14:56.<\/li>\n<li>Categor\u00eda M\u00e1ster masculino: Diego Babarro Rodr\u00edguez 91\u00ba tiempo: 0:29:41.<\/li>\n<\/ul>\n<p>Ahora toca fijar la vista en el legendario cross castellano leon\u00e9s de <b><i>Venta<\/i><\/b> <b><i>de<\/i><\/b> <b><i>Ba\u00f1os<\/i><\/b> y continuar con estos magn\u00edficos resultados a lo largo de toda la temporada de invierno.<\/p>\n<p>&nbsp;<\/p>\n<p>&nbsp;<\/p>\n<p style=\"text-align: center;\"><a class=\"fasc-button fasc-size-medium fasc-type-glossy fasc-rounded-medium ico-fa fasc-ico-before fa-trophy\" style=\"background-color: #e66903; color: #ffffff;\" target=\"_blank\" rel=\"noopener\" href=\"http:\/\/resultados.rfea.es\/2019\/cross\/cross_cantimpalos.pdf\">Resultados<\/a><\/p>\n","protected":false},"excerpt":{"rendered":"<p>El 47 Cross de Cantimpalos que se celebr\u00f3 en la localidad segoviana, con la presencia de m\u00e1s de 2.000 atletas compitiendo en las diversas categor\u00edas. El Cross de Cantimpalos di\u00f3 inicio el s\u00e1bado 8 a las 10:00 horas con la carrera de categor\u00eda sub-16, continuando&#8230;<\/p>\n","protected":false},"author":1,"featured_media":0,"comment_status":"closed","ping_status":"closed","sticky":false,"template":"","format":"standard","meta":{"footnotes":""},"categories":[9],"tags":[],"class_list":["post-9805","post","type-post","status-publish","format-standard","hentry","category-resultados"],"aioseo_notices":[],"_links":{"self":[{"href":"http:\/\/clubourenseatletismo.es\/blog\/wp-json\/wp\/v2\/posts\/9805","targetHints":{"allow":["GET"]}}],"collection":[{"href":"http:\/\/clubourenseatletismo.es\/blog\/wp-json\/wp\/v2\/posts"}],"about":[{"href":"http:\/\/clubourenseatletismo.es\/blog\/wp-json\/wp\/v2\/types\/post"}],"author":[{"embeddable":true,"href":"http:\/\/clubourenseatletismo.es\/blog\/wp-json\/wp\/v2\/users\/1"}],"replies":[{"embeddable":true,"href":"http:\/\/clubourenseatletismo.es\/blog\/wp-json\/wp\/v2\/comments?post=9805"}],"version-history":[{"count":8,"href":"http:\/\/clubourenseatletismo.es\/blog\/wp-json\/wp\/v2\/posts\/9805\/revisions"}],"predecessor-version":[{"id":9820,"href":"http:\/\/clubourenseatletismo.es\/blog\/wp-json\/wp\/v2\/posts\/9805\/revisions\/9820"}],"wp:attachment":[{"href":"http:\/\/clubourenseatletismo.es\/blog\/wp-json\/wp\/v2\/media?parent=9805"}],"wp:term":[{"taxonomy":"category","embeddable":true,"href":"http:\/\/clubourenseatletismo.es\/blog\/wp-json\/wp\/v2\/categories?post=9805"},{"taxonomy":"post_tag","embeddable":true,"href":"http:\/\/clubourenseatletismo.es\/blog\/wp-json\/wp\/v2\/tags?post=9805"}],"curies":[{"name":"wp","href":"https:\/\/api.w.org\/{rel}","templated":true}]}}