{"id":9756,"date":"2018-12-07T18:33:30","date_gmt":"2018-12-07T17:33:30","guid":{"rendered":"https:\/\/clubourenseatletismo.es\/blog\/?p=9756"},"modified":"2018-12-07T18:33:30","modified_gmt":"2018-12-07T17:33:30","slug":"maraton-valencia","status":"publish","type":"post","link":"http:\/\/clubourenseatletismo.es\/blog\/2018\/12\/07\/maraton-valencia\/","title":{"rendered":"Marat\u00f3n Valencia"},"content":{"rendered":"<div id=\"attachment_9757\" style=\"width: 690px\" class=\"wp-caption aligncenter\"><img loading=\"lazy\" decoding=\"async\" aria-describedby=\"caption-attachment-9757\" class=\"wp-image-9757\" src=\"https:\/\/clubourenseatletismo.es\/blog\/wp-content\/uploads\/2018\/12\/DSC_8117-kyfG-1350x900@Las-Provincias-1024x683.jpg\" alt=\"\" width=\"680\" height=\"454\" srcset=\"http:\/\/clubourenseatletismo.es\/blog\/wp-content\/uploads\/2018\/12\/DSC_8117-kyfG-1350x900@Las-Provincias-1024x683.jpg 1024w, http:\/\/clubourenseatletismo.es\/blog\/wp-content\/uploads\/2018\/12\/DSC_8117-kyfG-1350x900@Las-Provincias-300x200.jpg 300w, http:\/\/clubourenseatletismo.es\/blog\/wp-content\/uploads\/2018\/12\/DSC_8117-kyfG-1350x900@Las-Provincias-768x512.jpg 768w, http:\/\/clubourenseatletismo.es\/blog\/wp-content\/uploads\/2018\/12\/DSC_8117-kyfG-1350x900@Las-Provincias.jpg 1350w\" sizes=\"auto, (max-width: 680px) 100vw, 680px\" \/><p id=\"caption-attachment-9757\" class=\"wp-caption-text\">Foto Las Provincias.<\/p><\/div>\n<p>Adem\u00e1s de situarse entre los 10 mejores maratones del mundo y celebrar nuevos r\u00e9cords de la prueba en hombres y mujeres en ambas carreras, la ciudad de Val\u00e8ncia ha disfrutado de la que ya es la segunda gran fiesta valenciana despu\u00e9s de las Fallas. Tras escuchar el primer pistoletazo de salida a las 8:30 horas, los atletas de \u00e9lite y corredores populares del Marat\u00f3n han iniciado su camino en el Puente de Monteolivete. 20.953 de ellos hab\u00edan retirado su dorsal en Expo Deporte Valencia durante el fin de semana y un total de <strong>19.495 corredores han alcanzado la meta en la Ciutat de les Arts i les Ci\u00e8ncies<\/strong>.&nbsp; Entre ellos uno de los nuestros Emilio Ricla no quiso perderse esta oportunidad y lograba acabar la prueba en 02:59:50. Siendo 1545 clasificado en la general y 360 en su categor\u00eda.<\/p>\n<p>Resultado oficial:<\/p>\n<table id=\"tabModulos\" class=\"hover dataTable no-footer dtr-inline\" style=\"width: 71.1187%; height: 28px;\" role=\"grid\" aria-describedby=\"tabModulos_info\" width=\"100%\" cellspacing=\"0\">\n<tbody>\n<tr class=\"odd\" role=\"row\">\n<td style=\"width: 5.1168%;\" tabindex=\"0\">1545<\/td>\n<td style=\"width: 4.33815%;\">360<\/td>\n<td class=\"text-uppercase\" style=\"width: 39.822%;\"><a class=\"blnk\" href=\"https:\/\/resultados.valenciaciudaddelrunning.com\/maraton-buscar.php?y=2018#\" data-id=\"18265\">RODRIGUEZ RICLA, EMLIO MANUEL<\/a><\/td>\n<td style=\"width: 8.12013%;\">2:59:50<\/td>\n<td style=\"width: 5.22803%;\">M40<\/td>\n<\/tr>\n<\/tbody>\n<\/table>\n<p>&nbsp;<\/p>\n<p style=\"text-align: center;\"><a class=\"fasc-button fasc-size-medium fasc-type-flat\" style=\"background-color: #33809e; color: #ffffff;\" href=\"https:\/\/www.valenciaciudaddelrunning.com\/maraton\/clasificaciones-maraton-2018\/\">Clasificaciones<\/a><\/p>\n<p>&nbsp;<\/p>\n<p>Por otro lado Branca Fern\u00e1ndez aprovechar\u00eda para desplazarse a la localidad de Oporto donde consegu\u00eda en un control de marcas ser la m\u00e1s rapida en la prueba de los 1.500 mts. Lograba parar el crono en 05:02.60.<\/p>\n<p>&nbsp;<\/p>\n<pre>&nbsp;<\/pre>\n","protected":false},"excerpt":{"rendered":"<p>Adem\u00e1s de situarse entre los 10 mejores maratones del mundo y celebrar nuevos r\u00e9cords de la prueba en hombres y mujeres en ambas carreras, la ciudad de Val\u00e8ncia ha disfrutado de la que ya es la segunda gran fiesta valenciana despu\u00e9s de las Fallas. Tras&#8230;<\/p>\n","protected":false},"author":1,"featured_media":0,"comment_status":"closed","ping_status":"closed","sticky":false,"template":"","format":"standard","meta":{"footnotes":""},"categories":[9],"tags":[],"class_list":["post-9756","post","type-post","status-publish","format-standard","hentry","category-resultados"],"aioseo_notices":[],"_links":{"self":[{"href":"http:\/\/clubourenseatletismo.es\/blog\/wp-json\/wp\/v2\/posts\/9756","targetHints":{"allow":["GET"]}}],"collection":[{"href":"http:\/\/clubourenseatletismo.es\/blog\/wp-json\/wp\/v2\/posts"}],"about":[{"href":"http:\/\/clubourenseatletismo.es\/blog\/wp-json\/wp\/v2\/types\/post"}],"author":[{"embeddable":true,"href":"http:\/\/clubourenseatletismo.es\/blog\/wp-json\/wp\/v2\/users\/1"}],"replies":[{"embeddable":true,"href":"http:\/\/clubourenseatletismo.es\/blog\/wp-json\/wp\/v2\/comments?post=9756"}],"version-history":[{"count":1,"href":"http:\/\/clubourenseatletismo.es\/blog\/wp-json\/wp\/v2\/posts\/9756\/revisions"}],"predecessor-version":[{"id":9758,"href":"http:\/\/clubourenseatletismo.es\/blog\/wp-json\/wp\/v2\/posts\/9756\/revisions\/9758"}],"wp:attachment":[{"href":"http:\/\/clubourenseatletismo.es\/blog\/wp-json\/wp\/v2\/media?parent=9756"}],"wp:term":[{"taxonomy":"category","embeddable":true,"href":"http:\/\/clubourenseatletismo.es\/blog\/wp-json\/wp\/v2\/categories?post=9756"},{"taxonomy":"post_tag","embeddable":true,"href":"http:\/\/clubourenseatletismo.es\/blog\/wp-json\/wp\/v2\/tags?post=9756"}],"curies":[{"name":"wp","href":"https:\/\/api.w.org\/{rel}","templated":true}]}}