{"id":9583,"date":"2018-11-12T13:16:40","date_gmt":"2018-11-12T12:16:40","guid":{"rendered":"https:\/\/clubourenseatletismo.es\/blog\/?p=9583"},"modified":"2018-11-12T13:16:40","modified_gmt":"2018-11-12T12:16:40","slug":"resultados-del-cross-atapuerca","status":"publish","type":"post","link":"http:\/\/clubourenseatletismo.es\/blog\/2018\/11\/12\/resultados-del-cross-atapuerca\/","title":{"rendered":"Resultados del Cross Atapuerca ."},"content":{"rendered":"<p><img loading=\"lazy\" decoding=\"async\" class=\"wp-image-9591 alignleft\" src=\"https:\/\/clubourenseatletismo.es\/blog\/wp-content\/uploads\/2018\/11\/atap1-829x1024.jpg\" alt=\"\" width=\"313\" height=\"386\" srcset=\"http:\/\/clubourenseatletismo.es\/blog\/wp-content\/uploads\/2018\/11\/atap1-829x1024.jpg 829w, http:\/\/clubourenseatletismo.es\/blog\/wp-content\/uploads\/2018\/11\/atap1-243x300.jpg 243w, http:\/\/clubourenseatletismo.es\/blog\/wp-content\/uploads\/2018\/11\/atap1-768x949.jpg 768w, http:\/\/clubourenseatletismo.es\/blog\/wp-content\/uploads\/2018\/11\/atap1.jpg 863w\" sizes=\"auto, (max-width: 313px) 100vw, 313px\" \/> <img loading=\"lazy\" decoding=\"async\" class=\"wp-image-9592 aligncenter\" src=\"https:\/\/clubourenseatletismo.es\/blog\/wp-content\/uploads\/2018\/11\/atap2-833x1024.jpg\" alt=\"\" width=\"321\" height=\"395\" srcset=\"http:\/\/clubourenseatletismo.es\/blog\/wp-content\/uploads\/2018\/11\/atap2-833x1024.jpg 833w, http:\/\/clubourenseatletismo.es\/blog\/wp-content\/uploads\/2018\/11\/atap2-244x300.jpg 244w, http:\/\/clubourenseatletismo.es\/blog\/wp-content\/uploads\/2018\/11\/atap2-768x944.jpg 768w, http:\/\/clubourenseatletismo.es\/blog\/wp-content\/uploads\/2018\/11\/atap2.jpg 867w\" sizes=\"auto, (max-width: 321px) 100vw, 321px\" \/><\/p>\n<p>Buenos resultados los logrados por nuestros atletas en su primer desplazamiento competitivo de la temporada en la especialidad de campo a trav\u00e9s. El XV Cross Internacional de Atapuerca tuvo la presencia de media docena de nuestros representantes.<\/p>\n<p>En la categor\u00eda Sub-16 femenina (2.000 mts), <strong>Carolina Santos<\/strong> y <strong>Anxela Seoane<\/strong> lograban los puestos respectivamente 29\u00aa y 31\u00aa, con un solo segundo de diferencia entre ambas, siendo adem\u00e1s la 3\u00aa y 4\u00aa gallegas en linea de meta. En el puesto 86\u00aa se clasificar\u00eda su compa\u00f1era, <strong>Clara Mijangos<\/strong>, entre un total de 296 atletas.<\/p>\n<p>Tambi\u00e9n se lograron notables actuaciones en la categor\u00eda Sub-18. En el apartado femenino (3.000 mts), 22\u00aa puesto para <strong>Branca Fern\u00e1ndez<\/strong>, siendo la 1\u00aa atleta gallega en llegar a la linea de meta. En la referente a la actuaci\u00f3n masculina (4.000 mts), <strong>Mart\u00edn M\u00edguez<\/strong>, ocup\u00f3 un buen 69\u00ba puesto en la clasificaci\u00f3n de esta exigente categor\u00eda, siendo el 8\u00ba atleta gallego en finalizar la prueba.<\/p>\n<p>Por \u00faltimo, <strong>Oscar Seoane<\/strong> tomaba la salida de la prueba m\u00e1ster, consiguendo el puesto 42\u00ba, siendo adem\u00e1s el mejor gallego clasificado.<\/p>\n<p>&nbsp;<\/p>\n<p style=\"text-align: center;\"><a class=\"fasc-button fasc-size-medium fasc-type-glossy fasc-rounded-medium ico-fa fasc-ico-before fa-trophy\" style=\"background-color: #e66903; color: #ffffff;\" target=\"_blank\" rel=\"noopener\" href=\"http:\/\/www.crossatapuerca.com\/nw\/el-cross\/historial-e-imagenes\/xv-cross-2018\/\">Resultados<\/a><\/p>\n","protected":false},"excerpt":{"rendered":"<p>Buenos resultados los logrados por nuestros atletas en su primer desplazamiento competitivo de la temporada en la especialidad de campo a trav\u00e9s. El XV Cross Internacional de Atapuerca tuvo la presencia de media docena de nuestros representantes. En la categor\u00eda Sub-16 femenina (2.000 mts), Carolina&#8230;<\/p>\n","protected":false},"author":1,"featured_media":0,"comment_status":"closed","ping_status":"closed","sticky":false,"template":"","format":"standard","meta":{"footnotes":""},"categories":[7],"tags":[],"class_list":["post-9583","post","type-post","status-publish","format-standard","hentry","category-noticias"],"aioseo_notices":[],"_links":{"self":[{"href":"http:\/\/clubourenseatletismo.es\/blog\/wp-json\/wp\/v2\/posts\/9583","targetHints":{"allow":["GET"]}}],"collection":[{"href":"http:\/\/clubourenseatletismo.es\/blog\/wp-json\/wp\/v2\/posts"}],"about":[{"href":"http:\/\/clubourenseatletismo.es\/blog\/wp-json\/wp\/v2\/types\/post"}],"author":[{"embeddable":true,"href":"http:\/\/clubourenseatletismo.es\/blog\/wp-json\/wp\/v2\/users\/1"}],"replies":[{"embeddable":true,"href":"http:\/\/clubourenseatletismo.es\/blog\/wp-json\/wp\/v2\/comments?post=9583"}],"version-history":[{"count":15,"href":"http:\/\/clubourenseatletismo.es\/blog\/wp-json\/wp\/v2\/posts\/9583\/revisions"}],"predecessor-version":[{"id":9606,"href":"http:\/\/clubourenseatletismo.es\/blog\/wp-json\/wp\/v2\/posts\/9583\/revisions\/9606"}],"wp:attachment":[{"href":"http:\/\/clubourenseatletismo.es\/blog\/wp-json\/wp\/v2\/media?parent=9583"}],"wp:term":[{"taxonomy":"category","embeddable":true,"href":"http:\/\/clubourenseatletismo.es\/blog\/wp-json\/wp\/v2\/categories?post=9583"},{"taxonomy":"post_tag","embeddable":true,"href":"http:\/\/clubourenseatletismo.es\/blog\/wp-json\/wp\/v2\/tags?post=9583"}],"curies":[{"name":"wp","href":"https:\/\/api.w.org\/{rel}","templated":true}]}}