{"id":9579,"date":"2018-11-12T13:19:53","date_gmt":"2018-11-12T12:19:53","guid":{"rendered":"https:\/\/clubourenseatletismo.es\/blog\/?p=9579"},"modified":"2018-11-12T13:19:53","modified_gmt":"2018-11-12T12:19:53","slug":"i-jornada-de-competicion-formativa-gallega-de-marcha","status":"publish","type":"post","link":"http:\/\/clubourenseatletismo.es\/blog\/2018\/11\/12\/i-jornada-de-competicion-formativa-gallega-de-marcha\/","title":{"rendered":"I Jornada de Competici\u00f3n Formativa Gallega de Marcha"},"content":{"rendered":"<div>\n<div id=\"attachment_9580\" style=\"width: 555px\" class=\"wp-caption aligncenter\"><img loading=\"lazy\" decoding=\"async\" aria-describedby=\"caption-attachment-9580\" class=\"wp-image-9580\" src=\"https:\/\/clubourenseatletismo.es\/blog\/wp-content\/uploads\/2018\/11\/pontevedra-1024x683.jpg\" alt=\"\" width=\"545\" height=\"364\" srcset=\"http:\/\/clubourenseatletismo.es\/blog\/wp-content\/uploads\/2018\/11\/pontevedra-1024x683.jpg 1024w, http:\/\/clubourenseatletismo.es\/blog\/wp-content\/uploads\/2018\/11\/pontevedra-300x200.jpg 300w, http:\/\/clubourenseatletismo.es\/blog\/wp-content\/uploads\/2018\/11\/pontevedra-768x512.jpg 768w, http:\/\/clubourenseatletismo.es\/blog\/wp-content\/uploads\/2018\/11\/pontevedra.jpg 1728w\" sizes=\"auto, (max-width: 545px) 100vw, 545px\" \/><p id=\"caption-attachment-9580\" class=\"wp-caption-text\">Foto Gema Figueroa<\/p><\/div>\n<\/div>\n<div>&nbsp;<\/div>\n<div>Este domingo d\u00eda 11 se celebr\u00f3 la <strong>I Jornada de Competici\u00f3n Formativa Gallega de Marcha, <\/strong>el lugar escogido ser\u00eda las&nbsp; pistas del CGTD de Pontevedra.&nbsp;<\/div>\n<div>El eje principal ser\u00eda hacer un peque\u00f1o test preparatorio cara al pr\u00f3ximo Campeonato Gallego&nbsp; de Marcha de Invierno; no obstante ser\u00eda la ocasi\u00f3n propicia para la formaci\u00f3n de los distintos estamentos que conllevan estas pruebas jueces,atletas y entrenadores.<\/div>\n<div>Las pruebas formativas comenzaron a las 10:45 horas (1.000 m. Sub10); continuando a las 11:00 horas (2.000 m. Sub12); 11:25 horas (2.000 m. Sub14); 11:50 horas (3.000 Sub16) para acabar a las 12:20 horas con el resto de categor\u00edas que deb\u00edan recorrer una distancia de 5.000 m.<\/div>\n<div>Los tiempos no fueron oficiales aunque s\u00ed valieron para tener referencia atletas y entrenadores. Se trataba de una excelente oportunidad para debutar sin miedo, para acercarse, hablar y aprender con los jueces y reunirse haciendo un entrenamiento conjunto con condiciones de competici\u00f3n.<\/div>\n<div>\n<div class=\"entry-content\">Agradecimento especial a todas las personas que hicieron posible el desarrollo de esta jornada y en especial a Carlos Morales.<\/div>\n<\/div>\n<div>El acto concluir\u00eda con una gran foto de grupo de todos los participantes.<\/div>\n<div>&nbsp;<\/div>\n<div style=\"text-align: center;\"><a class=\"fasc-button fasc-size-medium fasc-type-flat\" style=\"background-color: #33809e; color: #ffffff;\" href=\"https:\/\/www.facebook.com\/gema.figueroa.71\/media_set?set=a.10217566451341845&amp;type=3\">Album Jornada Fotos Gema Figueroa<\/a><\/div>\n<div>&nbsp;<\/div>\n<div>&nbsp;<\/div>\n<p style=\"text-align: center;\">&nbsp;<\/p>\n","protected":false},"excerpt":{"rendered":"<p>&nbsp; Este domingo d\u00eda 11 se celebr\u00f3 la I Jornada de Competici\u00f3n Formativa Gallega de Marcha, el lugar escogido ser\u00eda las&nbsp; pistas del CGTD de Pontevedra.&nbsp; El eje principal ser\u00eda hacer un peque\u00f1o test preparatorio cara al pr\u00f3ximo Campeonato Gallego&nbsp; de Marcha de Invierno; no&#8230;<\/p>\n","protected":false},"author":1,"featured_media":0,"comment_status":"closed","ping_status":"closed","sticky":false,"template":"","format":"standard","meta":{"footnotes":""},"categories":[7],"tags":[],"class_list":["post-9579","post","type-post","status-publish","format-standard","hentry","category-noticias"],"aioseo_notices":[],"_links":{"self":[{"href":"http:\/\/clubourenseatletismo.es\/blog\/wp-json\/wp\/v2\/posts\/9579","targetHints":{"allow":["GET"]}}],"collection":[{"href":"http:\/\/clubourenseatletismo.es\/blog\/wp-json\/wp\/v2\/posts"}],"about":[{"href":"http:\/\/clubourenseatletismo.es\/blog\/wp-json\/wp\/v2\/types\/post"}],"author":[{"embeddable":true,"href":"http:\/\/clubourenseatletismo.es\/blog\/wp-json\/wp\/v2\/users\/1"}],"replies":[{"embeddable":true,"href":"http:\/\/clubourenseatletismo.es\/blog\/wp-json\/wp\/v2\/comments?post=9579"}],"version-history":[{"count":5,"href":"http:\/\/clubourenseatletismo.es\/blog\/wp-json\/wp\/v2\/posts\/9579\/revisions"}],"predecessor-version":[{"id":9607,"href":"http:\/\/clubourenseatletismo.es\/blog\/wp-json\/wp\/v2\/posts\/9579\/revisions\/9607"}],"wp:attachment":[{"href":"http:\/\/clubourenseatletismo.es\/blog\/wp-json\/wp\/v2\/media?parent=9579"}],"wp:term":[{"taxonomy":"category","embeddable":true,"href":"http:\/\/clubourenseatletismo.es\/blog\/wp-json\/wp\/v2\/categories?post=9579"},{"taxonomy":"post_tag","embeddable":true,"href":"http:\/\/clubourenseatletismo.es\/blog\/wp-json\/wp\/v2\/tags?post=9579"}],"curies":[{"name":"wp","href":"https:\/\/api.w.org\/{rel}","templated":true}]}}