{"id":9521,"date":"2018-10-29T12:06:39","date_gmt":"2018-10-29T11:06:39","guid":{"rendered":"https:\/\/clubourenseatletismo.es\/blog\/?p=9521"},"modified":"2018-10-29T12:07:43","modified_gmt":"2018-10-29T11:07:43","slug":"9521","status":"publish","type":"post","link":"http:\/\/clubourenseatletismo.es\/blog\/2018\/10\/29\/9521\/","title":{"rendered":"Alex se impone en Santiago."},"content":{"rendered":"<div id=\"attachment_9522\" style=\"width: 559px\" class=\"wp-caption aligncenter\"><img loading=\"lazy\" decoding=\"async\" aria-describedby=\"caption-attachment-9522\" class=\"wp-image-9522\" src=\"https:\/\/clubourenseatletismo.es\/blog\/wp-content\/uploads\/2018\/10\/alex-1-1024x693.jpg\" alt=\"\" width=\"549\" height=\"371\" srcset=\"http:\/\/clubourenseatletismo.es\/blog\/wp-content\/uploads\/2018\/10\/alex-1-1024x693.jpg 1024w, http:\/\/clubourenseatletismo.es\/blog\/wp-content\/uploads\/2018\/10\/alex-1-300x203.jpg 300w, http:\/\/clubourenseatletismo.es\/blog\/wp-content\/uploads\/2018\/10\/alex-1-768x520.jpg 768w, http:\/\/clubourenseatletismo.es\/blog\/wp-content\/uploads\/2018\/10\/alex-1.jpg 1300w\" sizes=\"auto, (max-width: 549px) 100vw, 549px\" \/><p id=\"caption-attachment-9522\" class=\"wp-caption-text\">Foto: E.C.G.<\/p><\/div>\n<p>Alejandro Fern\u00e1ndez gan\u00f3 la 41\u00aa edici\u00f3n de la Carreira Pedestre Popular de Santiago, con un tiempo en la meta de <strong>37 minutos y 29 segundos.&nbsp; <\/strong>Alejandro Fern\u00e1ndez lograba ayer por primera vez imprimir su nombre en lo m\u00e1s alto del palmar\u00e9s de la Carrera de Santiago. En el recuerdo los cuatro segundos puestos alcanzados con anterioridad.&nbsp; Acompa\u00f1\u00e1ndolo en el podium estar\u00eda tambi\u00e9n Rub\u00e9n Diz, al ser tercer clasificado en esta prueba.<\/p>\n<p>Escolares:<\/p>\n<table class=\"table\" style=\"width: 633px; height: 10px;\">\n<tbody>\n<tr style=\"height: 10px;\">\n<td style=\"width: 43.4333px; height: 10px;\">113<\/td>\n<td style=\"width: 89.7333px; height: 10px;\"><a href=\"https:\/\/championchipnorte.com\/resultados\/41-carreira-pedestre-popular-de-santiago\/escolares-2001-hasta-2008\/dorsal-6083\"> KEVIN <\/a><\/td>\n<td style=\"width: 153.983px; height: 10px;\"><a href=\"https:\/\/championchipnorte.com\/resultados\/41-carreira-pedestre-popular-de-santiago\/escolares-2001-hasta-2008\/dorsal-6083\"> TORRES VIDAL <\/a><\/td>\n<td style=\"width: 68.4167px; height: 10px;\">M-97<\/td>\n<td style=\"width: 124.467px; height: 10px;\">CDTM-40<\/td>\n<td style=\"width: 112.967px; height: 10px;\">00:32:54<\/td>\n<\/tr>\n<\/tbody>\n<\/table>\n<p>Absoluta:<\/p>\n<table class=\"table\" style=\"width: 631px; height: 44px;\">\n<tbody>\n<tr style=\"height: 13px;\">\n<td style=\"width: 48.35px; height: 13px;\">1<\/td>\n<td style=\"width: 123.8px; height: 13px;\"><a href=\"https:\/\/championchipnorte.com\/resultados\/41-carreira-pedestre-popular-de-santiago\/adultos-2000-y-anos-anteriores\/dorsal-89\"> ALEJANDRO <\/a><\/td>\n<td style=\"width: 169.05px; height: 13px;\"><a href=\"https:\/\/championchipnorte.com\/resultados\/41-carreira-pedestre-popular-de-santiago\/adultos-2000-y-anos-anteriores\/dorsal-89\"> FERN\u00c1NDEZ RIVERA <\/a><\/td>\n<td style=\"width: 66.5px; height: 13px;\">M-1<\/td>\n<td style=\"width: 100.183px; height: 13px;\">SNBM-1<\/td>\n<td style=\"width: 83.1167px; height: 13px;\">00:37:29<\/td>\n<\/tr>\n<tr style=\"height: 10px;\">\n<td style=\"width: 48.35px; height: 10px;\">8<\/td>\n<td style=\"width: 123.8px; height: 10px;\"><a href=\"https:\/\/championchipnorte.com\/resultados\/41-carreira-pedestre-popular-de-santiago\/adultos-2000-y-anos-anteriores\/dorsal-8\"> RUBEN <\/a><\/td>\n<td style=\"width: 169.05px; height: 10px;\"><a href=\"https:\/\/championchipnorte.com\/resultados\/41-carreira-pedestre-popular-de-santiago\/adultos-2000-y-anos-anteriores\/dorsal-8\"> DIZ DIAZ <\/a><\/td>\n<td style=\"width: 66.5px; height: 10px;\">M-8<\/td>\n<td style=\"width: 100.183px; height: 10px;\">SNBM-3<\/td>\n<td style=\"width: 83.1167px; height: 10px;\">00:38:21<\/td>\n<\/tr>\n<tr style=\"height: 10px;\">\n<td style=\"width: 48.35px; height: 10px;\">559<\/td>\n<td style=\"width: 123.8px; height: 10px;\"><a href=\"https:\/\/championchipnorte.com\/resultados\/41-carreira-pedestre-popular-de-santiago\/adultos-2000-y-anos-anteriores\/dorsal-566\"> GERMAN <\/a><\/td>\n<td style=\"width: 169.05px; height: 10px;\"><a href=\"https:\/\/championchipnorte.com\/resultados\/41-carreira-pedestre-popular-de-santiago\/adultos-2000-y-anos-anteriores\/dorsal-566\"> QUIROGA ALVAREZ <\/a><\/td>\n<td style=\"width: 66.5px; height: 10px;\">M-540<\/td>\n<td style=\"width: 100.183px; height: 10px;\">MSAM-211<\/td>\n<td style=\"width: 83.1167px; height: 10px;\">00:51:34<\/td>\n<\/tr>\n<tr style=\"height: 11px;\">\n<td style=\"width: 48.35px; height: 11px;\">2095<\/td>\n<td style=\"width: 123.8px; height: 11px;\"><a href=\"https:\/\/championchipnorte.com\/resultados\/41-carreira-pedestre-popular-de-santiago\/adultos-2000-y-anos-anteriores\/dorsal-1695\"> MANUEL <\/a><\/td>\n<td style=\"width: 169.05px; height: 11px;\"><a href=\"https:\/\/championchipnorte.com\/resultados\/41-carreira-pedestre-popular-de-santiago\/adultos-2000-y-anos-anteriores\/dorsal-1695\"> LOPEZ PEREIRA <\/a><\/td>\n<td style=\"width: 66.5px; height: 11px;\">M-1911<\/td>\n<td style=\"width: 100.183px; height: 11px;\">MSCM-71<\/td>\n<td style=\"width: 83.1167px; height: 11px;\">01:06:10<\/td>\n<\/tr>\n<\/tbody>\n<\/table>\n<div id=\"attachment_9524\" style=\"width: 590px\" class=\"wp-caption aligncenter\"><img loading=\"lazy\" decoding=\"async\" aria-describedby=\"caption-attachment-9524\" class=\"wp-image-9524\" src=\"https:\/\/clubourenseatletismo.es\/blog\/wp-content\/uploads\/2018\/10\/20181028_125417.jpg\" alt=\"\" width=\"580\" height=\"282\" srcset=\"http:\/\/clubourenseatletismo.es\/blog\/wp-content\/uploads\/2018\/10\/20181028_125417.jpg 1008w, http:\/\/clubourenseatletismo.es\/blog\/wp-content\/uploads\/2018\/10\/20181028_125417-300x146.jpg 300w, http:\/\/clubourenseatletismo.es\/blog\/wp-content\/uploads\/2018\/10\/20181028_125417-768x373.jpg 768w\" sizes=\"auto, (max-width: 580px) 100vw, 580px\" \/><p id=\"caption-attachment-9524\" class=\"wp-caption-text\">Foto Germ\u00e1n Quiroga<\/p><\/div>\n<p style=\"text-align: center;\"><a class=\"fasc-button fasc-size-medium fasc-type-glossy fasc-rounded-medium ico-fa fasc-ico-before fa-trophy\" style=\"background-color: #e66903; color: #ffffff;\" target=\"_blank\" rel=\"noopener\" href=\"https:\/\/carreirasgalegas.blob.core.windows.net\/docs\/bb44aa22-ad2d-eeb2-f385-39e9d166b9ec-Resultados%2041%20CARREIRA%20PEDESTRE%20POPULAR%20DE%20SANTIAGO.pdf\">Resultados<\/a><\/p>\n","protected":false},"excerpt":{"rendered":"<p>Alejandro Fern\u00e1ndez gan\u00f3 la 41\u00aa edici\u00f3n de la Carreira Pedestre Popular de Santiago, con un tiempo en la meta de 37 minutos y 29 segundos.&nbsp; Alejandro Fern\u00e1ndez lograba ayer por primera vez imprimir su nombre en lo m\u00e1s alto del palmar\u00e9s de la Carrera de&#8230;<\/p>\n","protected":false},"author":1,"featured_media":0,"comment_status":"closed","ping_status":"closed","sticky":false,"template":"","format":"standard","meta":{"footnotes":""},"categories":[9],"tags":[],"class_list":["post-9521","post","type-post","status-publish","format-standard","hentry","category-resultados"],"aioseo_notices":[],"_links":{"self":[{"href":"http:\/\/clubourenseatletismo.es\/blog\/wp-json\/wp\/v2\/posts\/9521","targetHints":{"allow":["GET"]}}],"collection":[{"href":"http:\/\/clubourenseatletismo.es\/blog\/wp-json\/wp\/v2\/posts"}],"about":[{"href":"http:\/\/clubourenseatletismo.es\/blog\/wp-json\/wp\/v2\/types\/post"}],"author":[{"embeddable":true,"href":"http:\/\/clubourenseatletismo.es\/blog\/wp-json\/wp\/v2\/users\/1"}],"replies":[{"embeddable":true,"href":"http:\/\/clubourenseatletismo.es\/blog\/wp-json\/wp\/v2\/comments?post=9521"}],"version-history":[{"count":5,"href":"http:\/\/clubourenseatletismo.es\/blog\/wp-json\/wp\/v2\/posts\/9521\/revisions"}],"predecessor-version":[{"id":9529,"href":"http:\/\/clubourenseatletismo.es\/blog\/wp-json\/wp\/v2\/posts\/9521\/revisions\/9529"}],"wp:attachment":[{"href":"http:\/\/clubourenseatletismo.es\/blog\/wp-json\/wp\/v2\/media?parent=9521"}],"wp:term":[{"taxonomy":"category","embeddable":true,"href":"http:\/\/clubourenseatletismo.es\/blog\/wp-json\/wp\/v2\/categories?post=9521"},{"taxonomy":"post_tag","embeddable":true,"href":"http:\/\/clubourenseatletismo.es\/blog\/wp-json\/wp\/v2\/tags?post=9521"}],"curies":[{"name":"wp","href":"https:\/\/api.w.org\/{rel}","templated":true}]}}