{"id":9160,"date":"2018-07-01T21:18:08","date_gmt":"2018-07-01T19:18:08","guid":{"rendered":"https:\/\/clubourenseatletismo.es\/blog\/?p=9160"},"modified":"2018-07-06T11:28:38","modified_gmt":"2018-07-06T09:28:38","slug":"competiciones-del-fin-de-semana-2","status":"publish","type":"post","link":"http:\/\/clubourenseatletismo.es\/blog\/2018\/07\/01\/competiciones-del-fin-de-semana-2\/","title":{"rendered":"Competiciones del Fin de Semana."},"content":{"rendered":"<p><img loading=\"lazy\" decoding=\"async\" class=\"alignleft wp-image-9161\" src=\"https:\/\/clubourenseatletismo.es\/blog\/wp-content\/uploads\/2018\/07\/al_sub23G-666x1024.jpg\" alt=\"\" width=\"125\" height=\"192\" srcset=\"http:\/\/clubourenseatletismo.es\/blog\/wp-content\/uploads\/2018\/07\/al_sub23G-666x1024.jpg 666w, http:\/\/clubourenseatletismo.es\/blog\/wp-content\/uploads\/2018\/07\/al_sub23G-195x300.jpg 195w, http:\/\/clubourenseatletismo.es\/blog\/wp-content\/uploads\/2018\/07\/al_sub23G.jpg 700w\" sizes=\"auto, (max-width: 125px) 100vw, 125px\" \/>Soria ser\u00e1 la sede donde se va a celebrar el XXXIII Campeonato de Espa\u00f1a Sub 23 de Atletismo el 7 y 8 de julio en las pistas de atletismo de Los Pajaritos en cuatro jornadas, dos de s\u00e1bado (ma\u00f1ana y tarde) y dos el domingo, tambi\u00e9n en doble sesi\u00f3n.<\/p>\n<p>Tenemos que esperar a las pruebas de marcha para encontrar una presencia de atletas de nuestros club. Concretamente In\u00e9s Valent\u00edn acude a la cita de este campeonato con las mejores sensaciones.<\/p>\n<p>&nbsp;<\/p>\n<p style=\"text-align: center;\"><a class=\"fasc-button fasc-size-medium fasc-type-glossy fasc-rounded-medium fasc-ico-before dashicons-format-aside\" style=\"background-color: #218562; color: #ffffff;\" target=\"_blank\" rel=\"noopener\" href=\"http:\/\/www.rfea.es\/normas\/pdf\/reglamento2018\/09_al_sub23.pdf\">Horario<\/a>&nbsp; <a class=\"fasc-button fasc-size-medium fasc-type-glossy fasc-rounded-medium fasc-ico-before dashicons-groups\" style=\"background-color: #324994; color: #ffffff;\" target=\"_blank\" href=\"http:\/\/www.rfea.es\/web\/competiciones\/inscritos.asp?codigo=2018RF040\">Inscritos<\/a><\/p>\n<p>&nbsp;<\/p>\n<div><img loading=\"lazy\" decoding=\"async\" class=\"alignleft wp-image-9163\" src=\"https:\/\/clubourenseatletismo.es\/blog\/wp-content\/uploads\/2018\/07\/cartelvigo.jpg\" alt=\"\" width=\"166\" height=\"230\" srcset=\"http:\/\/clubourenseatletismo.es\/blog\/wp-content\/uploads\/2018\/07\/cartelvigo.jpg 722w, http:\/\/clubourenseatletismo.es\/blog\/wp-content\/uploads\/2018\/07\/cartelvigo-217x300.jpg 217w\" sizes=\"auto, (max-width: 166px) 100vw, 166px\" \/>La Agrupaci\u00f3n Viguesa de Atletismo con el patrocinio del Concello de Vigo, organiza el \u201cXXXIX Gran Premio Cidade de Vigo de Atletismo en Pista\u201d, a celebrar en las pistas del Estadio Municipal de Balaidos, el 8 de julio.&nbsp; Prueba supervisada bajo el control t\u00e9cnico del Comit\u00e9 Gallego de Jueces de la Federaci\u00f3n Gallega de Atletismo.<\/div>\n<div>\n<div>Las inscripciones se realizar\u00e1n a trav\u00e9s del sistema on-line en la web de la RFEA&nbsp; hasta las 20:00 horas del jueves anterior a la prueba. Son pruebas para las categor\u00edas cadete en adelante.<\/div>\n<\/div>\n<div>&nbsp;<\/div>\n<div style=\"text-align: center;\"><a class=\"fasc-button fasc-size-medium fasc-type-glossy fasc-rounded-medium fasc-ico-before dashicons-format-aside\" style=\"background-color: #218562; color: #ffffff;\" target=\"_blank\" rel=\"noopener\" href=\"https:\/\/atletismo.gal\/wp-content\/uploads\/2018\/06\/hv080718.pdf\">Horario<\/a>&nbsp; <a class=\"fasc-button fasc-size-medium fasc-type-glossy fasc-rounded-medium fasc-ico-before dashicons-groups\" style=\"background-color: #324994; color: #ffffff;\" target=\"_blank\" href=\"https:\/\/atletismo.gal\/wp-content\/uploads\/2018\/06\/insv080718.pdf\">Inscritos<\/a><\/div>\n<div>\n<div>&nbsp;<\/div>\n<\/div>\n","protected":false},"excerpt":{"rendered":"<p>Soria ser\u00e1 la sede donde se va a celebrar el XXXIII Campeonato de Espa\u00f1a Sub 23 de Atletismo el 7 y 8 de julio en las pistas de atletismo de Los Pajaritos en cuatro jornadas, dos de s\u00e1bado (ma\u00f1ana y tarde) y dos el domingo,&#8230;<\/p>\n","protected":false},"author":1,"featured_media":0,"comment_status":"closed","ping_status":"closed","sticky":false,"template":"","format":"standard","meta":{"footnotes":""},"categories":[7],"tags":[],"class_list":["post-9160","post","type-post","status-publish","format-standard","hentry","category-noticias"],"aioseo_notices":[],"_links":{"self":[{"href":"http:\/\/clubourenseatletismo.es\/blog\/wp-json\/wp\/v2\/posts\/9160","targetHints":{"allow":["GET"]}}],"collection":[{"href":"http:\/\/clubourenseatletismo.es\/blog\/wp-json\/wp\/v2\/posts"}],"about":[{"href":"http:\/\/clubourenseatletismo.es\/blog\/wp-json\/wp\/v2\/types\/post"}],"author":[{"embeddable":true,"href":"http:\/\/clubourenseatletismo.es\/blog\/wp-json\/wp\/v2\/users\/1"}],"replies":[{"embeddable":true,"href":"http:\/\/clubourenseatletismo.es\/blog\/wp-json\/wp\/v2\/comments?post=9160"}],"version-history":[{"count":8,"href":"http:\/\/clubourenseatletismo.es\/blog\/wp-json\/wp\/v2\/posts\/9160\/revisions"}],"predecessor-version":[{"id":9197,"href":"http:\/\/clubourenseatletismo.es\/blog\/wp-json\/wp\/v2\/posts\/9160\/revisions\/9197"}],"wp:attachment":[{"href":"http:\/\/clubourenseatletismo.es\/blog\/wp-json\/wp\/v2\/media?parent=9160"}],"wp:term":[{"taxonomy":"category","embeddable":true,"href":"http:\/\/clubourenseatletismo.es\/blog\/wp-json\/wp\/v2\/categories?post=9160"},{"taxonomy":"post_tag","embeddable":true,"href":"http:\/\/clubourenseatletismo.es\/blog\/wp-json\/wp\/v2\/tags?post=9160"}],"curies":[{"name":"wp","href":"https:\/\/api.w.org\/{rel}","templated":true}]}}