{"id":8980,"date":"2018-06-10T19:17:39","date_gmt":"2018-06-10T17:17:39","guid":{"rendered":"https:\/\/clubourenseatletismo.es\/blog\/?p=8980"},"modified":"2018-06-14T11:11:29","modified_gmt":"2018-06-14T09:11:29","slug":"proximas-citas-5","status":"publish","type":"post","link":"http:\/\/clubourenseatletismo.es\/blog\/2018\/06\/10\/proximas-citas-5\/","title":{"rendered":"Pr\u00f3ximas Citas."},"content":{"rendered":"<div><img loading=\"lazy\" decoding=\"async\" class=\"alignleft wp-image-8626\" src=\"https:\/\/clubourenseatletismo.es\/blog\/wp-content\/uploads\/2018\/05\/MARCA-GRAFICA-PRINCIPAL-AIRE-LIBRE-1024x1024.jpg\" alt=\"\" width=\"91\" height=\"91\" srcset=\"http:\/\/clubourenseatletismo.es\/blog\/wp-content\/uploads\/2018\/05\/MARCA-GRAFICA-PRINCIPAL-AIRE-LIBRE-1024x1024.jpg 1024w, http:\/\/clubourenseatletismo.es\/blog\/wp-content\/uploads\/2018\/05\/MARCA-GRAFICA-PRINCIPAL-AIRE-LIBRE-150x150.jpg 150w, http:\/\/clubourenseatletismo.es\/blog\/wp-content\/uploads\/2018\/05\/MARCA-GRAFICA-PRINCIPAL-AIRE-LIBRE-300x300.jpg 300w, http:\/\/clubourenseatletismo.es\/blog\/wp-content\/uploads\/2018\/05\/MARCA-GRAFICA-PRINCIPAL-AIRE-LIBRE-768x768.jpg 768w, http:\/\/clubourenseatletismo.es\/blog\/wp-content\/uploads\/2018\/05\/MARCA-GRAFICA-PRINCIPAL-AIRE-LIBRE.jpg 1772w\" sizes=\"auto, (max-width: 91px) 100vw, 91px\" \/>A Delegaci\u00f3n Lucense de atletismo co patrocinio da Deputaci\u00f3n de Lugo, organiza a 5\u00aa Xornada da Copa Deputaci\u00f3n de Lugo en pista ao aire libre, o&nbsp; xoves 4 de xu\u00f1o de 2018, en xornada de tarde, no Estadio Gregorio P\u00e9rez Rivera. Est\u00e1 prevista a participaci\u00f3n de atletas de categor\u00eda sub14 ata veter\u00e1ns. As inscripci\u00f3ns faranse a trav\u00e9s do sistema online da web da RFEA&nbsp; ata as 22:00 horas do luns anterior \u00e1 celebraci\u00f3n das probas. O horario das probas, ser\u00e1 de tarde.&nbsp;<\/div>\n<div>&nbsp;<\/div>\n<div style=\"text-align: center;\"><a class=\"fasc-button fasc-size-medium fasc-type-glossy fasc-rounded-medium fasc-ico-before dashicons-format-aside\" style=\"background-color: #218562; color: #ffffff;\" target=\"_blank\" rel=\"noopener\" href=\"https:\/\/atletismo.gal\/wp-content\/uploads\/2018\/03\/hl140618.pdf\">Horario<\/a>&nbsp; <a class=\"fasc-button fasc-size-medium fasc-type-glossy fasc-rounded-medium fasc-ico-before dashicons-groups\" style=\"background-color: #324994; color: #ffffff;\" target=\"_blank\" rel=\"noopener\" href=\"https:\/\/atletismo.gal\/wp-content\/uploads\/2018\/03\/insl140618.pdf\">Inscritos<\/a><\/div>\n<div>&nbsp;<\/div>\n<div>&nbsp;<\/div>\n<div>\n<p><img loading=\"lazy\" decoding=\"async\" class=\"alignleft wp-image-8626\" src=\"https:\/\/clubourenseatletismo.es\/blog\/wp-content\/uploads\/2018\/05\/MARCA-GRAFICA-PRINCIPAL-AIRE-LIBRE-1024x1024.jpg\" alt=\"\" width=\"86\" height=\"86\" srcset=\"http:\/\/clubourenseatletismo.es\/blog\/wp-content\/uploads\/2018\/05\/MARCA-GRAFICA-PRINCIPAL-AIRE-LIBRE-1024x1024.jpg 1024w, http:\/\/clubourenseatletismo.es\/blog\/wp-content\/uploads\/2018\/05\/MARCA-GRAFICA-PRINCIPAL-AIRE-LIBRE-150x150.jpg 150w, http:\/\/clubourenseatletismo.es\/blog\/wp-content\/uploads\/2018\/05\/MARCA-GRAFICA-PRINCIPAL-AIRE-LIBRE-300x300.jpg 300w, http:\/\/clubourenseatletismo.es\/blog\/wp-content\/uploads\/2018\/05\/MARCA-GRAFICA-PRINCIPAL-AIRE-LIBRE-768x768.jpg 768w, http:\/\/clubourenseatletismo.es\/blog\/wp-content\/uploads\/2018\/05\/MARCA-GRAFICA-PRINCIPAL-AIRE-LIBRE.jpg 1772w\" sizes=\"auto, (max-width: 86px) 100vw, 86px\" \/>O Club Atletismo Riazor Coru\u00f1a e o Concello de A Coru\u00f1a coa colaboraci\u00f3n da FGA organizar\u00e1n o pr\u00f3ximo 14 e 15 de Xu\u00f1o nas pistas universitarias Inef Galicia a XVII Trofeo Riazor Coru\u00f1a \u2013 IV Memorial Ana Dom\u00ednguez Almao e a IV Xornada do circuito Coru\u00f1a Corre 2018. O horario definitivo publicarase o m\u00e9rcores 13 unha vez pechadas as inscripcions.<\/p>\n<div>O horario definitivo publicarase o martes 12 unha vez pechadas as inscripcions. A inscripci\u00f3n dos relevos de menores est\u00e1 limitada as 8 mellores marcas inscritas por ser campeonato galego.<\/div>\n<div>As inscripciones pecharasen para as probas do d\u00eda 15 as 23:59 do martes 12 de xunio, online en la p\u00e1xina de laRFEA.<\/div>\n<div>As inscripciones pecharasen para as probas do d\u00eda 14 as 23:59 do luns 11 de xunio, online en la p\u00e1xina de la RFEA.<\/div>\n<\/div>\n<div>&nbsp;<\/div>\n<div style=\"text-align: center;\"><a class=\"fasc-button fasc-size-medium fasc-type-glossy fasc-rounded-medium fasc-ico-before dashicons-format-aside\" style=\"background-color: #218562; color: #ffffff;\" target=\"_blank\" rel=\"noopener\" href=\"https:\/\/atletismo.gal\/wp-content\/uploads\/2018\/06\/hc14150618.pdf\">Horario<\/a> <a class=\"fasc-button fasc-size-medium fasc-type-glossy fasc-rounded-medium fasc-ico-before dashicons-groups\" style=\"background-color: #324994; color: #ffffff;\" target=\"_blank\" rel=\"noopener\" href=\"https:\/\/atletismo.gal\/wp-content\/uploads\/2018\/06\/insc14150618.pdf\">Inscritos<\/a><\/div>\n<div>&nbsp;<\/div>\n<div>&nbsp;<\/div>\n<div><img loading=\"lazy\" decoding=\"async\" class=\"alignleft wp-image-8626\" src=\"https:\/\/clubourenseatletismo.es\/blog\/wp-content\/uploads\/2018\/05\/MARCA-GRAFICA-PRINCIPAL-AIRE-LIBRE-1024x1024.jpg\" alt=\"\" width=\"103\" height=\"103\" srcset=\"http:\/\/clubourenseatletismo.es\/blog\/wp-content\/uploads\/2018\/05\/MARCA-GRAFICA-PRINCIPAL-AIRE-LIBRE-1024x1024.jpg 1024w, http:\/\/clubourenseatletismo.es\/blog\/wp-content\/uploads\/2018\/05\/MARCA-GRAFICA-PRINCIPAL-AIRE-LIBRE-150x150.jpg 150w, http:\/\/clubourenseatletismo.es\/blog\/wp-content\/uploads\/2018\/05\/MARCA-GRAFICA-PRINCIPAL-AIRE-LIBRE-300x300.jpg 300w, http:\/\/clubourenseatletismo.es\/blog\/wp-content\/uploads\/2018\/05\/MARCA-GRAFICA-PRINCIPAL-AIRE-LIBRE-768x768.jpg 768w, http:\/\/clubourenseatletismo.es\/blog\/wp-content\/uploads\/2018\/05\/MARCA-GRAFICA-PRINCIPAL-AIRE-LIBRE.jpg 1772w\" sizes=\"auto, (max-width: 103px) 100vw, 103px\" \/>Organizase tam\u00e9n o III\u00ba Control de Marcas Federado para o d\u00eda 16 de Xu\u00f1o, no Estadio Municipal de Calabagueiros. Organiza:Club ADAS\u2010Proinor O Barco en xornada de tarde e para t\u00f3dalas categor\u00edas. As inscripci\u00f3ns faranse na Web da RFEA&nbsp; ata as 23:00 horas do m\u00e9rcores 13 de Xu\u00f1o.<\/div>\n<div>&nbsp;<\/div>\n<div style=\"text-align: center;\"><a class=\"fasc-button fasc-size-medium fasc-type-glossy fasc-rounded-medium fasc-ico-before dashicons-format-aside\" style=\"background-color: #218562; color: #ffffff;\" target=\"_blank\" rel=\"noopener\" href=\"https:\/\/atletismo.gal\/wp-content\/uploads\/2018\/06\/hob160618.pdf\">Horario<\/a>&nbsp; <a class=\"fasc-button fasc-size-medium fasc-type-glossy fasc-rounded-medium fasc-ico-before dashicons-groups\" style=\"background-color: #324994; color: #ffffff;\" target=\"_blank\" href=\"https:\/\/atletismo.gal\/wp-content\/uploads\/2018\/06\/insob160618.pdf\">Incritos<\/a><\/div>\n<div>&nbsp;<\/div>\n<div>&nbsp;<\/div>\n<div>&nbsp;<\/div>\n<div>&nbsp;<\/div>\n","protected":false},"excerpt":{"rendered":"<p>A Delegaci\u00f3n Lucense de atletismo co patrocinio da Deputaci\u00f3n de Lugo, organiza a 5\u00aa Xornada da Copa Deputaci\u00f3n de Lugo en pista ao aire libre, o&nbsp; xoves 4 de xu\u00f1o de 2018, en xornada de tarde, no Estadio Gregorio P\u00e9rez Rivera. Est\u00e1 prevista a participaci\u00f3n&#8230;<\/p>\n","protected":false},"author":1,"featured_media":0,"comment_status":"closed","ping_status":"closed","sticky":false,"template":"","format":"standard","meta":{"footnotes":""},"categories":[7],"tags":[],"class_list":["post-8980","post","type-post","status-publish","format-standard","hentry","category-noticias"],"aioseo_notices":[],"_links":{"self":[{"href":"http:\/\/clubourenseatletismo.es\/blog\/wp-json\/wp\/v2\/posts\/8980","targetHints":{"allow":["GET"]}}],"collection":[{"href":"http:\/\/clubourenseatletismo.es\/blog\/wp-json\/wp\/v2\/posts"}],"about":[{"href":"http:\/\/clubourenseatletismo.es\/blog\/wp-json\/wp\/v2\/types\/post"}],"author":[{"embeddable":true,"href":"http:\/\/clubourenseatletismo.es\/blog\/wp-json\/wp\/v2\/users\/1"}],"replies":[{"embeddable":true,"href":"http:\/\/clubourenseatletismo.es\/blog\/wp-json\/wp\/v2\/comments?post=8980"}],"version-history":[{"count":6,"href":"http:\/\/clubourenseatletismo.es\/blog\/wp-json\/wp\/v2\/posts\/8980\/revisions"}],"predecessor-version":[{"id":9047,"href":"http:\/\/clubourenseatletismo.es\/blog\/wp-json\/wp\/v2\/posts\/8980\/revisions\/9047"}],"wp:attachment":[{"href":"http:\/\/clubourenseatletismo.es\/blog\/wp-json\/wp\/v2\/media?parent=8980"}],"wp:term":[{"taxonomy":"category","embeddable":true,"href":"http:\/\/clubourenseatletismo.es\/blog\/wp-json\/wp\/v2\/categories?post=8980"},{"taxonomy":"post_tag","embeddable":true,"href":"http:\/\/clubourenseatletismo.es\/blog\/wp-json\/wp\/v2\/tags?post=8980"}],"curies":[{"name":"wp","href":"https:\/\/api.w.org\/{rel}","templated":true}]}}