{"id":8844,"date":"2018-05-27T14:25:21","date_gmt":"2018-05-27T12:25:21","guid":{"rendered":"https:\/\/clubourenseatletismo.es\/blog\/?p=8844"},"modified":"2018-05-31T20:28:10","modified_gmt":"2018-05-31T18:28:10","slug":"proximas-citas-atleticas-4","status":"publish","type":"post","link":"http:\/\/clubourenseatletismo.es\/blog\/2018\/05\/27\/proximas-citas-atleticas-4\/","title":{"rendered":"Pr\u00f3ximas Citas Atl\u00e9ticas."},"content":{"rendered":"<div><img loading=\"lazy\" decoding=\"async\" class=\"alignleft wp-image-8626\" src=\"https:\/\/clubourenseatletismo.es\/blog\/wp-content\/uploads\/2018\/05\/MARCA-GRAFICA-PRINCIPAL-AIRE-LIBRE-1024x1024.jpg\" alt=\"\" width=\"90\" height=\"90\" srcset=\"http:\/\/clubourenseatletismo.es\/blog\/wp-content\/uploads\/2018\/05\/MARCA-GRAFICA-PRINCIPAL-AIRE-LIBRE-1024x1024.jpg 1024w, http:\/\/clubourenseatletismo.es\/blog\/wp-content\/uploads\/2018\/05\/MARCA-GRAFICA-PRINCIPAL-AIRE-LIBRE-150x150.jpg 150w, http:\/\/clubourenseatletismo.es\/blog\/wp-content\/uploads\/2018\/05\/MARCA-GRAFICA-PRINCIPAL-AIRE-LIBRE-300x300.jpg 300w, http:\/\/clubourenseatletismo.es\/blog\/wp-content\/uploads\/2018\/05\/MARCA-GRAFICA-PRINCIPAL-AIRE-LIBRE-768x768.jpg 768w, http:\/\/clubourenseatletismo.es\/blog\/wp-content\/uploads\/2018\/05\/MARCA-GRAFICA-PRINCIPAL-AIRE-LIBRE.jpg 1772w\" sizes=\"auto, (max-width: 90px) 100vw, 90px\" \/>A primeira das citas ser\u00e1 a organizada pola delegaci\u00f3n Lucense de atletismo que co patrocinio da Deputaci\u00f3n de Lugo, organiza a 5\u00aa Xornada da Copa Deputaci\u00f3n de Lugo en pista ao aire libre, o Xoves 31 de maio, en xornada de tarde, no Estadio Gregorio P\u00e9rez Rivera. Ista proba vai dirixida a atletas da categor\u00eda sub14 ata veter\u00e1ns. As inscripci\u00f3ns faranse a trav\u00e9s do sistema online da web da RFEA ata as 22:00 horas do domingo anterior \u00e1 celebraci\u00f3n das probas.<\/div>\n<div>&nbsp;<\/div>\n<div style=\"text-align: center;\"><a class=\"fasc-button fasc-size-medium fasc-type-glossy fasc-rounded-medium fasc-ico-before dashicons-format-aside\" style=\"background-color: #218562; color: #ffffff;\" target=\"_blank\" rel=\"noopener\" href=\"https:\/\/atletismo.gal\/wp-content\/uploads\/2018\/03\/hl310518.pdf\">Horario<\/a>&nbsp; <a class=\"fasc-button fasc-size-medium fasc-type-glossy fasc-rounded-medium fasc-ico-before dashicons-groups\" style=\"background-color: #324994; color: #ffffff;\" target=\"_blank\" rel=\"noopener\" href=\"https:\/\/atletismo.gal\/wp-content\/uploads\/2018\/03\/insl310518.pdf\">Inscritos<\/a><\/div>\n<div>&nbsp;<\/div>\n<div>&nbsp;<\/div>\n<div>\n<div><img loading=\"lazy\" decoding=\"async\" class=\"alignleft wp-image-8845\" src=\"https:\/\/clubourenseatletismo.es\/blog\/wp-content\/uploads\/2018\/05\/CARTAZ-XII-TROFEO-ALFONSO-POSADA-724x1024.jpg\" alt=\"\" width=\"106\" height=\"150\" srcset=\"http:\/\/clubourenseatletismo.es\/blog\/wp-content\/uploads\/2018\/05\/CARTAZ-XII-TROFEO-ALFONSO-POSADA-724x1024.jpg 724w, http:\/\/clubourenseatletismo.es\/blog\/wp-content\/uploads\/2018\/05\/CARTAZ-XII-TROFEO-ALFONSO-POSADA-212x300.jpg 212w, http:\/\/clubourenseatletismo.es\/blog\/wp-content\/uploads\/2018\/05\/CARTAZ-XII-TROFEO-ALFONSO-POSADA-768x1086.jpg 768w\" sizes=\"auto, (max-width: 106px) 100vw, 106px\" \/>O Real Club Celta de Atletismo e o Club Atletismo Femenino Celta, co patrocinio da Conceller\u00eda de Deportes do Concello de Vigo, a Secretar\u00eda Xeral para o Deporte da Xunta de Galicia, a Deputaci\u00f3n Provincial de Pontevedra, Abanca, Econocom, Socios Colaboradores do Grupo Celta Atletismo e a colaboraci\u00f3n da Federaci\u00f3n Galega de Atletismo e o Comit\u00e9 Galego de Xu\u00edces, organizar\u00e1n conxuntamente o \u201cXII TROFEO ALFONSO POSADA\u201d. Este trofeo ter\u00e1 lugar o venres 1 de xu\u00f1o a partires das 19:30 horas nas Pistas Municipais de Atletismo de Balaidos (Vigo).<\/div>\n<\/div>\n<div>&nbsp;<\/div>\n<div>&nbsp;<\/div>\n<div>&nbsp;<\/div>\n<div style=\"text-align: center;\"><a class=\"fasc-button fasc-size-medium fasc-type-glossy fasc-rounded-medium fasc-ico-before dashicons-format-aside\" style=\"background-color: #218562; color: #ffffff;\" target=\"_blank\" rel=\"noopener\" href=\"https:\/\/atletismo.gal\/wp-content\/uploads\/2017\/11\/hv010618.pdf\">Horario<\/a>&nbsp; <a class=\"fasc-button fasc-size-medium fasc-type-glossy fasc-rounded-medium fasc-ico-before dashicons-groups\" style=\"background-color: #324994; color: #ffffff;\" target=\"_blank\" rel=\"noopener\" href=\"https:\/\/atletismo.gal\/wp-content\/uploads\/2017\/11\/insv010618.pdf\">Inscritos<\/a><\/div>\n<div>&nbsp;<\/div>\n<div>&nbsp;<\/div>\n<div>&nbsp;<\/div>\n<div>\n<div>\n<p><img loading=\"lazy\" decoding=\"async\" class=\"alignleft wp-image-8846\" src=\"https:\/\/clubourenseatletismo.es\/blog\/wp-content\/uploads\/2018\/05\/XXXII-Gran-Premio-Internacional-de-Marcha-Cantones-de-A-Coru\u00f1a-Trofeo-Sergio-V\u00e1zquez-768x1024.jpeg\" alt=\"\" width=\"106\" height=\"141\" srcset=\"http:\/\/clubourenseatletismo.es\/blog\/wp-content\/uploads\/2018\/05\/XXXII-Gran-Premio-Internacional-de-Marcha-Cantones-de-A-Coru\u00f1a-Trofeo-Sergio-V\u00e1zquez-768x1024.jpeg 768w, http:\/\/clubourenseatletismo.es\/blog\/wp-content\/uploads\/2018\/05\/XXXII-Gran-Premio-Internacional-de-Marcha-Cantones-de-A-Coru\u00f1a-Trofeo-Sergio-V\u00e1zquez-225x300.jpeg 225w, http:\/\/clubourenseatletismo.es\/blog\/wp-content\/uploads\/2018\/05\/XXXII-Gran-Premio-Internacional-de-Marcha-Cantones-de-A-Coru\u00f1a-Trofeo-Sergio-V\u00e1zquez.jpeg 1200w\" sizes=\"auto, (max-width: 106px) 100vw, 106px\" \/>El XXXII Gran Premio Cantones de La Coru\u00f1a de Marcha Atl\u00e9tica es una prueba integrada en el Calendario de la IAAF, siendo organizada por la Federaci\u00f3n Gallega de Atletismo,con el apoyo del Ayuntamiento de La Coru\u00f1a. La prueba se celebrar\u00e1 el s\u00e1bado 2 de Junio en el circuito urbano de Los Cantones de La Coru\u00f1a de 1 Km, (ida y vuelta) con salida y llegada en la Zona del Obelisco, en el Cant\u00f3n Grande.&nbsp;<\/p>\n<div>As inscricci\u00f3ns para o Trofeo Josefina Romero realizaranse a trav\u00e9s do sistema online na web da RFEA ata as 20:00 do martes 29 de maio.<\/div>\n<\/div>\n<\/div>\n<div>&nbsp;<\/div>\n<div style=\"text-align: center;\"><a class=\"fasc-button fasc-size-medium fasc-type-glossy fasc-rounded-medium fasc-ico-before dashicons-format-aside\" style=\"background-color: #218562; color: #ffffff;\" target=\"_blank\" rel=\"noopener\" href=\"https:\/\/atletismo.gal\/wp-content\/uploads\/2018\/05\/Circular-46-2018.pdf\">Horario Menores<\/a>&nbsp; <a class=\"fasc-button fasc-size-medium fasc-type-glossy fasc-rounded-medium fasc-ico-before dashicons-format-aside\" style=\"background-color: #218562; color: #ffffff;\" target=\"_blank\" rel=\"noopener\" href=\"https:\/\/atletismo.gal\/wp-content\/uploads\/2017\/10\/Reglamento-XXXII-Gran-Premio-Internacional-de-Marcha-Cantones-de-A-Coru%C3%B1a-ES.pdf\">Horario Mayores<\/a>&nbsp; <a class=\"fasc-button fasc-size-medium fasc-type-glossy fasc-rounded-medium fasc-ico-before dashicons-groups\" style=\"background-color: #324994; color: #ffffff;\" target=\"_blank\" rel=\"noopener\" href=\"https:\/\/atletismo.gal\/wp-content\/uploads\/2017\/10\/Participantes-Dorsais-XXXII-Gran-Premio-Internacional-de-Marcha-Cantones-de-A-Coru%C3%B1a-28052018.pdf\">Inscritos<\/a>&nbsp; <a class=\"fasc-button fasc-size-medium fasc-type-glossy fasc-rounded-medium fasc-ico-before dashicons-groups\" style=\"background-color: #324994; color: #ffffff;\" target=\"_blank\" href=\"http:\/\/ranking.atletismo.gal\/online\/2017-2018\/CORU%C3%91A\/MARCHA\/\">Inscritos Trofeo. Josefina<\/a><\/div>\n<div>&nbsp;<\/div>\n<div>&nbsp;<\/div>\n<div>\n<div>A F.G.A. organiza o Campionato de Galicia de Probas Combinadas que ter\u00e1 lugar nas Pistas do Centro Galego de Tecnificaci\u00f3n Deportiva enPontevedra o s\u00e1bado 2 de xu\u00f1o en horario de tarde e o 3 de xu\u00f1o en horario de ma\u00f1\u00e1. Poder\u00e1n intervir todos aqueles atletas das categor\u00edas Sub 16,Sub 18, Sub 20, Sub 23 e absoluto situados entre os 8 primeiros do ranking galego. As inscrici\u00f3ns realizaranse a trav\u00e9s do sistema online na web da RFEA ata as 20:00 horas do martes 29 de maio.<\/div>\n<\/div>\n<div>&nbsp;<\/div>\n<div style=\"text-align: center;\"><a class=\"fasc-button fasc-size-medium fasc-type-glossy fasc-rounded-medium fasc-ico-before dashicons-format-aside\" style=\"background-color: #218562; color: #ffffff;\" target=\"_blank\" rel=\"noopener\" href=\"https:\/\/atletismo.gal\/wp-content\/uploads\/2018\/05\/Circular-48-2018.pdf\">Horario<\/a>&nbsp; <a class=\"fasc-button fasc-size-medium fasc-type-glossy fasc-rounded-medium fasc-ico-before dashicons-groups\" style=\"background-color: #324994; color: #ffffff;\" target=\"_blank\" rel=\"noopener\" href=\"https:\/\/atletismo.gal\/wp-content\/uploads\/2018\/03\/insp020618.pdf\">Inscritos<\/a><\/div>\n<div>&nbsp;<\/div>\n<div>&nbsp;<\/div>\n<div>\n<div>\n<p><img loading=\"lazy\" decoding=\"async\" class=\"alignleft wp-image-8847\" src=\"https:\/\/clubourenseatletismo.es\/blog\/wp-content\/uploads\/2018\/05\/2ac2ebaf-8c31-39ec-48ea-39e563985a38-300.jpg\" alt=\"\" width=\"108\" height=\"153\">O Concello de Riveira e a Federaci\u00f3n Galega de Atletismo organizan o vindeiro 03 de xu\u00f1o de o II Medio Marat\u00f3n Riveira 21,que ser\u00e1 a s\u00faa vez o Campionato de Galicia absoluto e das categor\u00edas Sub 20, Sub 23 e M\u00e1ster. A proba disputarase sobre unha distancia homologada de 21.097,50 metros.<\/p>\n<div>\n<p>A sa\u00edda da carreira ter\u00e1 lugar \u00e1s 10.00 horas desde a localidade de Agui\u00f1o en Riveira.Os corredores ser\u00e1n trasladados en autobuses desde a zona do Malec\u00f3n de Riveira a&nbsp; partir das 08.30horas<\/p>\n<div>\n<p>O percorrido consistir\u00e1 nunha sa\u00edda desde a localidade de Agui\u00f1o, un traxecto lineal ata Riveira e 2 voltas a un circu\u00edto urbano desde o malec\u00f3n de Riveira ata a zona de Coroso. O circu\u00edto estar\u00e1 homologado pola Real Federaci\u00f3n Espa\u00f1ola de Atletismo.<\/p>\n<p>As inscrici\u00f3ns realizaranse a trav\u00e9s da pasarela da p\u00e1xina webwww.carreirasgalegas.com. Estar\u00e1 operativa ata o m\u00e9rcores 30 de maio \u00e1s 23.59 horas do d\u00eda.<\/p>\n<\/div>\n<\/div>\n<\/div>\n<\/div>\n<div>&nbsp;<\/div>\n<div>&nbsp;<\/div>\n<div style=\"text-align: center;\"><a class=\"fasc-button fasc-size-medium fasc-type-glossy fasc-rounded-medium fasc-ico-before dashicons-format-aside\" style=\"background-color: #218562; color: #ffffff;\" target=\"_blank\" rel=\"noopener\" href=\"https:\/\/carreirasgalegas.blob.core.windows.net\/docs\/64049b8e-2759-df23-948f-39e5fd36e271-3.%20Regulamento%20medio%20marat%C3%B3n%20riveira21%20(2).pdf\">Horario<\/a> <a class=\"fasc-button fasc-size-medium fasc-type-glossy fasc-rounded-medium fasc-ico-before dashicons-groups\" style=\"background-color: #324994; color: #ffffff;\" target=\"_blank\" rel=\"noopener\" href=\"https:\/\/www.carreirasgalegas.com\/carreira\/campionato-de-galicia-de-medio-marat-n\/2ac2ebaf-8c31-39ec-48ea-39e563985a38\">Inscritos<\/a><\/div>\n","protected":false},"excerpt":{"rendered":"<p>A primeira das citas ser\u00e1 a organizada pola delegaci\u00f3n Lucense de atletismo que co patrocinio da Deputaci\u00f3n de Lugo, organiza a 5\u00aa Xornada da Copa Deputaci\u00f3n de Lugo en pista ao aire libre, o Xoves 31 de maio, en xornada de tarde, no Estadio Gregorio&#8230;<\/p>\n","protected":false},"author":1,"featured_media":0,"comment_status":"closed","ping_status":"closed","sticky":false,"template":"","format":"standard","meta":{"footnotes":""},"categories":[7],"tags":[],"class_list":["post-8844","post","type-post","status-publish","format-standard","hentry","category-noticias"],"aioseo_notices":[],"_links":{"self":[{"href":"http:\/\/clubourenseatletismo.es\/blog\/wp-json\/wp\/v2\/posts\/8844","targetHints":{"allow":["GET"]}}],"collection":[{"href":"http:\/\/clubourenseatletismo.es\/blog\/wp-json\/wp\/v2\/posts"}],"about":[{"href":"http:\/\/clubourenseatletismo.es\/blog\/wp-json\/wp\/v2\/types\/post"}],"author":[{"embeddable":true,"href":"http:\/\/clubourenseatletismo.es\/blog\/wp-json\/wp\/v2\/users\/1"}],"replies":[{"embeddable":true,"href":"http:\/\/clubourenseatletismo.es\/blog\/wp-json\/wp\/v2\/comments?post=8844"}],"version-history":[{"count":9,"href":"http:\/\/clubourenseatletismo.es\/blog\/wp-json\/wp\/v2\/posts\/8844\/revisions"}],"predecessor-version":[{"id":8884,"href":"http:\/\/clubourenseatletismo.es\/blog\/wp-json\/wp\/v2\/posts\/8844\/revisions\/8884"}],"wp:attachment":[{"href":"http:\/\/clubourenseatletismo.es\/blog\/wp-json\/wp\/v2\/media?parent=8844"}],"wp:term":[{"taxonomy":"category","embeddable":true,"href":"http:\/\/clubourenseatletismo.es\/blog\/wp-json\/wp\/v2\/categories?post=8844"},{"taxonomy":"post_tag","embeddable":true,"href":"http:\/\/clubourenseatletismo.es\/blog\/wp-json\/wp\/v2\/tags?post=8844"}],"curies":[{"name":"wp","href":"https:\/\/api.w.org\/{rel}","templated":true}]}}