{"id":8614,"date":"2018-05-14T12:47:10","date_gmt":"2018-05-14T10:47:10","guid":{"rendered":"http:\/\/clubourenseatletismo.es\/blog\/?p=8614"},"modified":"2018-05-17T19:59:05","modified_gmt":"2018-05-17T17:59:05","slug":"competiciones-del-fin-de-semana","status":"publish","type":"post","link":"http:\/\/clubourenseatletismo.es\/blog\/2018\/05\/14\/competiciones-del-fin-de-semana\/","title":{"rendered":"Competiciones del Fin de Semana."},"content":{"rendered":"<div><img loading=\"lazy\" decoding=\"async\" class=\"alignleft wp-image-8626\" src=\"http:\/\/clubourenseatletismo.es\/blog\/wp-content\/uploads\/2018\/05\/MARCA-GRAFICA-PRINCIPAL-AIRE-LIBRE-1024x1024.jpg\" alt=\"\" width=\"91\" height=\"91\" srcset=\"http:\/\/clubourenseatletismo.es\/blog\/wp-content\/uploads\/2018\/05\/MARCA-GRAFICA-PRINCIPAL-AIRE-LIBRE-1024x1024.jpg 1024w, http:\/\/clubourenseatletismo.es\/blog\/wp-content\/uploads\/2018\/05\/MARCA-GRAFICA-PRINCIPAL-AIRE-LIBRE-150x150.jpg 150w, http:\/\/clubourenseatletismo.es\/blog\/wp-content\/uploads\/2018\/05\/MARCA-GRAFICA-PRINCIPAL-AIRE-LIBRE-300x300.jpg 300w, http:\/\/clubourenseatletismo.es\/blog\/wp-content\/uploads\/2018\/05\/MARCA-GRAFICA-PRINCIPAL-AIRE-LIBRE-768x768.jpg 768w, http:\/\/clubourenseatletismo.es\/blog\/wp-content\/uploads\/2018\/05\/MARCA-GRAFICA-PRINCIPAL-AIRE-LIBRE.jpg 1772w\" sizes=\"auto, (max-width: 91px) 100vw, 91px\" \/>A Federaci\u00f3n Galega de Atletismo a trav\u00e9s da s\u00faa Delegaci\u00f3n enLugo, organiza co patrocinio do Excelentisimo Concello a 40\u00aa edici\u00f3n do Memorial Gregorio P\u00e9rez Rivera, o s\u00e1bado 19 de maio, en xornada de ma\u00f1\u00e1 e tarde, no Estadio que leva o seua nome. As inscripci\u00f3ns faranse a trav\u00e9s do sistema online da web da RFEA&nbsp; ata as 22:00 horas do m\u00e9rcores anterior \u00e1 celebraci\u00f3n das probas. Os atletas que poderan participar ser\u00e1n dende a categor\u00eda sub 16 ata veter\u00e1n.<\/div>\n<p>&nbsp;<\/p>\n<p style=\"text-align: center;\"><a class=\"fasc-button fasc-size-medium fasc-type-glossy fasc-rounded-medium fasc-ico-before dashicons-groups\" style=\"background-color: #324994; color: #ffffff;\" target=\"_blank\" rel=\"noopener\">Inscritos<\/a>&nbsp; <a class=\"fasc-button fasc-size-medium fasc-type-glossy fasc-rounded-medium fasc-ico-before dashicons-format-aside\" style=\"background-color: #218562; color: #ffffff;\" target=\"_blank\" rel=\"noopener\" href=\"https:\/\/atletismo.gal\/wp-content\/uploads\/2018\/03\/hl190518-1.pdf\">Horario<\/a><\/p>\n<p>&nbsp;<\/p>\n<p><img loading=\"lazy\" decoding=\"async\" class=\"alignleft wp-image-8158\" src=\"http:\/\/clubourenseatletismo.es\/blog\/wp-content\/uploads\/2018\/03\/Screenshot-2018-3-11-atletismoenpista-pdf.png\" alt=\"\" width=\"110\" height=\"156\" srcset=\"http:\/\/clubourenseatletismo.es\/blog\/wp-content\/uploads\/2018\/03\/Screenshot-2018-3-11-atletismoenpista-pdf.png 476w, http:\/\/clubourenseatletismo.es\/blog\/wp-content\/uploads\/2018\/03\/Screenshot-2018-3-11-atletismoenpista-pdf-212x300.png 212w\" sizes=\"auto, (max-width: 110px) 100vw, 110px\" \/>Una de las pruebas reinas del pr\u00f3ximo fin de semana, ser\u00e1 sin duda el Campeonato Provincial Xogade de Atletismo al Aire Libre. La participaci\u00f3n en carreras es libre con el condicionante de haber participado en alguna prueba de las previas , y en los concursos la participaci\u00f3n se reduce a los doce primeros del ranking. El lugar escogido para la disputa de este campeonato ser\u00e1 la pista de atletismo del complejo deportivo de Monterrei. Esta competici\u00f3n tendr\u00e1 un doble horario, ser\u00e1 en jornada de ma\u00f1ana y tarde.<\/p>\n<p style=\"text-align: center;\"><a class=\"fasc-button fasc-size-medium fasc-type-glossy fasc-rounded-medium fasc-ico-before dashicons-format-aside\" style=\"background-color: #218562; color: #ffffff;\" target=\"_blank\" rel=\"noopener\" href=\"http:\/\/clubourenseatletismo.es\/archivo\/general\/2018-05-19%20Final%20Provincial%20Individual%20Escolar%20en%20Pista%20RECTIFICADO.pdf\">Horario<\/a>&nbsp; <a class=\"fasc-button fasc-size-medium fasc-type-glossy fasc-rounded-medium fasc-ico-before dashicons-groups\" style=\"background-color: #324994; color: #ffffff;\" target=\"_blank\" rel=\"noopener\" href=\"https:\/\/atletismo.gal\/wp-content\/uploads\/2017\/11\/ins190518.pdf\">Inscritos<\/a><\/p>\n<p>&nbsp;<\/p>\n<p>&nbsp;<\/p>\n<p><span style=\"color: #339966;\">La Conseller\u00eda pone a disposici\u00f3n de los atletas un servicio de autob\u00fas con salida a las 10:15 Pavillon os Remedios y destino al Complejo Deportivo de Monterrey, bajar\u00e1 a las 14:30 horas.&nbsp;<\/span><\/p>\n<p><span style=\"color: #339966;\">Volver\u00e1 a subir a las 15:45 Pavillon dos Remedios con id\u00e9ntico destino para bajar al termino de la competici\u00f3n sobre las 19:30 horas.<\/span><\/p>\n","protected":false},"excerpt":{"rendered":"<p>A Federaci\u00f3n Galega de Atletismo a trav\u00e9s da s\u00faa Delegaci\u00f3n enLugo, organiza co patrocinio do Excelentisimo Concello a 40\u00aa edici\u00f3n do Memorial Gregorio P\u00e9rez Rivera, o s\u00e1bado 19 de maio, en xornada de ma\u00f1\u00e1 e tarde, no Estadio que leva o seua nome. As inscripci\u00f3ns&#8230;<\/p>\n","protected":false},"author":1,"featured_media":0,"comment_status":"closed","ping_status":"closed","sticky":false,"template":"","format":"standard","meta":{"footnotes":""},"categories":[7],"tags":[],"class_list":["post-8614","post","type-post","status-publish","format-standard","hentry","category-noticias"],"aioseo_notices":[],"_links":{"self":[{"href":"http:\/\/clubourenseatletismo.es\/blog\/wp-json\/wp\/v2\/posts\/8614","targetHints":{"allow":["GET"]}}],"collection":[{"href":"http:\/\/clubourenseatletismo.es\/blog\/wp-json\/wp\/v2\/posts"}],"about":[{"href":"http:\/\/clubourenseatletismo.es\/blog\/wp-json\/wp\/v2\/types\/post"}],"author":[{"embeddable":true,"href":"http:\/\/clubourenseatletismo.es\/blog\/wp-json\/wp\/v2\/users\/1"}],"replies":[{"embeddable":true,"href":"http:\/\/clubourenseatletismo.es\/blog\/wp-json\/wp\/v2\/comments?post=8614"}],"version-history":[{"count":10,"href":"http:\/\/clubourenseatletismo.es\/blog\/wp-json\/wp\/v2\/posts\/8614\/revisions"}],"predecessor-version":[{"id":8714,"href":"http:\/\/clubourenseatletismo.es\/blog\/wp-json\/wp\/v2\/posts\/8614\/revisions\/8714"}],"wp:attachment":[{"href":"http:\/\/clubourenseatletismo.es\/blog\/wp-json\/wp\/v2\/media?parent=8614"}],"wp:term":[{"taxonomy":"category","embeddable":true,"href":"http:\/\/clubourenseatletismo.es\/blog\/wp-json\/wp\/v2\/categories?post=8614"},{"taxonomy":"post_tag","embeddable":true,"href":"http:\/\/clubourenseatletismo.es\/blog\/wp-json\/wp\/v2\/tags?post=8614"}],"curies":[{"name":"wp","href":"https:\/\/api.w.org\/{rel}","templated":true}]}}