{"id":7694,"date":"2018-01-16T22:23:02","date_gmt":"2018-01-16T21:23:02","guid":{"rendered":"http:\/\/clubourenseatletismo.es\/blog\/?p=7694"},"modified":"2018-01-16T22:23:02","modified_gmt":"2018-01-16T21:23:02","slug":"outros-resultados","status":"publish","type":"post","link":"http:\/\/clubourenseatletismo.es\/blog\/2018\/01\/16\/outros-resultados\/","title":{"rendered":"Outros Resultados"},"content":{"rendered":"<p><img loading=\"lazy\" decoding=\"async\" class=\"alignleft wp-image-7699\" src=\"http:\/\/clubourenseatletismo.es\/blog\/wp-content\/uploads\/2018\/01\/IMG-20180114-WA0001-1024x767.jpg\" alt=\"\" width=\"681\" height=\"510\" srcset=\"http:\/\/clubourenseatletismo.es\/blog\/wp-content\/uploads\/2018\/01\/IMG-20180114-WA0001-1024x767.jpg 1024w, http:\/\/clubourenseatletismo.es\/blog\/wp-content\/uploads\/2018\/01\/IMG-20180114-WA0001-300x225.jpg 300w, http:\/\/clubourenseatletismo.es\/blog\/wp-content\/uploads\/2018\/01\/IMG-20180114-WA0001-768x576.jpg 768w, http:\/\/clubourenseatletismo.es\/blog\/wp-content\/uploads\/2018\/01\/IMG-20180114-WA0001.jpg 1600w\" sizes=\"auto, (max-width: 681px) 100vw, 681px\" \/><\/p>\n<p>&nbsp;<\/p>\n<p>&nbsp;<\/p>\n<p>En este fin de semana, hubo otras citas atl\u00e9ticas en las que estuvimos presentes.&nbsp; Una de esas citas ser\u00eda el <strong> II Cros Ponte Romana de Lugo<\/strong> que se disputar\u00eda junto al Palacio de Feiras y Exposiciones de Lugo.&nbsp; En esta ocasion&nbsp; fueron varios los atletas de nuestro club que se desplazar\u00edan a esta importante cita.&nbsp; Las chicas fueron sin duda las protagonistas en cuanto a resultados obtenidos. Ant\u00eda Abad y M\u00aa Jose Tour\u00f3n se situaban en lo m\u00e1s alto del podium en sus respectivas categor\u00edas sub20F y veteranos.&nbsp; En cuanto a los chicos destacar el papel del atleta Oscar Seoane 2\u00ba en veteranos, el siguiente clasificado ser\u00eda Jos\u00e9 Antonio en la posici\u00f3n 22\u00ba. En la categor\u00eda absoluta la actuaci\u00f3n m\u00e1s importante vendr\u00eda de la mano de los hermanos Espi\u00f1a, donde Roberto ser\u00eda 8\u00ba y Fco Javier 13\u00ba. Por \u00faltimo y ya en categor\u00edas menores nuestro representante ser\u00eda Alexandre \u00c1lvarez 5\u00ba en la categor\u00eda sub16.<\/p>\n<p>Alexandre &nbsp;&nbsp;&nbsp;&nbsp;&nbsp;&nbsp;&nbsp;&nbsp;&nbsp;&nbsp;&nbsp; Alvarez Ferreira &nbsp;&nbsp;&nbsp;&nbsp;&nbsp;&nbsp;&nbsp;&nbsp;&nbsp;&nbsp;&nbsp;&nbsp;&nbsp;&nbsp;&nbsp; Sub 16 Masc (2003-2004)&nbsp;&nbsp; 00:15:19<\/p>\n<p>Ant\u00eda &nbsp;&nbsp;&nbsp;&nbsp;&nbsp;&nbsp;&nbsp;&nbsp;&nbsp;&nbsp;&nbsp;&nbsp;&nbsp;&nbsp;&nbsp;&nbsp;&nbsp;&nbsp;&nbsp;&nbsp; Rodriguez Abad &nbsp; &nbsp;&nbsp;&nbsp;&nbsp;&nbsp;&nbsp;&nbsp;&nbsp;&nbsp;&nbsp;&nbsp;&nbsp;&nbsp;&nbsp;&nbsp; Sub 20 Fem (1999-2000)&nbsp; 00:20:48<\/p>\n<p>Oscar Jos\u00e9 &nbsp;&nbsp;&nbsp;&nbsp;&nbsp;&nbsp;&nbsp;&nbsp;&nbsp;&nbsp; Seoane V\u00e1zquez &nbsp;&nbsp;&nbsp;&nbsp;&nbsp;&nbsp;&nbsp;&nbsp;&nbsp;&nbsp;&nbsp;&nbsp;&nbsp;&nbsp;&nbsp; Master Masc (+35) &nbsp;&nbsp;&nbsp;&nbsp;&nbsp;&nbsp; &nbsp;&nbsp; &nbsp;&nbsp; &nbsp; 00:23:30<\/p>\n<p>Jos\u00e9 Antonio &nbsp;&nbsp;&nbsp;&nbsp;&nbsp;&nbsp; Pereira Alvarez &nbsp;&nbsp; &nbsp;&nbsp;&nbsp;&nbsp;&nbsp;&nbsp;&nbsp;&nbsp;&nbsp;&nbsp;&nbsp;&nbsp;&nbsp;&nbsp;&nbsp; &nbsp;Master Masc (+35) &nbsp;&nbsp;&nbsp; &nbsp; &nbsp;&nbsp;&nbsp;&nbsp;&nbsp; 00:27:08<\/p>\n<p>Roberto &nbsp;&nbsp;&nbsp;&nbsp;&nbsp;&nbsp;&nbsp;&nbsp;&nbsp;&nbsp;&nbsp;&nbsp;&nbsp;&nbsp;&nbsp; Espi\u00f1a Fernandez &nbsp;&nbsp;&nbsp;&nbsp;&nbsp;&nbsp;&nbsp;&nbsp;&nbsp;&nbsp;&nbsp;&nbsp;&nbsp;&nbsp; Absoluta Masculina &nbsp;&nbsp;&nbsp;&nbsp;&nbsp;&nbsp;&nbsp;&nbsp; 00:37:43<\/p>\n<p>Fco Javier &nbsp;&nbsp;&nbsp;&nbsp;&nbsp;&nbsp;&nbsp;&nbsp;&nbsp;&nbsp;&nbsp;&nbsp; Espi\u00f1a Fernandez &nbsp;&nbsp;&nbsp;&nbsp;&nbsp;&nbsp;&nbsp;&nbsp;&nbsp;&nbsp;&nbsp;&nbsp;&nbsp;&nbsp; Absoluta Masculina &nbsp;&nbsp;&nbsp;&nbsp;&nbsp;&nbsp;&nbsp;&nbsp; 00:39:01<\/p>\n<p>&nbsp;Maria Jose &nbsp;&nbsp;&nbsp;&nbsp;&nbsp;&nbsp;&nbsp;&nbsp;&nbsp;&nbsp; Touron Novelle &nbsp;&nbsp; &nbsp;&nbsp;&nbsp;&nbsp;&nbsp;&nbsp;&nbsp;&nbsp;&nbsp;&nbsp;&nbsp;&nbsp;&nbsp;&nbsp;&nbsp; &nbsp;Master Fem (+35) &nbsp;&nbsp;&nbsp;&nbsp;&nbsp;&nbsp;&nbsp;&nbsp;&nbsp;&nbsp;&nbsp;&nbsp; 00:28:01<\/p>\n<p>&nbsp;<\/p>\n<p style=\"text-align: center;\"><a class=\"fasc-button fasc-size-medium fasc-type-glossy fasc-rounded-medium ico-fa fasc-ico-before fa-trophy\" style=\"background-color: #e66903; color: #ffffff;\" target=\"_blank\" rel=\"noopener\" href=\"http:\/\/www.crossponteromana.com\/web\/resultados\/\">Resultados<\/a><\/p>\n<p><img loading=\"lazy\" decoding=\"async\" class=\"wp-image-7701 aligncenter\" src=\"http:\/\/clubourenseatletismo.es\/blog\/wp-content\/uploads\/2018\/01\/IMG-20180114-WA0003-1024x576.jpg\" alt=\"\" width=\"625\" height=\"352\" srcset=\"http:\/\/clubourenseatletismo.es\/blog\/wp-content\/uploads\/2018\/01\/IMG-20180114-WA0003-1024x576.jpg 1024w, http:\/\/clubourenseatletismo.es\/blog\/wp-content\/uploads\/2018\/01\/IMG-20180114-WA0003-300x169.jpg 300w, http:\/\/clubourenseatletismo.es\/blog\/wp-content\/uploads\/2018\/01\/IMG-20180114-WA0003-768x432.jpg 768w, http:\/\/clubourenseatletismo.es\/blog\/wp-content\/uploads\/2018\/01\/IMG-20180114-WA0003.jpg 1600w\" sizes=\"auto, (max-width: 625px) 100vw, 625px\" \/><\/p>\n<p>Otra de las citas de este fin de semana tuvo lugar en la pista Cuberta de Ourense,&nbsp; lugar escogido para la disputa del <strong>XXXIII Campeonato de Galicia Absoluto de Pista Cuberta.&nbsp; <\/strong>En esta ocasi\u00f3n ser\u00edan discretos los resultados y la presencia de nuestros atletas, ya que 4 ser\u00edan los que nuestro club aportar\u00eda a dicha competici\u00f3n. Sergio Gonz\u00e1lez&nbsp; 9\u00ba en sub20 en la prueba de los 400 mts. Rub\u00e9n Diz ser\u00eda 4\u00ba en la prueba de los 3.000 mts y Ant\u00eda Rodr\u00edguez ser\u00eda 5\u00aa en los 800 mts con id\u00e9ntica posici\u00f3n que Elena Freir\u00eda en la prueba del Triple Salto, ambas en la categor\u00eda sub20F. Sin duda fue una jornada donde el objetivo principal era la obtenci\u00f3n de las tan necesarias marcas para poder competir en futuras competiciones.<\/p>\n<p>&nbsp;<\/p>\n<p style=\"text-align: center;\"><a class=\"fasc-button fasc-size-medium fasc-type-glossy fasc-rounded-medium ico-fa fasc-ico-before fa-trophy\" style=\"background-color: #e66903; color: #ffffff;\" target=\"_blank\" rel=\"noopener\" href=\"https:\/\/atletismo.gal\/wp-content\/uploads\/2018\/01\/Medalleiro-absoluto-2018.pdf\">Medallero<\/a>&nbsp;<a class=\"fasc-button fasc-size-medium fasc-type-glossy fasc-rounded-medium ico-fa fasc-ico-before fa-trophy\" style=\"background-color: #e66903; color: #ffffff;\" target=\"_blank\" rel=\"noopener\" href=\"https:\/\/atletismo.gal\/competicions\/xxxiii-campionato-de-galicia-absoluto-de-pista-cuberta\/\">Resultados<\/a><\/p>\n<p>&nbsp;<\/p>\n","protected":false},"excerpt":{"rendered":"<p>&nbsp; &nbsp; En este fin de semana, hubo otras citas atl\u00e9ticas en las que estuvimos presentes.&nbsp; Una de esas citas ser\u00eda el II Cros Ponte Romana de Lugo que se disputar\u00eda junto al Palacio de Feiras y Exposiciones de Lugo.&nbsp; En esta ocasion&nbsp; fueron varios&#8230;<\/p>\n","protected":false},"author":1,"featured_media":0,"comment_status":"closed","ping_status":"closed","sticky":false,"template":"","format":"standard","meta":{"footnotes":""},"categories":[9],"tags":[],"class_list":["post-7694","post","type-post","status-publish","format-standard","hentry","category-resultados"],"aioseo_notices":[],"_links":{"self":[{"href":"http:\/\/clubourenseatletismo.es\/blog\/wp-json\/wp\/v2\/posts\/7694","targetHints":{"allow":["GET"]}}],"collection":[{"href":"http:\/\/clubourenseatletismo.es\/blog\/wp-json\/wp\/v2\/posts"}],"about":[{"href":"http:\/\/clubourenseatletismo.es\/blog\/wp-json\/wp\/v2\/types\/post"}],"author":[{"embeddable":true,"href":"http:\/\/clubourenseatletismo.es\/blog\/wp-json\/wp\/v2\/users\/1"}],"replies":[{"embeddable":true,"href":"http:\/\/clubourenseatletismo.es\/blog\/wp-json\/wp\/v2\/comments?post=7694"}],"version-history":[{"count":13,"href":"http:\/\/clubourenseatletismo.es\/blog\/wp-json\/wp\/v2\/posts\/7694\/revisions"}],"predecessor-version":[{"id":7710,"href":"http:\/\/clubourenseatletismo.es\/blog\/wp-json\/wp\/v2\/posts\/7694\/revisions\/7710"}],"wp:attachment":[{"href":"http:\/\/clubourenseatletismo.es\/blog\/wp-json\/wp\/v2\/media?parent=7694"}],"wp:term":[{"taxonomy":"category","embeddable":true,"href":"http:\/\/clubourenseatletismo.es\/blog\/wp-json\/wp\/v2\/categories?post=7694"},{"taxonomy":"post_tag","embeddable":true,"href":"http:\/\/clubourenseatletismo.es\/blog\/wp-json\/wp\/v2\/tags?post=7694"}],"curies":[{"name":"wp","href":"https:\/\/api.w.org\/{rel}","templated":true}]}}