{"id":5368,"date":"2016-11-17T20:37:21","date_gmt":"2016-11-17T19:37:21","guid":{"rendered":"http:\/\/clubourenseatletismo.es\/blog\/?p=5368"},"modified":"2016-11-19T17:20:18","modified_gmt":"2016-11-19T16:20:18","slug":"competiciones-fin-de-semana","status":"publish","type":"post","link":"http:\/\/clubourenseatletismo.es\/blog\/2016\/11\/17\/competiciones-fin-de-semana\/","title":{"rendered":"COMPETICION FIN DE SEMANA LIGA ESCOLAR"},"content":{"rendered":"<p style=\"text-align: justify;\">Este pr\u00f3ximo s\u00e1bado se disputar\u00e1 la V Liga Galega Escolar Federada ABANCA en O Barco de Valdeorras. Los atletas de las categor\u00edas menores ser\u00e1n los m\u00e1ximos protagonistas de la competici\u00f3n.<\/p>\n<p>Se necesita llevar el D.N.I. as\u00ed como el vestuario de competici\u00f3n.<\/p>\n<p><span style=\"text-align: justify;\"><span style=\"text-decoration: underline;\"><strong><span style=\"background-color: #ffcc00;\">IMPORTANTE:<\/span>\u00a0<\/strong><\/span> Se dispondr\u00e1 de un autob\u00fas para desplazar a los atletas que lo deseen. Saldr\u00e1 desde el Pabell\u00f3n de Os Remedios por la ma\u00f1ana a las 08:15 horas, con regreso aprox.\u00a0 a las 14:30 horas.<\/span><\/p>\n<p>Debido a la hora de regreso, se recomienda llevar avituallamiento as\u00ed como tambi\u00e9n indumentaria para cambiarse, ya que las previsiones son de lluvia.<\/p>\n<p style=\"text-align: center;\"><a class=\"fasc-button fasc-size-medium fasc-type-flat\" style=\"background-color: #33809e; color: #ffffff;\" href=\"http:\/\/www.atletismogalego.com\/resultados201617\/barco\/rob191116b.pdf\" data-fasc-style=\"background-color:#33809e;color:#ffffff;\">Resultados Benjamin<\/a>\u00a0\u00a0 \u00a0 \u00a0 \u00a0 \u00a0 \u00a0 \u00a0 \u00a0\u00a0\u00a0<a class=\"fasc-button fasc-size-medium fasc-type-flat\" style=\"background-color: #33809e; color: #ffffff;\" href=\"http:\/\/www.atletismogalego.com\/resultados201617\/barco\/rob191116a.pdf\" data-fasc-style=\"background-color:#33809e;color:#ffffff;\">Resultados Alev\u00edn<\/a> \u00a0 \u00a0 \u00a0 \u00a0\u00a0\u00a0 \u00a0 \u00a0 \u00a0\u00a0 \u00a0 <a class=\"fasc-button fasc-size-medium fasc-type-flat\" style=\"background-color: #33809e; color: #ffffff;\" href=\"http:\/\/www.atletismogalego.com\/resultados201617\/barco\/rob191116i.pdf\" data-fasc-style=\"background-color:#33809e;color:#ffffff;\">Resultados Infantil<\/a><\/p>\n<p style=\"text-align: left;\">\n","protected":false},"excerpt":{"rendered":"<p>Este pr\u00f3ximo s\u00e1bado se disputar\u00e1 la V Liga Galega Escolar Federada ABANCA en O Barco de Valdeorras. Los atletas de las categor\u00edas menores ser\u00e1n los m\u00e1ximos protagonistas de la competici\u00f3n. Se necesita llevar el D.N.I. as\u00ed como el vestuario de competici\u00f3n. IMPORTANTE:\u00a0 Se dispondr\u00e1 de&#8230;<\/p>\n","protected":false},"author":1,"featured_media":0,"comment_status":"closed","ping_status":"closed","sticky":false,"template":"","format":"standard","meta":{"footnotes":""},"categories":[9],"tags":[],"class_list":["post-5368","post","type-post","status-publish","format-standard","hentry","category-resultados"],"aioseo_notices":[],"_links":{"self":[{"href":"http:\/\/clubourenseatletismo.es\/blog\/wp-json\/wp\/v2\/posts\/5368","targetHints":{"allow":["GET"]}}],"collection":[{"href":"http:\/\/clubourenseatletismo.es\/blog\/wp-json\/wp\/v2\/posts"}],"about":[{"href":"http:\/\/clubourenseatletismo.es\/blog\/wp-json\/wp\/v2\/types\/post"}],"author":[{"embeddable":true,"href":"http:\/\/clubourenseatletismo.es\/blog\/wp-json\/wp\/v2\/users\/1"}],"replies":[{"embeddable":true,"href":"http:\/\/clubourenseatletismo.es\/blog\/wp-json\/wp\/v2\/comments?post=5368"}],"version-history":[{"count":12,"href":"http:\/\/clubourenseatletismo.es\/blog\/wp-json\/wp\/v2\/posts\/5368\/revisions"}],"predecessor-version":[{"id":5381,"href":"http:\/\/clubourenseatletismo.es\/blog\/wp-json\/wp\/v2\/posts\/5368\/revisions\/5381"}],"wp:attachment":[{"href":"http:\/\/clubourenseatletismo.es\/blog\/wp-json\/wp\/v2\/media?parent=5368"}],"wp:term":[{"taxonomy":"category","embeddable":true,"href":"http:\/\/clubourenseatletismo.es\/blog\/wp-json\/wp\/v2\/categories?post=5368"},{"taxonomy":"post_tag","embeddable":true,"href":"http:\/\/clubourenseatletismo.es\/blog\/wp-json\/wp\/v2\/tags?post=5368"}],"curies":[{"name":"wp","href":"https:\/\/api.w.org\/{rel}","templated":true}]}}