{"id":2764,"date":"2014-06-04T18:00:33","date_gmt":"2014-06-04T16:00:33","guid":{"rendered":"http:\/\/clubourenseatletismo.es\/blog\/?p=2764"},"modified":"2014-06-05T16:07:58","modified_gmt":"2014-06-05T14:07:58","slug":"resultados-cpto-de-espana-csd-cadete","status":"publish","type":"post","link":"http:\/\/clubourenseatletismo.es\/blog\/2014\/06\/04\/resultados-cpto-de-espana-csd-cadete\/","title":{"rendered":"Resultados Cpto. de Espa\u00f1a CSD Cadete"},"content":{"rendered":"<p style=\"text-align: justify;\">La Selecci\u00f3n Gallega logr\u00f3 el octavo puesto en Valladolid, tanto en hombres como en mujeres, este fin de semana. La actuaci\u00f3n gallega se sald\u00f3 con cuatro medallas: un oro a cargo del equipo femenino de 4&#215;100 metros, con R\u00e9cord Gallego inclu\u00eddo (Judith Garc\u00eda, Alba Villaverde, Claudia Torres y Miriam Otero), otro oro por parte de Ant\u00eda Chamosa en la prueba de 3km marcha, una plata en jabalina por parte de Luc\u00eda Sandar, y el bronce de Miriam Otero en los 300 metros.<\/p>\n<p style=\"text-align: justify;\">Por nuestra parte, la mejor actuaci\u00f3n la realiz\u00f3 la debutante <span style=\"color: #0000ff;\"><strong>Laura Gonz\u00e1lez<\/strong><\/span>, quien logr\u00f3 el pase a la final A de los 300 vallas con un quinto puesto y una marca cercana a su mejor registro (49.26), y logrando una gran 7\u00aa posici\u00f3n final mejorando su marca hasta 48.86 segundos, luchando contra un fort\u00edsimo viento en contra en la recta de meta, que lleg\u00f3 a soplar hasta casi seis metros por segundo en algunos momentos. <span style=\"color: #0000ff;\"><strong>Elena Freir\u00eda<\/strong><\/span> no tuvo su mejor d\u00eda en la longitud, en parte por culpa del viento, que no le permiti\u00f3 ajustar bien, y su mejor salto fue de 4,91 metros, acabando en el 11\u00ba puesto, sin poder entrar en la mejora. <span style=\"color: #0000ff;\"><strong>Arantxa P\u00e9rez<\/strong><\/span> pag\u00f3 su inexperiencia y sus nervios en una carrera de 1000 metros lenta para ella, donde logr\u00f3 el 15\u00ba puesto, con 3:24.70, una marca muy lejana a su mejor tiempo del a\u00f1o. Finalmente, <span style=\"color: #0000ff;\"><strong>Abraham Rodr\u00edguez<\/strong><\/span> pas\u00f3 brillantemente a la final A de los 600 metros, logrando el 4\u00ba puesto en su semifinal y una marca cercana a su tiempo personal, 1:27.88, pero en la salida de la final (sal\u00eda por la cuerda) uno de sus contrincantes le empuj\u00f3 y lo sac\u00f3 de la pista: crey\u00e9ndose autom\u00e1ticamente descalificado por ello, se detuvo y no sigui\u00f3 corriendo, por lo que no pudo optar a una medalla que ten\u00eda muy al alcance de la mano. Laura y Arantxa participaron en el relevo 4&#215;300 logrando la 9\u00aa plaza (3:03.30), y Abraham hizo lo mismo con el relevo masculino, que ocup\u00f3 el 13\u00ba puesto (2:38.73).<\/p>\n<div id=\"attachment_2767\" style=\"width: 591px\" class=\"wp-caption aligncenter\"><a href=\"http:\/\/clubourenseatletismo.es\/archivo\/imagenes\/SelCad2014.JPG\"><img loading=\"lazy\" decoding=\"async\" aria-describedby=\"caption-attachment-2767\" class=\"wp-image-2767\" src=\"http:\/\/clubourenseatletismo.es\/blog\/wp-content\/uploads\/2014\/06\/SelCad2014_pq.jpg\" alt=\"\" width=\"581\" height=\"234\" srcset=\"http:\/\/clubourenseatletismo.es\/blog\/wp-content\/uploads\/2014\/06\/SelCad2014_pq.jpg 600w, http:\/\/clubourenseatletismo.es\/blog\/wp-content\/uploads\/2014\/06\/SelCad2014_pq-300x121.jpg 300w\" sizes=\"auto, (max-width: 581px) 100vw, 581px\" \/><\/a><p id=\"caption-attachment-2767\" class=\"wp-caption-text\"><span style=\"color: #0000ff;\">La selecci\u00f3n cadete al completo, al finalizar la competici\u00f3n<br \/><\/span><\/p><\/div>\n<p style=\"text-align: justify;\">[<a href=\"http:\/\/www.rfea.es\/competi\/result2014\/airelibre\/al_csd_valladolid.pdf\" target=\"_blank\"><span style=\"color: #800000;\">Resultados<\/span><\/a>]<\/p>\n<p style=\"text-align: justify;\">[<strong><a href=\"https:\/\/plus.google.com\/photos\/105867142004461372316\/albums\/6021089384796419633\" target=\"_blank\"><span style=\"color: #800000;\">FOTOS S\u00e1bado<\/span><\/a><\/strong>]\u00a0 [<strong><a href=\"https:\/\/plus.google.com\/photos\/105867142004461372316\/albums\/6021099334939134001\" target=\"_blank\"><span style=\"color: #800000;\">FOTOS Domingo<\/span><\/a><\/strong>]\u00a0 [<a href=\"https:\/\/plus.google.com\/photos\/105867142004461372316\/albums\/6021438967952486369\" target=\"_blank\"><span style=\"color: #800000;\"><strong>OTRAS<\/strong><\/span><\/a>]<\/p>\n","protected":false},"excerpt":{"rendered":"<p>La Selecci\u00f3n Gallega logr\u00f3 el octavo puesto en Valladolid, tanto en hombres como en mujeres, este fin de semana. La actuaci\u00f3n gallega se sald\u00f3 con cuatro medallas: un oro a cargo del equipo femenino de 4&#215;100 metros, con R\u00e9cord Gallego inclu\u00eddo (Judith Garc\u00eda, Alba Villaverde,&#8230;<\/p>\n","protected":false},"author":1,"featured_media":0,"comment_status":"closed","ping_status":"closed","sticky":false,"template":"","format":"standard","meta":{"footnotes":""},"categories":[5,12,11,9],"tags":[],"class_list":["post-2764","post","type-post","status-publish","format-standard","hentry","category-club","category-cpto-gallego","category-cpto-nacional","category-resultados"],"aioseo_notices":[],"_links":{"self":[{"href":"http:\/\/clubourenseatletismo.es\/blog\/wp-json\/wp\/v2\/posts\/2764","targetHints":{"allow":["GET"]}}],"collection":[{"href":"http:\/\/clubourenseatletismo.es\/blog\/wp-json\/wp\/v2\/posts"}],"about":[{"href":"http:\/\/clubourenseatletismo.es\/blog\/wp-json\/wp\/v2\/types\/post"}],"author":[{"embeddable":true,"href":"http:\/\/clubourenseatletismo.es\/blog\/wp-json\/wp\/v2\/users\/1"}],"replies":[{"embeddable":true,"href":"http:\/\/clubourenseatletismo.es\/blog\/wp-json\/wp\/v2\/comments?post=2764"}],"version-history":[{"count":0,"href":"http:\/\/clubourenseatletismo.es\/blog\/wp-json\/wp\/v2\/posts\/2764\/revisions"}],"wp:attachment":[{"href":"http:\/\/clubourenseatletismo.es\/blog\/wp-json\/wp\/v2\/media?parent=2764"}],"wp:term":[{"taxonomy":"category","embeddable":true,"href":"http:\/\/clubourenseatletismo.es\/blog\/wp-json\/wp\/v2\/categories?post=2764"},{"taxonomy":"post_tag","embeddable":true,"href":"http:\/\/clubourenseatletismo.es\/blog\/wp-json\/wp\/v2\/tags?post=2764"}],"curies":[{"name":"wp","href":"https:\/\/api.w.org\/{rel}","templated":true}]}}