{"id":18266,"date":"2026-04-30T17:57:49","date_gmt":"2026-04-30T15:57:49","guid":{"rendered":"https:\/\/clubourenseatletismo.es\/blog\/?p=18266"},"modified":"2026-04-30T17:57:49","modified_gmt":"2026-04-30T15:57:49","slug":"luto-en-la-escuela-de-atletismo","status":"publish","type":"post","link":"http:\/\/clubourenseatletismo.es\/blog\/2026\/04\/30\/luto-en-la-escuela-de-atletismo\/","title":{"rendered":"LUTO EN LA ESCUELA DE ATLETISMO"},"content":{"rendered":"<p>Hoy es un d\u00eda muy duro para toda la familia de la Escuela de Atletismo. Nos cuesta encontrar palabras para expresar el dolor que sentimos.<\/p>\n<p>Queremos acompa\u00f1ar de coraz\u00f3n a su familia, compa\u00f1eros\/as y seres queridos en este momento tan dif\u00edcil. Siempre recordaremos su ilusi\u00f3n, su esfuerzo y su sonrisa en cada entrenamiento y competici\u00f3n. Formar\u00e1 parte para siempre de esta familia.<\/p>\n<p>Descansa en paz.<\/p>\n","protected":false},"excerpt":{"rendered":"<p>Hoy es un d\u00eda muy duro para toda la familia de la Escuela de Atletismo. Nos cuesta encontrar palabras para expresar el dolor que sentimos. Queremos acompa\u00f1ar de coraz\u00f3n a su familia, compa\u00f1eros\/as y seres queridos en este momento tan dif\u00edcil. Siempre recordaremos su ilusi\u00f3n,&#8230;<\/p>\n","protected":false},"author":1,"featured_media":17032,"comment_status":"closed","ping_status":"closed","sticky":false,"template":"","format":"standard","meta":{"footnotes":""},"categories":[1],"tags":[],"class_list":["post-18266","post","type-post","status-publish","format-standard","has-post-thumbnail","hentry","category-sin-categoria"],"aioseo_notices":[],"_links":{"self":[{"href":"http:\/\/clubourenseatletismo.es\/blog\/wp-json\/wp\/v2\/posts\/18266","targetHints":{"allow":["GET"]}}],"collection":[{"href":"http:\/\/clubourenseatletismo.es\/blog\/wp-json\/wp\/v2\/posts"}],"about":[{"href":"http:\/\/clubourenseatletismo.es\/blog\/wp-json\/wp\/v2\/types\/post"}],"author":[{"embeddable":true,"href":"http:\/\/clubourenseatletismo.es\/blog\/wp-json\/wp\/v2\/users\/1"}],"replies":[{"embeddable":true,"href":"http:\/\/clubourenseatletismo.es\/blog\/wp-json\/wp\/v2\/comments?post=18266"}],"version-history":[{"count":1,"href":"http:\/\/clubourenseatletismo.es\/blog\/wp-json\/wp\/v2\/posts\/18266\/revisions"}],"predecessor-version":[{"id":18267,"href":"http:\/\/clubourenseatletismo.es\/blog\/wp-json\/wp\/v2\/posts\/18266\/revisions\/18267"}],"wp:featuredmedia":[{"embeddable":true,"href":"http:\/\/clubourenseatletismo.es\/blog\/wp-json\/wp\/v2\/media\/17032"}],"wp:attachment":[{"href":"http:\/\/clubourenseatletismo.es\/blog\/wp-json\/wp\/v2\/media?parent=18266"}],"wp:term":[{"taxonomy":"category","embeddable":true,"href":"http:\/\/clubourenseatletismo.es\/blog\/wp-json\/wp\/v2\/categories?post=18266"},{"taxonomy":"post_tag","embeddable":true,"href":"http:\/\/clubourenseatletismo.es\/blog\/wp-json\/wp\/v2\/tags?post=18266"}],"curies":[{"name":"wp","href":"https:\/\/api.w.org\/{rel}","templated":true}]}}