{"id":17446,"date":"2024-07-14T20:57:30","date_gmt":"2024-07-14T18:57:30","guid":{"rendered":"https:\/\/clubourenseatletismo.es\/blog\/?p=17446"},"modified":"2024-07-14T20:57:30","modified_gmt":"2024-07-14T18:57:30","slug":"alba-arranz-undecima-no-campionato-de-espana-sub-23","status":"publish","type":"post","link":"http:\/\/clubourenseatletismo.es\/blog\/2024\/07\/14\/alba-arranz-undecima-no-campionato-de-espana-sub-23\/","title":{"rendered":"ALBA ARRANZ UND\u00c9CIMA NO CAMPIONATO DE ESPA\u00d1A SUB 23"},"content":{"rendered":"<p>A atleta e monitora do Ourense Atletismo <strong>Alba Arranz\u00a0<\/strong>realizou unha gran competici\u00f3n en Burgos no\u00a0<strong>Campionato de Espa\u00f1a sub 23<\/strong>, na especialidade de lanzamento de martelo. Alba entrou coa marca m\u00e1is modesta das participantes, pero co seu mellor lanzamento de 39.10 puido quedar na und\u00e9cima posici\u00f3n de entre as catorce participantes. Quedou preto das d\u00e9cima e novena marca (39.43 e 39.52 respectivamente) pero algo m\u00e1is alonxada da oitava, que dar\u00eda acceso \u00e1 mellora (43.27).<\/p>\n<p>Podes consultar os resultados ao completo na seguinte ligaz\u00f3n:<\/p>\n<p><a href=\"https:\/\/rfealive.info\/Results\/Schedule?chid=2024RF128&amp;session=14%2F7%20Sesi\u00f3n%201\" target=\"_blank\" rel=\"noopener\">XXXIX CAMPEONATO DE ESPA\u00d1A SUB-23<\/a><\/p>\n<p><a href=\"http:\/\/clubourenseatletismo.es\/blog\/wp-content\/uploads\/2024\/07\/Alba-Arranz-resultados-espana.jpg\"><img loading=\"lazy\" decoding=\"async\" class=\"size-large wp-image-17447 aligncenter\" src=\"http:\/\/clubourenseatletismo.es\/blog\/wp-content\/uploads\/2024\/07\/Alba-Arranz-resultados-espana-591x1024.jpg\" alt=\"\" width=\"591\" height=\"1024\" srcset=\"http:\/\/clubourenseatletismo.es\/blog\/wp-content\/uploads\/2024\/07\/Alba-Arranz-resultados-espana-591x1024.jpg 591w, http:\/\/clubourenseatletismo.es\/blog\/wp-content\/uploads\/2024\/07\/Alba-Arranz-resultados-espana-173x300.jpg 173w, http:\/\/clubourenseatletismo.es\/blog\/wp-content\/uploads\/2024\/07\/Alba-Arranz-resultados-espana-768x1331.jpg 768w, http:\/\/clubourenseatletismo.es\/blog\/wp-content\/uploads\/2024\/07\/Alba-Arranz-resultados-espana-887x1536.jpg 887w, http:\/\/clubourenseatletismo.es\/blog\/wp-content\/uploads\/2024\/07\/Alba-Arranz-resultados-espana-700x1213.jpg 700w, http:\/\/clubourenseatletismo.es\/blog\/wp-content\/uploads\/2024\/07\/Alba-Arranz-resultados-espana.jpg 1182w\" sizes=\"auto, (max-width: 591px) 100vw, 591px\" \/><\/a><\/p>\n","protected":false},"excerpt":{"rendered":"<p>A atleta e monitora do Ourense Atletismo Alba Arranz\u00a0realizou unha gran competici\u00f3n en Burgos no\u00a0Campionato de Espa\u00f1a sub 23, na especialidade de lanzamento de martelo. Alba entrou coa marca m\u00e1is modesta das participantes, pero co seu mellor lanzamento de 39.10 puido quedar na und\u00e9cima posici\u00f3n&#8230;<\/p>\n","protected":false},"author":1,"featured_media":17448,"comment_status":"closed","ping_status":"closed","sticky":false,"template":"","format":"standard","meta":{"footnotes":""},"categories":[11],"tags":[],"class_list":["post-17446","post","type-post","status-publish","format-standard","has-post-thumbnail","hentry","category-cpto-nacional"],"aioseo_notices":[],"_links":{"self":[{"href":"http:\/\/clubourenseatletismo.es\/blog\/wp-json\/wp\/v2\/posts\/17446","targetHints":{"allow":["GET"]}}],"collection":[{"href":"http:\/\/clubourenseatletismo.es\/blog\/wp-json\/wp\/v2\/posts"}],"about":[{"href":"http:\/\/clubourenseatletismo.es\/blog\/wp-json\/wp\/v2\/types\/post"}],"author":[{"embeddable":true,"href":"http:\/\/clubourenseatletismo.es\/blog\/wp-json\/wp\/v2\/users\/1"}],"replies":[{"embeddable":true,"href":"http:\/\/clubourenseatletismo.es\/blog\/wp-json\/wp\/v2\/comments?post=17446"}],"version-history":[{"count":1,"href":"http:\/\/clubourenseatletismo.es\/blog\/wp-json\/wp\/v2\/posts\/17446\/revisions"}],"predecessor-version":[{"id":17449,"href":"http:\/\/clubourenseatletismo.es\/blog\/wp-json\/wp\/v2\/posts\/17446\/revisions\/17449"}],"wp:featuredmedia":[{"embeddable":true,"href":"http:\/\/clubourenseatletismo.es\/blog\/wp-json\/wp\/v2\/media\/17448"}],"wp:attachment":[{"href":"http:\/\/clubourenseatletismo.es\/blog\/wp-json\/wp\/v2\/media?parent=17446"}],"wp:term":[{"taxonomy":"category","embeddable":true,"href":"http:\/\/clubourenseatletismo.es\/blog\/wp-json\/wp\/v2\/categories?post=17446"},{"taxonomy":"post_tag","embeddable":true,"href":"http:\/\/clubourenseatletismo.es\/blog\/wp-json\/wp\/v2\/tags?post=17446"}],"curies":[{"name":"wp","href":"https:\/\/api.w.org\/{rel}","templated":true}]}}