{"id":17338,"date":"2024-05-12T23:52:19","date_gmt":"2024-05-12T21:52:19","guid":{"rendered":"https:\/\/clubourenseatletismo.es\/blog\/?p=17338"},"modified":"2024-05-12T23:52:46","modified_gmt":"2024-05-12T21:52:46","slug":"campioas-sub20-e-oitavos-masculinos","status":"publish","type":"post","link":"http:\/\/clubourenseatletismo.es\/blog\/2024\/05\/12\/campioas-sub20-e-oitavos-masculinos\/","title":{"rendered":"CAMPIOAS SUB20 E OITAVOS MASCULINOS"},"content":{"rendered":"<p>Campioas femininas e oitavo posto masculino no\u00a0<strong>Campionato Galego de Clubs sub20<\/strong>. Ao d\u00eda seguinte dos <a title=\"QUINTA POSICI\u00d3N NO SUB16 DE CLUBS EN HOMES E MULLERES\" href=\"https:\/\/clubourenseatletismo.es\/blog\/2024\/05\/12\/quinta-posicion-no-sub16-de-clubs-en-homes-e-mulleres\/\" target=\"_blank\" rel=\"noopener\">sub16<\/a> e ao mesmo tempo que os m\u00e1ster, tocoulle o turno \u00e1 categor\u00eda previa aos s\u00e9nior, tendo en conta a ausencia de campionatos de clubs sub23.<\/p>\n<p>As rapazas quedaron primeiras con folgura logo de conseguir 144 puntos, obtendo as segundas clasificadas (Nar\u00f3n) 115.5. As ganadoras de proba foron\u00a0<strong>Mar\u00eda Est\u00e9vez V\u00e1zquez<\/strong> do filial\u00a0<strong>Ames<\/strong> nos 800 con 2:17.38,\u00a0<strong>Leyla Villar<\/strong> nos 3.000 con 10:23.20,\u00a0<strong>Manuela Blanco<\/strong> en p\u00e9rtega con 3.35 e o 4&#215;400 con\u00a0<strong>Noa Rey<\/strong>,\u00a0<strong>Leyla Villar<\/strong>,\u00a0<strong>Susana Padr\u00f3n<\/strong> e\u00a0<strong>Naroa Pereira<\/strong> con 4:13.61.<\/p>\n<p>En homes a oitava praza foi lograda con un punto e medio sobre o\u00a0<strong>Millaraio<\/strong> e a quinte punto dos s\u00e9timos\u00a0<strong>Nar\u00f3n<\/strong>. A \u00fanica vit\u00f3ria individual foi a de\u00a0<strong>Nicol\u00e1s Collazo<\/strong> do filial\u00a0<strong>Ames<\/strong> nos 5.000 marcha con 22:30.47.<\/p>\n<p>Na clasificaci\u00f3n conxunta obtivemos a terceira posici\u00f3n con 267 puntos, entremedias dos 279.5 da\u00a0<strong>Gimn\u00e1stica de Pontevedra<\/strong> e os 253.5 do\u00a0<strong>Nar\u00f3n<\/strong>. Destacar que fomos con diferencia o mellor club da provincia.<\/p>\n<p>Podes consultar os resultados ao completo na seguinte ligaz\u00f3n:<\/p>\n<p><a href=\"http:\/\/ranking.atletismo.gal\/online\/2024\/LUGO\/SUB20120524CLUB\/\" target=\"_blank\" rel=\"noopener\">Campionato Xunta de Galicia de Clubs Sub 20<\/a><\/p>\n<p><a href=\"http:\/\/clubourenseatletismo.es\/blog\/wp-content\/uploads\/2024\/05\/equipo-sub20-lugo.jpg\"><img loading=\"lazy\" decoding=\"async\" class=\"size-large wp-image-17350 aligncenter\" src=\"http:\/\/clubourenseatletismo.es\/blog\/wp-content\/uploads\/2024\/05\/equipo-sub20-lugo-1024x768.jpg\" alt=\"\" width=\"1024\" height=\"768\" srcset=\"http:\/\/clubourenseatletismo.es\/blog\/wp-content\/uploads\/2024\/05\/equipo-sub20-lugo-1024x768.jpg 1024w, http:\/\/clubourenseatletismo.es\/blog\/wp-content\/uploads\/2024\/05\/equipo-sub20-lugo-300x225.jpg 300w, http:\/\/clubourenseatletismo.es\/blog\/wp-content\/uploads\/2024\/05\/equipo-sub20-lugo-768x576.jpg 768w, http:\/\/clubourenseatletismo.es\/blog\/wp-content\/uploads\/2024\/05\/equipo-sub20-lugo-1536x1152.jpg 1536w, http:\/\/clubourenseatletismo.es\/blog\/wp-content\/uploads\/2024\/05\/equipo-sub20-lugo-800x600.jpg 800w, http:\/\/clubourenseatletismo.es\/blog\/wp-content\/uploads\/2024\/05\/equipo-sub20-lugo-700x525.jpg 700w, http:\/\/clubourenseatletismo.es\/blog\/wp-content\/uploads\/2024\/05\/equipo-sub20-lugo.jpg 2048w\" sizes=\"auto, (max-width: 1024px) 100vw, 1024px\" \/><\/a><\/p>\n","protected":false},"excerpt":{"rendered":"<p>Campioas femininas e oitavo posto masculino no\u00a0Campionato Galego de Clubs sub20. Ao d\u00eda seguinte dos sub16 e ao mesmo tempo que os m\u00e1ster, tocoulle o turno \u00e1 categor\u00eda previa aos s\u00e9nior, tendo en conta a ausencia de campionatos de clubs sub23. As rapazas quedaron primeiras&#8230;<\/p>\n","protected":false},"author":1,"featured_media":17349,"comment_status":"closed","ping_status":"closed","sticky":false,"template":"","format":"standard","meta":{"footnotes":""},"categories":[32],"tags":[],"class_list":["post-17338","post","type-post","status-publish","format-standard","has-post-thumbnail","hentry","category-competiciones"],"aioseo_notices":[],"_links":{"self":[{"href":"http:\/\/clubourenseatletismo.es\/blog\/wp-json\/wp\/v2\/posts\/17338","targetHints":{"allow":["GET"]}}],"collection":[{"href":"http:\/\/clubourenseatletismo.es\/blog\/wp-json\/wp\/v2\/posts"}],"about":[{"href":"http:\/\/clubourenseatletismo.es\/blog\/wp-json\/wp\/v2\/types\/post"}],"author":[{"embeddable":true,"href":"http:\/\/clubourenseatletismo.es\/blog\/wp-json\/wp\/v2\/users\/1"}],"replies":[{"embeddable":true,"href":"http:\/\/clubourenseatletismo.es\/blog\/wp-json\/wp\/v2\/comments?post=17338"}],"version-history":[{"count":3,"href":"http:\/\/clubourenseatletismo.es\/blog\/wp-json\/wp\/v2\/posts\/17338\/revisions"}],"predecessor-version":[{"id":17351,"href":"http:\/\/clubourenseatletismo.es\/blog\/wp-json\/wp\/v2\/posts\/17338\/revisions\/17351"}],"wp:featuredmedia":[{"embeddable":true,"href":"http:\/\/clubourenseatletismo.es\/blog\/wp-json\/wp\/v2\/media\/17349"}],"wp:attachment":[{"href":"http:\/\/clubourenseatletismo.es\/blog\/wp-json\/wp\/v2\/media?parent=17338"}],"wp:term":[{"taxonomy":"category","embeddable":true,"href":"http:\/\/clubourenseatletismo.es\/blog\/wp-json\/wp\/v2\/categories?post=17338"},{"taxonomy":"post_tag","embeddable":true,"href":"http:\/\/clubourenseatletismo.es\/blog\/wp-json\/wp\/v2\/tags?post=17338"}],"curies":[{"name":"wp","href":"https:\/\/api.w.org\/{rel}","templated":true}]}}