{"id":17307,"date":"2024-03-11T11:48:50","date_gmt":"2024-03-11T10:48:50","guid":{"rendered":"https:\/\/clubourenseatletismo.es\/blog\/?p=17307"},"modified":"2024-03-11T11:48:50","modified_gmt":"2024-03-11T10:48:50","slug":"leyla-e-manuela-finalistas-en-salamanca","status":"publish","type":"post","link":"http:\/\/clubourenseatletismo.es\/blog\/2024\/03\/11\/leyla-e-manuela-finalistas-en-salamanca\/","title":{"rendered":"LEYLA E MANUELA FINALISTAS EN SALAMANCA"},"content":{"rendered":"<p><strong>Lyela Villar\u00a0<\/strong>e\u00a0<strong>Manuela Blanco<\/strong> foron finalistas en Salamanca, no\u00a0<strong>Campionato de Espa\u00f1a Sub20 de pista curta<\/strong>.<\/p>\n<p>Ata a cidade do Tormes despraz\u00e1ronse as d\u00faas atletas, pupilas de Santi Saco e Antonio Fern\u00e1ndez, para disputar outro campionato de Espa\u00f1a m\u00e1is, con opci\u00f3n a quedar entre as finalistas e mesmo cun pouco de sorte obter medalla. O obxectivo foi conseguido por ambas as d\u00faas, ao quedar <strong>Manuela<\/strong> en sexto posto na p\u00e9rtega con 3.60 e <strong>Leyla<\/strong> no s\u00e9timo posto nos 1.500m con 4:46.20.<\/p>\n<p>Gran experiencia e sabemos que a\u00ednda chegar\u00e1n m\u00e1is boas novas no aire libre, que comezar\u00e1 en breves.<\/p>\n<p>Podes consultar os resultados ao completo na seguinte ligaz\u00f3n:<\/p>\n<p><a href=\"https:\/\/www.rfeacontent.es\/resultados\/2024\/shorttrack\/st_CtoESP_sub20_salamanca.pdf\" target=\"_blank\" rel=\"noopener\">Campeonato de Espa\u00f1a Sub-20 Short Track<\/a><\/p>\n<p><a href=\"http:\/\/clubourenseatletismo.es\/blog\/wp-content\/uploads\/2024\/03\/Leyla-Villar-Salamanca.jpg\"><img loading=\"lazy\" decoding=\"async\" class=\"size-large wp-image-17308 aligncenter\" src=\"http:\/\/clubourenseatletismo.es\/blog\/wp-content\/uploads\/2024\/03\/Leyla-Villar-Salamanca-1024x1024.jpg\" alt=\"\" width=\"1024\" height=\"1024\" srcset=\"http:\/\/clubourenseatletismo.es\/blog\/wp-content\/uploads\/2024\/03\/Leyla-Villar-Salamanca-1024x1024.jpg 1024w, http:\/\/clubourenseatletismo.es\/blog\/wp-content\/uploads\/2024\/03\/Leyla-Villar-Salamanca-300x300.jpg 300w, http:\/\/clubourenseatletismo.es\/blog\/wp-content\/uploads\/2024\/03\/Leyla-Villar-Salamanca-150x150.jpg 150w, http:\/\/clubourenseatletismo.es\/blog\/wp-content\/uploads\/2024\/03\/Leyla-Villar-Salamanca-768x768.jpg 768w, http:\/\/clubourenseatletismo.es\/blog\/wp-content\/uploads\/2024\/03\/Leyla-Villar-Salamanca-570x570.jpg 570w, http:\/\/clubourenseatletismo.es\/blog\/wp-content\/uploads\/2024\/03\/Leyla-Villar-Salamanca-500x500.jpg 500w, http:\/\/clubourenseatletismo.es\/blog\/wp-content\/uploads\/2024\/03\/Leyla-Villar-Salamanca-1000x1000.jpg 1000w, http:\/\/clubourenseatletismo.es\/blog\/wp-content\/uploads\/2024\/03\/Leyla-Villar-Salamanca-700x700.jpg 700w, http:\/\/clubourenseatletismo.es\/blog\/wp-content\/uploads\/2024\/03\/Leyla-Villar-Salamanca.jpg 1080w\" sizes=\"auto, (max-width: 1024px) 100vw, 1024px\" \/><\/a><\/p>\n","protected":false},"excerpt":{"rendered":"<p>Lyela Villar\u00a0e\u00a0Manuela Blanco foron finalistas en Salamanca, no\u00a0Campionato de Espa\u00f1a Sub20 de pista curta. Ata a cidade do Tormes despraz\u00e1ronse as d\u00faas atletas, pupilas de Santi Saco e Antonio Fern\u00e1ndez, para disputar outro campionato de Espa\u00f1a m\u00e1is, con opci\u00f3n a quedar entre as finalistas e&#8230;<\/p>\n","protected":false},"author":1,"featured_media":17309,"comment_status":"closed","ping_status":"closed","sticky":false,"template":"","format":"standard","meta":{"footnotes":""},"categories":[11],"tags":[],"class_list":["post-17307","post","type-post","status-publish","format-standard","has-post-thumbnail","hentry","category-cpto-nacional"],"aioseo_notices":[],"_links":{"self":[{"href":"http:\/\/clubourenseatletismo.es\/blog\/wp-json\/wp\/v2\/posts\/17307","targetHints":{"allow":["GET"]}}],"collection":[{"href":"http:\/\/clubourenseatletismo.es\/blog\/wp-json\/wp\/v2\/posts"}],"about":[{"href":"http:\/\/clubourenseatletismo.es\/blog\/wp-json\/wp\/v2\/types\/post"}],"author":[{"embeddable":true,"href":"http:\/\/clubourenseatletismo.es\/blog\/wp-json\/wp\/v2\/users\/1"}],"replies":[{"embeddable":true,"href":"http:\/\/clubourenseatletismo.es\/blog\/wp-json\/wp\/v2\/comments?post=17307"}],"version-history":[{"count":1,"href":"http:\/\/clubourenseatletismo.es\/blog\/wp-json\/wp\/v2\/posts\/17307\/revisions"}],"predecessor-version":[{"id":17310,"href":"http:\/\/clubourenseatletismo.es\/blog\/wp-json\/wp\/v2\/posts\/17307\/revisions\/17310"}],"wp:featuredmedia":[{"embeddable":true,"href":"http:\/\/clubourenseatletismo.es\/blog\/wp-json\/wp\/v2\/media\/17309"}],"wp:attachment":[{"href":"http:\/\/clubourenseatletismo.es\/blog\/wp-json\/wp\/v2\/media?parent=17307"}],"wp:term":[{"taxonomy":"category","embeddable":true,"href":"http:\/\/clubourenseatletismo.es\/blog\/wp-json\/wp\/v2\/categories?post=17307"},{"taxonomy":"post_tag","embeddable":true,"href":"http:\/\/clubourenseatletismo.es\/blog\/wp-json\/wp\/v2\/tags?post=17307"}],"curies":[{"name":"wp","href":"https:\/\/api.w.org\/{rel}","templated":true}]}}