{"id":17182,"date":"2023-12-18T22:46:28","date_gmt":"2023-12-18T21:46:28","guid":{"rendered":"https:\/\/clubourenseatletismo.es\/blog\/?p=17182"},"modified":"2023-12-18T22:46:28","modified_gmt":"2023-12-18T21:46:28","slug":"un-bronce-e-dous-records-galegos-en-getafe","status":"publish","type":"post","link":"http:\/\/clubourenseatletismo.es\/blog\/2023\/12\/18\/un-bronce-e-dous-records-galegos-en-getafe\/","title":{"rendered":"UN BRONCE E DOUS R\u00c9CORDS GALEGOS EN GETAFE"},"content":{"rendered":"<p>Na cidade de Getafe disput\u00e1ronse o\u00a0<strong>Trofeo AD Cerro Buenavista<\/strong> e o <strong>Campionato de Espa\u00f1a 10 km marcha ruta Master<\/strong> co magn\u00edfico resultado\u00a0<strong>dun r\u00e9cord galego absoluto<\/strong> de\u00a0<strong>Carmen Escariz<\/strong> e\u00a0<strong>r\u00e9cord de Espa\u00f1a F50 e<\/strong><strong>\u00a0medalla de bronce\u00a0<\/strong>de <strong>Soledad Pousa<\/strong>.<\/p>\n<p><strong>Carmen<\/strong> conseguiu o r\u00e9cord galego na distancia dos 10km marcha cun tempo de 44:29, o que lle permitiu ga\u00f1ar a carreira absoluta feminina do Trofeo.<\/p>\n<p><strong>Soledad Pousa\u00a0<\/strong>fixo un rexistro de 1:02:51 na mesma distancia, sendo a 15\u00aa entre o global da categor\u00eda m\u00e1ster e a 3\u00aa F50. Nesta carreira participou tam\u00e9n\u00a0<strong>Mar\u00eda Grande<\/strong> que con 1:02:41 quedou en 14\u00aa posici\u00f3n do global m\u00e1ster e 7\u00aa F45.<\/p>\n<p>No Trofeo Cerro Buenavista tam\u00e9n participou\u00a0<strong>Germ\u00e1n Quiroga<\/strong>, quen con 23:24 rematou na 8\u00aa posici\u00f3n da carreira m\u00e1ster de 3km.<\/p>\n<p>Fant\u00e1stica actuaci\u00f3n dos nosos atletas en ambos campionatos desputados na cidade madrile\u00f1a.<\/p>\n<p>Podes consultar os resultados ao completo nas seguintes ligaz\u00f3ns:<\/p>\n<p><a href=\"https:\/\/www.rfeacontent.es\/resultados\/2023\/marcha\/marcha_ctoESP_master_10km_getafe.pdf\" target=\"_blank\" rel=\"noopener\">Campeonato de Espa\u00f1a de Marcha en Ruta Promoci\u00f3n y 10 km Master<\/a><\/p>\n<p><a href=\"https:\/\/www.rfeacontent.es\/resultados\/2023\/marcha\/marcha_getafe.pdf\" target=\"_blank\" rel=\"noopener\">XXV Trofeo de Marcha Asco. Deport. Cerro Buenavista<\/a><\/p>\n<p><a href=\"http:\/\/clubourenseatletismo.es\/blog\/wp-content\/uploads\/2022\/06\/Carmen-Escariz-nerja-espana-absoluto.jpg\"><img loading=\"lazy\" decoding=\"async\" class=\"size-full wp-image-16508 aligncenter\" src=\"http:\/\/clubourenseatletismo.es\/blog\/wp-content\/uploads\/2022\/06\/Carmen-Escariz-nerja-espana-absoluto.jpg\" alt=\"Carmen Escariz Mella\" width=\"319\" height=\"522\" srcset=\"http:\/\/clubourenseatletismo.es\/blog\/wp-content\/uploads\/2022\/06\/Carmen-Escariz-nerja-espana-absoluto.jpg 319w, http:\/\/clubourenseatletismo.es\/blog\/wp-content\/uploads\/2022\/06\/Carmen-Escariz-nerja-espana-absoluto-183x300.jpg 183w\" sizes=\"auto, (max-width: 319px) 100vw, 319px\" \/><\/a><\/p>\n","protected":false},"excerpt":{"rendered":"<p>Na cidade de Getafe disput\u00e1ronse o\u00a0Trofeo AD Cerro Buenavista e o Campionato de Espa\u00f1a 10 km marcha ruta Master co magn\u00edfico resultado\u00a0dun r\u00e9cord galego absoluto de\u00a0Carmen Escariz e\u00a0r\u00e9cord de Espa\u00f1a F50 e\u00a0medalla de bronce\u00a0de Soledad Pousa. Carmen conseguiu o r\u00e9cord galego na distancia dos 10km&#8230;<\/p>\n","protected":false},"author":1,"featured_media":17183,"comment_status":"closed","ping_status":"closed","sticky":false,"template":"","format":"standard","meta":{"footnotes":""},"categories":[11,9],"tags":[],"class_list":["post-17182","post","type-post","status-publish","format-standard","has-post-thumbnail","hentry","category-cpto-nacional","category-resultados"],"aioseo_notices":[],"_links":{"self":[{"href":"http:\/\/clubourenseatletismo.es\/blog\/wp-json\/wp\/v2\/posts\/17182","targetHints":{"allow":["GET"]}}],"collection":[{"href":"http:\/\/clubourenseatletismo.es\/blog\/wp-json\/wp\/v2\/posts"}],"about":[{"href":"http:\/\/clubourenseatletismo.es\/blog\/wp-json\/wp\/v2\/types\/post"}],"author":[{"embeddable":true,"href":"http:\/\/clubourenseatletismo.es\/blog\/wp-json\/wp\/v2\/users\/1"}],"replies":[{"embeddable":true,"href":"http:\/\/clubourenseatletismo.es\/blog\/wp-json\/wp\/v2\/comments?post=17182"}],"version-history":[{"count":2,"href":"http:\/\/clubourenseatletismo.es\/blog\/wp-json\/wp\/v2\/posts\/17182\/revisions"}],"predecessor-version":[{"id":17185,"href":"http:\/\/clubourenseatletismo.es\/blog\/wp-json\/wp\/v2\/posts\/17182\/revisions\/17185"}],"wp:featuredmedia":[{"embeddable":true,"href":"http:\/\/clubourenseatletismo.es\/blog\/wp-json\/wp\/v2\/media\/17183"}],"wp:attachment":[{"href":"http:\/\/clubourenseatletismo.es\/blog\/wp-json\/wp\/v2\/media?parent=17182"}],"wp:term":[{"taxonomy":"category","embeddable":true,"href":"http:\/\/clubourenseatletismo.es\/blog\/wp-json\/wp\/v2\/categories?post=17182"},{"taxonomy":"post_tag","embeddable":true,"href":"http:\/\/clubourenseatletismo.es\/blog\/wp-json\/wp\/v2\/tags?post=17182"}],"curies":[{"name":"wp","href":"https:\/\/api.w.org\/{rel}","templated":true}]}}