{"id":17174,"date":"2023-12-08T17:24:01","date_gmt":"2023-12-08T16:24:01","guid":{"rendered":"https:\/\/clubourenseatletismo.es\/blog\/?p=17174"},"modified":"2023-12-08T17:24:01","modified_gmt":"2023-12-08T16:24:01","slug":"semana-de-provinciais","status":"publish","type":"post","link":"http:\/\/clubourenseatletismo.es\/blog\/2023\/12\/08\/semana-de-provinciais\/","title":{"rendered":"SEMANA DE PROVINCIAIS"},"content":{"rendered":"<p>Espallados pola semana houbo varios campionatos a nivel provincial con importante presenza do Club Ourense Atletismo.<\/p>\n<p>O m\u00e9rcores 6 disputouse o\u00a0<strong>Campionato Provincial Federado de Campo a Trav\u00e9s &#8211; Cross de Antioqu\u00eda<\/strong> onde o\u00a0<strong>Club Ourense Atletismo<\/strong> foi\u00a0<strong>campi\u00f3n<\/strong> en categor\u00eda feminina absoluta e\u00a0<strong>subcampi\u00f3n<\/strong> na categor\u00eda masculina.<\/p>\n<p>Adem\u00e1is, a nivel individual ga\u00f1ou\u00a0<strong>Itz\u00edar Manso<\/strong> a carreira absoluta de mulleres sendo\u00a0<strong>Ana Isabel Soutullo\u00a0<\/strong>a terceira clasificada. Na categor\u00eda masculina absoluta\u00a0<strong>Javier Paredes<\/strong> foi o ga\u00f1ador provincial. F\u00f3ra da categor\u00eda absoluta,\u00a0<strong>Nicol\u00e1s Gonz\u00e1lez<\/strong> ga\u00f1ou na carreira dos sub14.<\/p>\n<p>Ao d\u00eda seguinte, o xoves 7, foi a quinta xornada da\u00a0<strong>Copa Deputaci\u00f3n<\/strong> en Expourense. A representaci\u00f3n ourensanista foi moi ampla, posto que puideron participar dende sub8 ata absolutos. Limit\u00e1ndonos aos primeiros postos, <strong>\u00c1lex Cid<\/strong> logrou vencer nos 500 metros sub10 con 1:38.68,\u00a0<strong>Paula Carri\u00f3n<\/strong> na lonxitude sub14 cun bo rexistro de 4.19 e <strong>Manuela Blanco<\/strong> na lonxitude absoluta con 4.70.<\/p>\n<p>Podes consultar os resultados ao completo nas seguintes ligaz\u00f3ns:<\/p>\n<p><a href=\"https:\/\/atletismo.gal\/wp-content\/uploads\/2023\/11\/RESULTADOS-CPTO-PROV.-INDIVIDUAL.pdf\" target=\"_blank\" rel=\"noopener\">V CROS ANTIOQUIA &#8211; CAMPIONATO PROVINCIAL FEDERADO DE CAMPO A TRAV\u00c9S<\/a><\/p>\n<p><a href=\"https:\/\/atletismo.gal\/wp-content\/uploads\/2023\/11\/ResultadosCompletos07122023.pdf\" target=\"_blank\" rel=\"noopener\">Xl Copa Deputacion 5\u00aa Xornada<\/a><\/p>\n<p><a href=\"http:\/\/clubourenseatletismo.es\/blog\/wp-content\/uploads\/2023\/12\/Alex-Cid-Rodrigo-Cordero-podio.jpg\"><img loading=\"lazy\" decoding=\"async\" class=\"size-large wp-image-17175 aligncenter\" src=\"http:\/\/clubourenseatletismo.es\/blog\/wp-content\/uploads\/2023\/12\/Alex-Cid-Rodrigo-Cordero-podio-768x1024.jpg\" alt=\"\" width=\"768\" height=\"1024\" srcset=\"http:\/\/clubourenseatletismo.es\/blog\/wp-content\/uploads\/2023\/12\/Alex-Cid-Rodrigo-Cordero-podio-768x1024.jpg 768w, http:\/\/clubourenseatletismo.es\/blog\/wp-content\/uploads\/2023\/12\/Alex-Cid-Rodrigo-Cordero-podio-225x300.jpg 225w, http:\/\/clubourenseatletismo.es\/blog\/wp-content\/uploads\/2023\/12\/Alex-Cid-Rodrigo-Cordero-podio-1152x1536.jpg 1152w, http:\/\/clubourenseatletismo.es\/blog\/wp-content\/uploads\/2023\/12\/Alex-Cid-Rodrigo-Cordero-podio-600x800.jpg 600w, http:\/\/clubourenseatletismo.es\/blog\/wp-content\/uploads\/2023\/12\/Alex-Cid-Rodrigo-Cordero-podio-700x933.jpg 700w, http:\/\/clubourenseatletismo.es\/blog\/wp-content\/uploads\/2023\/12\/Alex-Cid-Rodrigo-Cordero-podio.jpg 1530w\" sizes=\"auto, (max-width: 768px) 100vw, 768px\" \/><\/a><\/p>\n","protected":false},"excerpt":{"rendered":"<p>Espallados pola semana houbo varios campionatos a nivel provincial con importante presenza do Club Ourense Atletismo. O m\u00e9rcores 6 disputouse o\u00a0Campionato Provincial Federado de Campo a Trav\u00e9s &#8211; Cross de Antioqu\u00eda onde o\u00a0Club Ourense Atletismo foi\u00a0campi\u00f3n en categor\u00eda feminina absoluta e\u00a0subcampi\u00f3n na categor\u00eda masculina. Adem\u00e1is,&#8230;<\/p>\n","protected":false},"author":1,"featured_media":17176,"comment_status":"closed","ping_status":"closed","sticky":false,"template":"","format":"standard","meta":{"footnotes":""},"categories":[9],"tags":[],"class_list":["post-17174","post","type-post","status-publish","format-standard","has-post-thumbnail","hentry","category-resultados"],"aioseo_notices":[],"_links":{"self":[{"href":"http:\/\/clubourenseatletismo.es\/blog\/wp-json\/wp\/v2\/posts\/17174","targetHints":{"allow":["GET"]}}],"collection":[{"href":"http:\/\/clubourenseatletismo.es\/blog\/wp-json\/wp\/v2\/posts"}],"about":[{"href":"http:\/\/clubourenseatletismo.es\/blog\/wp-json\/wp\/v2\/types\/post"}],"author":[{"embeddable":true,"href":"http:\/\/clubourenseatletismo.es\/blog\/wp-json\/wp\/v2\/users\/1"}],"replies":[{"embeddable":true,"href":"http:\/\/clubourenseatletismo.es\/blog\/wp-json\/wp\/v2\/comments?post=17174"}],"version-history":[{"count":1,"href":"http:\/\/clubourenseatletismo.es\/blog\/wp-json\/wp\/v2\/posts\/17174\/revisions"}],"predecessor-version":[{"id":17177,"href":"http:\/\/clubourenseatletismo.es\/blog\/wp-json\/wp\/v2\/posts\/17174\/revisions\/17177"}],"wp:featuredmedia":[{"embeddable":true,"href":"http:\/\/clubourenseatletismo.es\/blog\/wp-json\/wp\/v2\/media\/17176"}],"wp:attachment":[{"href":"http:\/\/clubourenseatletismo.es\/blog\/wp-json\/wp\/v2\/media?parent=17174"}],"wp:term":[{"taxonomy":"category","embeddable":true,"href":"http:\/\/clubourenseatletismo.es\/blog\/wp-json\/wp\/v2\/categories?post=17174"},{"taxonomy":"post_tag","embeddable":true,"href":"http:\/\/clubourenseatletismo.es\/blog\/wp-json\/wp\/v2\/tags?post=17174"}],"curies":[{"name":"wp","href":"https:\/\/api.w.org\/{rel}","templated":true}]}}