{"id":16680,"date":"2022-11-27T23:18:08","date_gmt":"2022-11-27T22:18:08","guid":{"rendered":"https:\/\/clubourenseatletismo.es\/blog\/?p=16680"},"modified":"2022-11-27T23:18:08","modified_gmt":"2022-11-27T22:18:08","slug":"11-medallas-en-el-provincial-de-cross","status":"publish","type":"post","link":"http:\/\/clubourenseatletismo.es\/blog\/2022\/11\/27\/11-medallas-en-el-provincial-de-cross\/","title":{"rendered":"11 MEDALLAS EN EL PROVINCIAL DE CROSS"},"content":{"rendered":"<p>El s\u00e1bado 26 se celebr\u00f3 en Ribadavia el <strong>Campeonato Provincial de Campo a Trav\u00e9s<\/strong>. El Club Ourense Atletismo volvi\u00f3 del Ribeiro con una cosecha de 11 medallas sumando las individuales con las de club.<\/p>\n<p>La representaci\u00f3n ourensanista fue nutrida, por lo que en esta ocasi\u00f3n destacaremos \u00fanicamente a los medallistas.<\/p>\n<p><strong>&#8211; Susana Padr\u00f3n Morales:<\/strong> 1\u00aa Sub16<\/p>\n<p><strong>&#8211; Leyla Villar Abella:<\/strong> 1\u00aa Sub18<\/p>\n<p><strong>&#8211; Leyre Padr\u00f3n Morales: <\/strong>3\u00aa Sub18<\/p>\n<p><strong>&#8211; Aloia Sabucedo Curr\u00e1s:<\/strong> 2\u00aa Sub14<\/p>\n<p><strong>&#8211; Walid el Mansouri<\/strong><strong>: <\/strong>2\u00ba Sub14<\/p>\n<p><strong>&#8211; Carla Nieto Dur\u00e1n: <\/strong>3\u00aa Sub12<\/p>\n<p><strong>&#8211; Nicol\u00e1s Gonz\u00e1lez Gonz\u00e1lez:<\/strong> 2\u00ba Sub12<\/p>\n<p><strong>&#8211; Yahya el Mansouri: <\/strong> 3\u00ba Sub12<\/p>\n<p><strong>&#8211; Equipo sub18 &#8211; sub16 hombres: <\/strong> 3\u00ba (Fernando Trapote, Samuel Banga, Alejandro Gonz\u00e1lez y Fernando Ventura)<\/p>\n<p><strong>&#8211; Equipo sub14 hombres: <\/strong>2\u00ba (Walid el Mansouri, Jacobo Gonz\u00e1lez, Gabriel Parga y Manuel V\u00e1zquez)<\/p>\n<p><strong>&#8211; Equipo sub12 hombres: <\/strong>1\u00ba (Nicol\u00e1s Gonz\u00e1lez, Yahya el Mansouri, David Garc\u00eda, Pablo Conde, Mauro D\u00edaz e Iker Salgado)<\/p>\n<p><strong>&#8211; Equipo sub10 hombres: <\/strong>3\u00ba (D\u00e1viz Lobelle, Ant\u00f3n Rodr\u00edguez, Lucas Novoa, Eiden Gonz\u00e1lez e Izan Salgado)<\/p>\n<p>Puedes consultar los resultados al completo en el siguiente enlace:<\/p>\n<p><a href=\"http:\/\/ranking.atletismo.gal\/online\/2022\/ourense\/2022-11-26ProvincialCross\/\" target=\"_blank\" rel=\"noopener\">XXXIX Copa Deputaci\u00f3n \u2013 2\u00aa Xornada. Cpto. Provincial de Campo a trav\u00e9s<\/a><\/p>\n<p><a href=\"https:\/\/clubourenseatletismo.es\/blog\/wp-content\/uploads\/2022\/11\/Sara-Nunez-cross-Ribadavia.jpg\"><img loading=\"lazy\" decoding=\"async\" class=\"size-full wp-image-16682 aligncenter\" src=\"https:\/\/clubourenseatletismo.es\/blog\/wp-content\/uploads\/2022\/11\/Sara-Nunez-cross-Ribadavia.jpg\" alt=\"\" width=\"1536\" height=\"2048\" srcset=\"http:\/\/clubourenseatletismo.es\/blog\/wp-content\/uploads\/2022\/11\/Sara-Nunez-cross-Ribadavia.jpg 1536w, http:\/\/clubourenseatletismo.es\/blog\/wp-content\/uploads\/2022\/11\/Sara-Nunez-cross-Ribadavia-225x300.jpg 225w, http:\/\/clubourenseatletismo.es\/blog\/wp-content\/uploads\/2022\/11\/Sara-Nunez-cross-Ribadavia-768x1024.jpg 768w, http:\/\/clubourenseatletismo.es\/blog\/wp-content\/uploads\/2022\/11\/Sara-Nunez-cross-Ribadavia-1152x1536.jpg 1152w, http:\/\/clubourenseatletismo.es\/blog\/wp-content\/uploads\/2022\/11\/Sara-Nunez-cross-Ribadavia-600x800.jpg 600w, http:\/\/clubourenseatletismo.es\/blog\/wp-content\/uploads\/2022\/11\/Sara-Nunez-cross-Ribadavia-700x933.jpg 700w\" sizes=\"auto, (max-width: 1536px) 100vw, 1536px\" \/><\/a><\/p>\n","protected":false},"excerpt":{"rendered":"<p>El s\u00e1bado 26 se celebr\u00f3 en Ribadavia el Campeonato Provincial de Campo a Trav\u00e9s. El Club Ourense Atletismo volvi\u00f3 del Ribeiro con una cosecha de 11 medallas sumando las individuales con las de club. La representaci\u00f3n ourensanista fue nutrida, por lo que en esta ocasi\u00f3n&#8230;<\/p>\n","protected":false},"author":1,"featured_media":16681,"comment_status":"closed","ping_status":"closed","sticky":false,"template":"","format":"standard","meta":{"footnotes":""},"categories":[33,9],"tags":[],"class_list":["post-16680","post","type-post","status-publish","format-standard","has-post-thumbnail","hentry","category-competiciones-2","category-resultados"],"aioseo_notices":[],"_links":{"self":[{"href":"http:\/\/clubourenseatletismo.es\/blog\/wp-json\/wp\/v2\/posts\/16680","targetHints":{"allow":["GET"]}}],"collection":[{"href":"http:\/\/clubourenseatletismo.es\/blog\/wp-json\/wp\/v2\/posts"}],"about":[{"href":"http:\/\/clubourenseatletismo.es\/blog\/wp-json\/wp\/v2\/types\/post"}],"author":[{"embeddable":true,"href":"http:\/\/clubourenseatletismo.es\/blog\/wp-json\/wp\/v2\/users\/1"}],"replies":[{"embeddable":true,"href":"http:\/\/clubourenseatletismo.es\/blog\/wp-json\/wp\/v2\/comments?post=16680"}],"version-history":[{"count":2,"href":"http:\/\/clubourenseatletismo.es\/blog\/wp-json\/wp\/v2\/posts\/16680\/revisions"}],"predecessor-version":[{"id":16684,"href":"http:\/\/clubourenseatletismo.es\/blog\/wp-json\/wp\/v2\/posts\/16680\/revisions\/16684"}],"wp:featuredmedia":[{"embeddable":true,"href":"http:\/\/clubourenseatletismo.es\/blog\/wp-json\/wp\/v2\/media\/16681"}],"wp:attachment":[{"href":"http:\/\/clubourenseatletismo.es\/blog\/wp-json\/wp\/v2\/media?parent=16680"}],"wp:term":[{"taxonomy":"category","embeddable":true,"href":"http:\/\/clubourenseatletismo.es\/blog\/wp-json\/wp\/v2\/categories?post=16680"},{"taxonomy":"post_tag","embeddable":true,"href":"http:\/\/clubourenseatletismo.es\/blog\/wp-json\/wp\/v2\/tags?post=16680"}],"curies":[{"name":"wp","href":"https:\/\/api.w.org\/{rel}","templated":true}]}}