{"id":16490,"date":"2022-06-19T21:56:14","date_gmt":"2022-06-19T19:56:14","guid":{"rendered":"https:\/\/clubourenseatletismo.es\/blog\/?p=16490"},"modified":"2022-06-19T21:56:14","modified_gmt":"2022-06-19T19:56:14","slug":"blanca-pereira-subcampeona-de-espana","status":"publish","type":"post","link":"http:\/\/clubourenseatletismo.es\/blog\/2022\/06\/19\/blanca-pereira-subcampeona-de-espana\/","title":{"rendered":"BLANCA PEREIRA SUBCAMPEONA DE ESPA\u00d1A"},"content":{"rendered":"<h2>LEYLA Y \u00c1FRICA, FINALISTAS<\/h2>\n<p>La representaci\u00f3n ourensana no vuelve de vac\u00edo desde el <strong>Campeonato de Espa\u00f1a sub18<\/strong> celebrado este fin de semana en Jerez. La plata de <strong>Blanca Pereira<\/strong> y los s\u00e9ptimos puestos de <strong>Leyla Villar<\/strong> y <strong>\u00c1frica G\u00f3mez<\/strong> sit\u00faan al club de 35 en la general y 15 en la clasificaci\u00f3 por clubs que realiza la RFEA seg\u00fan los resultados del campeonato.<\/p>\n<p><strong>Anxela Seoane Rodr\u00edguez<\/strong> particip\u00f3 el s\u00e1bado en los 1500m. El resultado fue un 8\u00b0 puesto en su serie con un tiempo final de 4&#8217;56&#8243;49. Un resultado que supone su segunda mejor marca personal, qued\u00e1ndose a menos de dos segundos de su plusmarca.<\/p>\n<p><strong>Blanca Pereira Rub\u00edn<\/strong> finaliz\u00f3 en segunda posici\u00f3n en la prueba de martillo de 3kg gracias a un mejor lanzamiento de 61,41 metros. Si bien aspiraba a revalidar el oro de otras ocasiones, este subcampeonato hay que valorarlo muy positivamente.<\/p>\n<p><strong>\u00c1frica G\u00f3mez Ramos<\/strong> ha finalizado la prueba de 200 metros lisos en s\u00e9ptima posici\u00f3n gracias a un resultado final de 25&#8243;71. La clasificaci\u00f3n a la final la logr\u00f3 por puestos, al haber quedado segunda en su semifinal.<\/p>\n<p>Al igual que \u00c1frica, <strong>Leyla Villar Abella<\/strong> ha finalizado en un meritorio 7\u00b0 puesto de finalista. Lo hizo en la prueba de 3000m con un resultado de 10&#8217;57&#8243;15.<\/p>\n<p><strong>Manuela Blanco Migu\u00e9lez<\/strong> no pudo superar la primera altura de 3,10m en salto con p\u00e9rtiga, cerca de su marca personal de 3,26m.<\/p>\n<p>Se pueden consultar los resultados al completo en el siguiente enlace:<\/p>\n<p><a href=\"https:\/\/www.rfeamanager.es\/Results\/Schedule?chid=2022RF072\" target=\"_blank\" rel=\"noopener\">LXXI Campeonato de Espa\u00f1a Sub18<\/a><\/p>\n<p><a href=\"https:\/\/clubourenseatletismo.es\/blog\/wp-content\/uploads\/2022\/06\/Leyla-Villar-Abella-Jerez.jpg\"><img loading=\"lazy\" decoding=\"async\" class=\"alignnone size-full wp-image-16492\" src=\"https:\/\/clubourenseatletismo.es\/blog\/wp-content\/uploads\/2022\/06\/Leyla-Villar-Abella-Jerez.jpg\" alt=\"\" width=\"1500\" height=\"2000\" srcset=\"http:\/\/clubourenseatletismo.es\/blog\/wp-content\/uploads\/2022\/06\/Leyla-Villar-Abella-Jerez.jpg 1500w, http:\/\/clubourenseatletismo.es\/blog\/wp-content\/uploads\/2022\/06\/Leyla-Villar-Abella-Jerez-225x300.jpg 225w, http:\/\/clubourenseatletismo.es\/blog\/wp-content\/uploads\/2022\/06\/Leyla-Villar-Abella-Jerez-768x1024.jpg 768w, http:\/\/clubourenseatletismo.es\/blog\/wp-content\/uploads\/2022\/06\/Leyla-Villar-Abella-Jerez-1152x1536.jpg 1152w, http:\/\/clubourenseatletismo.es\/blog\/wp-content\/uploads\/2022\/06\/Leyla-Villar-Abella-Jerez-600x800.jpg 600w, http:\/\/clubourenseatletismo.es\/blog\/wp-content\/uploads\/2022\/06\/Leyla-Villar-Abella-Jerez-700x933.jpg 700w\" sizes=\"auto, (max-width: 1500px) 100vw, 1500px\" \/><\/a><\/p>\n","protected":false},"excerpt":{"rendered":"<p>LEYLA Y \u00c1FRICA, FINALISTAS La representaci\u00f3n ourensana no vuelve de vac\u00edo desde el Campeonato de Espa\u00f1a sub18 celebrado este fin de semana en Jerez. La plata de Blanca Pereira y los s\u00e9ptimos puestos de Leyla Villar y \u00c1frica G\u00f3mez sit\u00faan al club de 35 en&#8230;<\/p>\n","protected":false},"author":1,"featured_media":16491,"comment_status":"closed","ping_status":"closed","sticky":false,"template":"","format":"standard","meta":{"footnotes":""},"categories":[11,9],"tags":[],"class_list":["post-16490","post","type-post","status-publish","format-standard","has-post-thumbnail","hentry","category-cpto-nacional","category-resultados"],"aioseo_notices":[],"_links":{"self":[{"href":"http:\/\/clubourenseatletismo.es\/blog\/wp-json\/wp\/v2\/posts\/16490","targetHints":{"allow":["GET"]}}],"collection":[{"href":"http:\/\/clubourenseatletismo.es\/blog\/wp-json\/wp\/v2\/posts"}],"about":[{"href":"http:\/\/clubourenseatletismo.es\/blog\/wp-json\/wp\/v2\/types\/post"}],"author":[{"embeddable":true,"href":"http:\/\/clubourenseatletismo.es\/blog\/wp-json\/wp\/v2\/users\/1"}],"replies":[{"embeddable":true,"href":"http:\/\/clubourenseatletismo.es\/blog\/wp-json\/wp\/v2\/comments?post=16490"}],"version-history":[{"count":2,"href":"http:\/\/clubourenseatletismo.es\/blog\/wp-json\/wp\/v2\/posts\/16490\/revisions"}],"predecessor-version":[{"id":16494,"href":"http:\/\/clubourenseatletismo.es\/blog\/wp-json\/wp\/v2\/posts\/16490\/revisions\/16494"}],"wp:featuredmedia":[{"embeddable":true,"href":"http:\/\/clubourenseatletismo.es\/blog\/wp-json\/wp\/v2\/media\/16491"}],"wp:attachment":[{"href":"http:\/\/clubourenseatletismo.es\/blog\/wp-json\/wp\/v2\/media?parent=16490"}],"wp:term":[{"taxonomy":"category","embeddable":true,"href":"http:\/\/clubourenseatletismo.es\/blog\/wp-json\/wp\/v2\/categories?post=16490"},{"taxonomy":"post_tag","embeddable":true,"href":"http:\/\/clubourenseatletismo.es\/blog\/wp-json\/wp\/v2\/tags?post=16490"}],"curies":[{"name":"wp","href":"https:\/\/api.w.org\/{rel}","templated":true}]}}