{"id":16351,"date":"2022-03-13T21:43:49","date_gmt":"2022-03-13T20:43:49","guid":{"rendered":"https:\/\/clubourenseatletismo.es\/blog\/?p=16351"},"modified":"2022-03-13T21:43:49","modified_gmt":"2022-03-13T20:43:49","slug":"anxela-y-susi-cruzan-espana-campo-a-traves","status":"publish","type":"post","link":"http:\/\/clubourenseatletismo.es\/blog\/2022\/03\/13\/anxela-y-susi-cruzan-espana-campo-a-traves\/","title":{"rendered":"ANXELA Y SUSI CRUZAN ESPA\u00d1A CAMPO A TRAV\u00c9S"},"content":{"rendered":"<p>Este domingo 13 de marzo en Getafe se celebr\u00f3 el <strong>Campeonato de Espa\u00f1a de campo a trav\u00e9s sub16 y sub18 del CSD<\/strong>.<\/p>\n<p>Adem\u00e1s de individualmente se compet\u00eda como equipos representando una selecci\u00f3n gallega a Galicia tanto en cada categor\u00eda y sexo como en conjunto.<\/p>\n<p><strong>Anxela Seoane Rodr\u00edguez<\/strong> finaliz\u00f3 50\u00aa de Espa\u00f1a sub18 ayudando con sus puntos a la selecci\u00f3n gallega sub18 femenina, a finalizar en 11\u00aa posici\u00f3n.<\/p>\n<p><strong>Susana Padr\u00f3n Morales<\/strong> desgraciadamente tuvo que abandonar la prueba y no pudo aportar puntos a una selecci\u00f3n gallega sub16 femenina que finaliz\u00f3 12\u00aa.<\/p>\n<p>Resultados:<\/p>\n<p><a href=\"https:\/\/resultados.rfea.es\/2022\/cross\/cross_CESA_Getafe.pdf\" target=\"_blank\" rel=\"noopener\"><span dir=\"ltr\" role=\"presentation\">Cto. Espa\u00f1a CSD Campo a Trav\u00e9s Sub18, Sub16 e Inclusivo por Autonom\u00edas<\/span><\/a><\/p>\n<p><a href=\"https:\/\/clubourenseatletismo.es\/blog\/wp-content\/uploads\/2022\/03\/Seleccion-galega-cross-CSD.jpg\"><img loading=\"lazy\" decoding=\"async\" class=\"size-full wp-image-16353 aligncenter\" src=\"https:\/\/clubourenseatletismo.es\/blog\/wp-content\/uploads\/2022\/03\/Seleccion-galega-cross-CSD.jpg\" alt=\"\" width=\"720\" height=\"540\" srcset=\"http:\/\/clubourenseatletismo.es\/blog\/wp-content\/uploads\/2022\/03\/Seleccion-galega-cross-CSD.jpg 720w, http:\/\/clubourenseatletismo.es\/blog\/wp-content\/uploads\/2022\/03\/Seleccion-galega-cross-CSD-300x225.jpg 300w, http:\/\/clubourenseatletismo.es\/blog\/wp-content\/uploads\/2022\/03\/Seleccion-galega-cross-CSD-700x525.jpg 700w\" sizes=\"auto, (max-width: 720px) 100vw, 720px\" \/><\/a><\/p>\n","protected":false},"excerpt":{"rendered":"<p>Este domingo 13 de marzo en Getafe se celebr\u00f3 el Campeonato de Espa\u00f1a de campo a trav\u00e9s sub16 y sub18 del CSD. Adem\u00e1s de individualmente se compet\u00eda como equipos representando una selecci\u00f3n gallega a Galicia tanto en cada categor\u00eda y sexo como en conjunto. Anxela&#8230;<\/p>\n","protected":false},"author":1,"featured_media":16352,"comment_status":"closed","ping_status":"closed","sticky":false,"template":"","format":"standard","meta":{"footnotes":""},"categories":[33,11,9],"tags":[],"class_list":["post-16351","post","type-post","status-publish","format-standard","has-post-thumbnail","hentry","category-competiciones-2","category-cpto-nacional","category-resultados"],"aioseo_notices":[],"_links":{"self":[{"href":"http:\/\/clubourenseatletismo.es\/blog\/wp-json\/wp\/v2\/posts\/16351","targetHints":{"allow":["GET"]}}],"collection":[{"href":"http:\/\/clubourenseatletismo.es\/blog\/wp-json\/wp\/v2\/posts"}],"about":[{"href":"http:\/\/clubourenseatletismo.es\/blog\/wp-json\/wp\/v2\/types\/post"}],"author":[{"embeddable":true,"href":"http:\/\/clubourenseatletismo.es\/blog\/wp-json\/wp\/v2\/users\/1"}],"replies":[{"embeddable":true,"href":"http:\/\/clubourenseatletismo.es\/blog\/wp-json\/wp\/v2\/comments?post=16351"}],"version-history":[{"count":1,"href":"http:\/\/clubourenseatletismo.es\/blog\/wp-json\/wp\/v2\/posts\/16351\/revisions"}],"predecessor-version":[{"id":16354,"href":"http:\/\/clubourenseatletismo.es\/blog\/wp-json\/wp\/v2\/posts\/16351\/revisions\/16354"}],"wp:featuredmedia":[{"embeddable":true,"href":"http:\/\/clubourenseatletismo.es\/blog\/wp-json\/wp\/v2\/media\/16352"}],"wp:attachment":[{"href":"http:\/\/clubourenseatletismo.es\/blog\/wp-json\/wp\/v2\/media?parent=16351"}],"wp:term":[{"taxonomy":"category","embeddable":true,"href":"http:\/\/clubourenseatletismo.es\/blog\/wp-json\/wp\/v2\/categories?post=16351"},{"taxonomy":"post_tag","embeddable":true,"href":"http:\/\/clubourenseatletismo.es\/blog\/wp-json\/wp\/v2\/tags?post=16351"}],"curies":[{"name":"wp","href":"https:\/\/api.w.org\/{rel}","templated":true}]}}