{"id":16347,"date":"2022-03-13T21:20:23","date_gmt":"2022-03-13T20:20:23","guid":{"rendered":"https:\/\/clubourenseatletismo.es\/blog\/?p=16347"},"modified":"2022-03-13T21:20:23","modified_gmt":"2022-03-13T20:20:23","slug":"antia-castro-subcampeona-de-espana","status":"publish","type":"post","link":"http:\/\/clubourenseatletismo.es\/blog\/2022\/03\/13\/antia-castro-subcampeona-de-espana\/","title":{"rendered":"ANT\u00cdA CASTRO SUBCAMPEONA DE ESPA\u00d1A"},"content":{"rendered":"<p>Este s\u00e1bado 12 de Marzo en la pista cubierta de Antequera (M\u00e1laga) ha participado nuestra atleta local <strong>Ant\u00eda Castro P\u00e9rez<\/strong> en el Campeonato de Espa\u00f1a sub20 de pista cubierta.<\/p>\n<p><strong>Ant\u00eda<\/strong> compiti\u00f3 en los 3000m lisos y finaliz\u00f3 en segunda posici\u00f3n, obteniendo la medalla de plata y el subcampeonato de Espa\u00f1a sub20, categor\u00eda antiguamente conocida como junior. Lo hizo gracias a un tiempo de 9&#8217;50&#8243;33.<\/p>\n<p>Puedes ver los resultados al completo en el siguiente enlace:<\/p>\n<p><a href=\"https:\/\/resultados.rfea.es\/2022\/pistacubierta\/pc_ctoESP_sub20_antequera.pdf\" target=\"_blank\" rel=\"noopener\">XLIX Campeonato de Espa\u00f1a Sub20 en Pista Cubierta<\/a><\/p>\n<p><a href=\"https:\/\/clubourenseatletismo.es\/blog\/wp-content\/uploads\/2022\/03\/Antia-Castro-Espana-sub20-3000-pc.jpg\"><img loading=\"lazy\" decoding=\"async\" class=\"size-full wp-image-16349 aligncenter\" src=\"https:\/\/clubourenseatletismo.es\/blog\/wp-content\/uploads\/2022\/03\/Antia-Castro-Espana-sub20-3000-pc.jpg\" alt=\"\" width=\"1024\" height=\"919\" srcset=\"http:\/\/clubourenseatletismo.es\/blog\/wp-content\/uploads\/2022\/03\/Antia-Castro-Espana-sub20-3000-pc.jpg 1024w, http:\/\/clubourenseatletismo.es\/blog\/wp-content\/uploads\/2022\/03\/Antia-Castro-Espana-sub20-3000-pc-300x269.jpg 300w, http:\/\/clubourenseatletismo.es\/blog\/wp-content\/uploads\/2022\/03\/Antia-Castro-Espana-sub20-3000-pc-768x689.jpg 768w, http:\/\/clubourenseatletismo.es\/blog\/wp-content\/uploads\/2022\/03\/Antia-Castro-Espana-sub20-3000-pc-700x628.jpg 700w\" sizes=\"auto, (max-width: 1024px) 100vw, 1024px\" \/><\/a><\/p>\n","protected":false},"excerpt":{"rendered":"<p>Este s\u00e1bado 12 de Marzo en la pista cubierta de Antequera (M\u00e1laga) ha participado nuestra atleta local Ant\u00eda Castro P\u00e9rez en el Campeonato de Espa\u00f1a sub20 de pista cubierta. Ant\u00eda compiti\u00f3 en los 3000m lisos y finaliz\u00f3 en segunda posici\u00f3n, obteniendo la medalla de plata&#8230;<\/p>\n","protected":false},"author":1,"featured_media":16348,"comment_status":"closed","ping_status":"closed","sticky":false,"template":"","format":"standard","meta":{"footnotes":""},"categories":[33,11,9],"tags":[],"class_list":["post-16347","post","type-post","status-publish","format-standard","has-post-thumbnail","hentry","category-competiciones-2","category-cpto-nacional","category-resultados"],"aioseo_notices":[],"_links":{"self":[{"href":"http:\/\/clubourenseatletismo.es\/blog\/wp-json\/wp\/v2\/posts\/16347","targetHints":{"allow":["GET"]}}],"collection":[{"href":"http:\/\/clubourenseatletismo.es\/blog\/wp-json\/wp\/v2\/posts"}],"about":[{"href":"http:\/\/clubourenseatletismo.es\/blog\/wp-json\/wp\/v2\/types\/post"}],"author":[{"embeddable":true,"href":"http:\/\/clubourenseatletismo.es\/blog\/wp-json\/wp\/v2\/users\/1"}],"replies":[{"embeddable":true,"href":"http:\/\/clubourenseatletismo.es\/blog\/wp-json\/wp\/v2\/comments?post=16347"}],"version-history":[{"count":1,"href":"http:\/\/clubourenseatletismo.es\/blog\/wp-json\/wp\/v2\/posts\/16347\/revisions"}],"predecessor-version":[{"id":16350,"href":"http:\/\/clubourenseatletismo.es\/blog\/wp-json\/wp\/v2\/posts\/16347\/revisions\/16350"}],"wp:featuredmedia":[{"embeddable":true,"href":"http:\/\/clubourenseatletismo.es\/blog\/wp-json\/wp\/v2\/media\/16348"}],"wp:attachment":[{"href":"http:\/\/clubourenseatletismo.es\/blog\/wp-json\/wp\/v2\/media?parent=16347"}],"wp:term":[{"taxonomy":"category","embeddable":true,"href":"http:\/\/clubourenseatletismo.es\/blog\/wp-json\/wp\/v2\/categories?post=16347"},{"taxonomy":"post_tag","embeddable":true,"href":"http:\/\/clubourenseatletismo.es\/blog\/wp-json\/wp\/v2\/tags?post=16347"}],"curies":[{"name":"wp","href":"https:\/\/api.w.org\/{rel}","templated":true}]}}