{"id":16049,"date":"2021-11-12T17:15:43","date_gmt":"2021-11-12T16:15:43","guid":{"rendered":"https:\/\/clubourenseatletismo.es\/blog\/?p=16049"},"modified":"2021-11-12T17:15:43","modified_gmt":"2021-11-12T16:15:43","slug":"mas-pruebas-el-fin-de-semana","status":"publish","type":"post","link":"http:\/\/clubourenseatletismo.es\/blog\/2021\/11\/12\/mas-pruebas-el-fin-de-semana\/","title":{"rendered":"M\u00c1S PRUEBAS EL FIN DE SEMANA"},"content":{"rendered":"<p>Adem\u00e1s de las competiciones ya anunciadas para el domingo, el <strong>Club Ourense Atletismo<\/strong> tendr\u00e1 representaci\u00f3n el s\u00e1bado en la milla ANEDIA y en la IV jornada de las Series Municipales de Vigo.<\/p>\n<p>En la milla solidaria ANEDIA, a celebrar en Pontevedra, en las pistas del CGTD, participar\u00e1n <strong>Antonio Touza<\/strong> y <strong>Pablo Vicente<\/strong>.<\/p>\n<p>En Vigo tendremos una representaci\u00f3n m\u00e1s amplia, con <strong>Jos\u00e9 Lu\u00eds Pav\u00f3n<\/strong> en peso, <strong>Blanca Pereira<\/strong> en disco, y <strong>Antonio Touza<\/strong> en 1500m, que doblar\u00e1 prueba en la jornada al competir despu\u00e9s en Vigo.<\/p>\n<p>Estas competiciones servir\u00e1n para que los atletas de pista vayan entrando en la temporada invernal y en el caso de <strong>Pav\u00f3n<\/strong>, prepararse para el pr\u00f3ximo Campeonato de Espa\u00f1a M\u00e1ster que se celebrar\u00e1 en Ourense entre los d\u00edas 26 y 28 de noviembre.<\/p>\n<p>Se pueden consultar los incritos en los siguientes enlaces:<\/p>\n<p><a href=\"https:\/\/atletismo.gal\/wp-content\/uploads\/2021\/05\/insvigo131121.pdf\">IV Xornada Serie Municipal de Vigo<\/a><\/p>\n<p><a href=\"https:\/\/atletismo.gal\/wp-content\/uploads\/2021\/08\/inscp131121.pdf\">VIII Milla solidaria ANEDIA<\/a><\/p>\n","protected":false},"excerpt":{"rendered":"<p>Adem\u00e1s de las competiciones ya anunciadas para el domingo, el Club Ourense Atletismo tendr\u00e1 representaci\u00f3n el s\u00e1bado en la milla ANEDIA y en la IV jornada de las Series Municipales de Vigo. En la milla solidaria ANEDIA, a celebrar en Pontevedra, en las pistas del&#8230;<\/p>\n","protected":false},"author":1,"featured_media":15393,"comment_status":"closed","ping_status":"closed","sticky":false,"template":"","format":"standard","meta":{"footnotes":""},"categories":[33,8],"tags":[],"class_list":["post-16049","post","type-post","status-publish","format-standard","has-post-thumbnail","hentry","category-competiciones-2","category-previa"],"aioseo_notices":[],"_links":{"self":[{"href":"http:\/\/clubourenseatletismo.es\/blog\/wp-json\/wp\/v2\/posts\/16049","targetHints":{"allow":["GET"]}}],"collection":[{"href":"http:\/\/clubourenseatletismo.es\/blog\/wp-json\/wp\/v2\/posts"}],"about":[{"href":"http:\/\/clubourenseatletismo.es\/blog\/wp-json\/wp\/v2\/types\/post"}],"author":[{"embeddable":true,"href":"http:\/\/clubourenseatletismo.es\/blog\/wp-json\/wp\/v2\/users\/1"}],"replies":[{"embeddable":true,"href":"http:\/\/clubourenseatletismo.es\/blog\/wp-json\/wp\/v2\/comments?post=16049"}],"version-history":[{"count":1,"href":"http:\/\/clubourenseatletismo.es\/blog\/wp-json\/wp\/v2\/posts\/16049\/revisions"}],"predecessor-version":[{"id":16050,"href":"http:\/\/clubourenseatletismo.es\/blog\/wp-json\/wp\/v2\/posts\/16049\/revisions\/16050"}],"wp:featuredmedia":[{"embeddable":true,"href":"http:\/\/clubourenseatletismo.es\/blog\/wp-json\/wp\/v2\/media\/15393"}],"wp:attachment":[{"href":"http:\/\/clubourenseatletismo.es\/blog\/wp-json\/wp\/v2\/media?parent=16049"}],"wp:term":[{"taxonomy":"category","embeddable":true,"href":"http:\/\/clubourenseatletismo.es\/blog\/wp-json\/wp\/v2\/categories?post=16049"},{"taxonomy":"post_tag","embeddable":true,"href":"http:\/\/clubourenseatletismo.es\/blog\/wp-json\/wp\/v2\/tags?post=16049"}],"curies":[{"name":"wp","href":"https:\/\/api.w.org\/{rel}","templated":true}]}}