{"id":15992,"date":"2021-10-17T22:36:23","date_gmt":"2021-10-17T20:36:23","guid":{"rendered":"https:\/\/clubourenseatletismo.es\/blog\/?p=15992"},"modified":"2021-10-17T22:36:23","modified_gmt":"2021-10-17T20:36:23","slug":"los-sub14-20o-puesto-en-gijon","status":"publish","type":"post","link":"http:\/\/clubourenseatletismo.es\/blog\/2021\/10\/17\/los-sub14-20o-puesto-en-gijon\/","title":{"rendered":"LOS SUB14, 20\u00ba PUESTO EN GIJ\u00d3N"},"content":{"rendered":"<p><span class=\"\">El equpo Sub 14 del <strong>Club Ourense Atletismo<\/strong> logra el 20\u00ba puesto en el Campeonato de Espa\u00f1a de Clubs celebrado los d\u00edas 16 y 17 en Gij\u00f3n, en el que participaron 27 equipos.<\/span><\/p>\n<p><span class=\"\">Cabe destacar la primera posici\u00f3n conseguida por <strong>Alex Sierpes Pereira<\/strong>, atleta de nuestro club filial <strong>S.A. do Trega<\/strong>, que se hizo con la victoria y con un R\u00e9cord del Campeonato en 1000m con una marca de 2&#8217;44\u00bb que supone mejorar casi 10 segundos su marca personal.<\/span><\/p>\n<p><span class=\"\">Adem\u00e1s, la gran mayor\u00eda de nuestros infantiles hicieron marca personal en sus pruebas pese a la altura de temporada en la que nos encontramos<\/span><\/p>\n<p><span class=\"\">Confiamos en que esta vivencia les haga amar a este deporte y hacer que sigan m\u00e1s tiempo en \u00e9l, adem\u00e1s de haber creado amistades.<br \/>\n<\/span><\/p>\n<p>Los resultados al completo se pueden cosultar en el siguiente enlace:<\/p>\n<h4 class=\"section-title border-top\"><a href=\"https:\/\/rfeamanager.es\/Results\/Schedule?chid=2021RF057\">VIII Campeonato de Espa\u00f1a Sub14 por Equipos<\/a><\/h4>\n<p><a href=\"https:\/\/clubourenseatletismo.es\/blog\/wp-content\/uploads\/2021\/10\/Adan-relevos.jpg\"><img loading=\"lazy\" decoding=\"async\" class=\"size-large wp-image-15995 aligncenter\" src=\"https:\/\/clubourenseatletismo.es\/blog\/wp-content\/uploads\/2021\/10\/Adan-relevos-1024x556.jpg\" alt=\"\" width=\"1024\" height=\"556\" srcset=\"http:\/\/clubourenseatletismo.es\/blog\/wp-content\/uploads\/2021\/10\/Adan-relevos-1024x556.jpg 1024w, http:\/\/clubourenseatletismo.es\/blog\/wp-content\/uploads\/2021\/10\/Adan-relevos-300x163.jpg 300w, http:\/\/clubourenseatletismo.es\/blog\/wp-content\/uploads\/2021\/10\/Adan-relevos-768x417.jpg 768w, http:\/\/clubourenseatletismo.es\/blog\/wp-content\/uploads\/2021\/10\/Adan-relevos-1536x833.jpg 1536w, http:\/\/clubourenseatletismo.es\/blog\/wp-content\/uploads\/2021\/10\/Adan-relevos-700x380.jpg 700w, http:\/\/clubourenseatletismo.es\/blog\/wp-content\/uploads\/2021\/10\/Adan-relevos.jpg 1600w\" sizes=\"auto, (max-width: 1024px) 100vw, 1024px\" \/><\/a><\/p>\n","protected":false},"excerpt":{"rendered":"<p>El equpo Sub 14 del Club Ourense Atletismo logra el 20\u00ba puesto en el Campeonato de Espa\u00f1a de Clubs celebrado los d\u00edas 16 y 17 en Gij\u00f3n, en el que participaron 27 equipos. Cabe destacar la primera posici\u00f3n conseguida por Alex Sierpes Pereira, atleta de&#8230;<\/p>\n","protected":false},"author":1,"featured_media":15993,"comment_status":"closed","ping_status":"closed","sticky":false,"template":"","format":"standard","meta":{"footnotes":""},"categories":[1],"tags":[],"class_list":["post-15992","post","type-post","status-publish","format-standard","has-post-thumbnail","hentry","category-sin-categoria"],"aioseo_notices":[],"_links":{"self":[{"href":"http:\/\/clubourenseatletismo.es\/blog\/wp-json\/wp\/v2\/posts\/15992","targetHints":{"allow":["GET"]}}],"collection":[{"href":"http:\/\/clubourenseatletismo.es\/blog\/wp-json\/wp\/v2\/posts"}],"about":[{"href":"http:\/\/clubourenseatletismo.es\/blog\/wp-json\/wp\/v2\/types\/post"}],"author":[{"embeddable":true,"href":"http:\/\/clubourenseatletismo.es\/blog\/wp-json\/wp\/v2\/users\/1"}],"replies":[{"embeddable":true,"href":"http:\/\/clubourenseatletismo.es\/blog\/wp-json\/wp\/v2\/comments?post=15992"}],"version-history":[{"count":1,"href":"http:\/\/clubourenseatletismo.es\/blog\/wp-json\/wp\/v2\/posts\/15992\/revisions"}],"predecessor-version":[{"id":15996,"href":"http:\/\/clubourenseatletismo.es\/blog\/wp-json\/wp\/v2\/posts\/15992\/revisions\/15996"}],"wp:featuredmedia":[{"embeddable":true,"href":"http:\/\/clubourenseatletismo.es\/blog\/wp-json\/wp\/v2\/media\/15993"}],"wp:attachment":[{"href":"http:\/\/clubourenseatletismo.es\/blog\/wp-json\/wp\/v2\/media?parent=15992"}],"wp:term":[{"taxonomy":"category","embeddable":true,"href":"http:\/\/clubourenseatletismo.es\/blog\/wp-json\/wp\/v2\/categories?post=15992"},{"taxonomy":"post_tag","embeddable":true,"href":"http:\/\/clubourenseatletismo.es\/blog\/wp-json\/wp\/v2\/tags?post=15992"}],"curies":[{"name":"wp","href":"https:\/\/api.w.org\/{rel}","templated":true}]}}