{"id":15893,"date":"2021-09-12T22:02:38","date_gmt":"2021-09-12T20:02:38","guid":{"rendered":"https:\/\/clubourenseatletismo.es\/blog\/?p=15893"},"modified":"2021-09-12T22:02:38","modified_gmt":"2021-09-12T20:02:38","slug":"alex-fernandez-en-el-campeonato-de-espana-de-medio-maraton","status":"publish","type":"post","link":"http:\/\/clubourenseatletismo.es\/blog\/2021\/09\/12\/alex-fernandez-en-el-campeonato-de-espana-de-medio-maraton\/","title":{"rendered":"ALEX FERN\u00c1NDEZ EN EL CAMPEONATO DE ESPA\u00d1A DE MEDIO MARAT\u00d3N"},"content":{"rendered":"<p><span class=\"\">El atleta ourensano <strong>Alejandro Fern\u00e1ndez Rivera<\/strong> del Club Ourense Atletismo ha tenido una gran participaci\u00f3n en el <strong>Campeonato de Espa\u00f1a absoluto y m\u00e1ster de medio marat\u00f3n<\/strong> celebrado este fin pasado S\u00e1bado 11 de Septiembre en la localidad c\u00e1ntabra de Oru\u00f1a de Pi\u00e9lagos.<\/p>\n<p><strong>Alex<\/strong> finaliz\u00f3 12\u00b0 de Espa\u00f1a absoluto y roz\u00f3 el podium m\u00e1ster al ser 4\u00b0 de su categor\u00eda M35 a escasos segundos de sus rivales.<br \/>\nSi bien \u00e9l esperaba m\u00e1s y es capaz todav\u00eda de m\u00e1s, desde el\u00a0 Club Ourense Atletismo aprovechamos para felicitarle por su gran puesto absoluto, su resultado de 1&#8217;07&#8243;01 y su casi podio m\u00e1ster, as\u00ed como haber estado una vez m\u00e1s represent\u00e1ndonos con y en la \u00e9lite nacional.<\/span><\/p>\n<p>Puedes ver los resultados al completo en el siguiente enlace:<\/p>\n<p><a href=\"http:\/\/www.resultadosrfea.es\/Resultados1\/index.html\">Resultados<\/a><\/p>\n<p><a href=\"https:\/\/clubourenseatletismo.es\/blog\/wp-content\/uploads\/2021\/09\/IMG-20210912-WA0003.jpg\"><img loading=\"lazy\" decoding=\"async\" class=\"aligncenter wp-image-15894 size-full\" src=\"https:\/\/clubourenseatletismo.es\/blog\/wp-content\/uploads\/2021\/09\/IMG-20210912-WA0003.jpg\" alt=\"\" width=\"679\" height=\"452\" srcset=\"http:\/\/clubourenseatletismo.es\/blog\/wp-content\/uploads\/2021\/09\/IMG-20210912-WA0003.jpg 679w, http:\/\/clubourenseatletismo.es\/blog\/wp-content\/uploads\/2021\/09\/IMG-20210912-WA0003-300x200.jpg 300w\" sizes=\"auto, (max-width: 679px) 100vw, 679px\" \/><\/a><\/p>\n","protected":false},"excerpt":{"rendered":"<p>El atleta ourensano Alejandro Fern\u00e1ndez Rivera del Club Ourense Atletismo ha tenido una gran participaci\u00f3n en el Campeonato de Espa\u00f1a absoluto y m\u00e1ster de medio marat\u00f3n celebrado este fin pasado S\u00e1bado 11 de Septiembre en la localidad c\u00e1ntabra de Oru\u00f1a de Pi\u00e9lagos. Alex finaliz\u00f3 12\u00b0&#8230;<\/p>\n","protected":false},"author":1,"featured_media":15895,"comment_status":"closed","ping_status":"closed","sticky":false,"template":"","format":"standard","meta":{"footnotes":""},"categories":[33,11],"tags":[],"class_list":["post-15893","post","type-post","status-publish","format-standard","has-post-thumbnail","hentry","category-competiciones-2","category-cpto-nacional"],"aioseo_notices":[],"_links":{"self":[{"href":"http:\/\/clubourenseatletismo.es\/blog\/wp-json\/wp\/v2\/posts\/15893","targetHints":{"allow":["GET"]}}],"collection":[{"href":"http:\/\/clubourenseatletismo.es\/blog\/wp-json\/wp\/v2\/posts"}],"about":[{"href":"http:\/\/clubourenseatletismo.es\/blog\/wp-json\/wp\/v2\/types\/post"}],"author":[{"embeddable":true,"href":"http:\/\/clubourenseatletismo.es\/blog\/wp-json\/wp\/v2\/users\/1"}],"replies":[{"embeddable":true,"href":"http:\/\/clubourenseatletismo.es\/blog\/wp-json\/wp\/v2\/comments?post=15893"}],"version-history":[{"count":3,"href":"http:\/\/clubourenseatletismo.es\/blog\/wp-json\/wp\/v2\/posts\/15893\/revisions"}],"predecessor-version":[{"id":15898,"href":"http:\/\/clubourenseatletismo.es\/blog\/wp-json\/wp\/v2\/posts\/15893\/revisions\/15898"}],"wp:featuredmedia":[{"embeddable":true,"href":"http:\/\/clubourenseatletismo.es\/blog\/wp-json\/wp\/v2\/media\/15895"}],"wp:attachment":[{"href":"http:\/\/clubourenseatletismo.es\/blog\/wp-json\/wp\/v2\/media?parent=15893"}],"wp:term":[{"taxonomy":"category","embeddable":true,"href":"http:\/\/clubourenseatletismo.es\/blog\/wp-json\/wp\/v2\/categories?post=15893"},{"taxonomy":"post_tag","embeddable":true,"href":"http:\/\/clubourenseatletismo.es\/blog\/wp-json\/wp\/v2\/tags?post=15893"}],"curies":[{"name":"wp","href":"https:\/\/api.w.org\/{rel}","templated":true}]}}