{"id":15757,"date":"2021-07-20T11:00:46","date_gmt":"2021-07-20T09:00:46","guid":{"rendered":"https:\/\/clubourenseatletismo.es\/blog\/?p=15757"},"modified":"2021-07-20T11:00:46","modified_gmt":"2021-07-20T09:00:46","slug":"tres-medallas-y-seis-puestos-de-finalistas-balance-del-gallego-absoluto","status":"publish","type":"post","link":"http:\/\/clubourenseatletismo.es\/blog\/2021\/07\/20\/tres-medallas-y-seis-puestos-de-finalistas-balance-del-gallego-absoluto\/","title":{"rendered":"Tres medallas y seis puestos de finalistas, balance del Gallego Absoluto"},"content":{"rendered":"<p style=\"text-align: justify;\">La pista de Bala\u00eddos de Vigo fue el escenario donde se disput\u00f3 el <span style=\"text-decoration: underline;\"><strong><span style=\"color: #0000ff; text-decoration: underline;\">Campeonato de Galicia Absoluto al Aire Libre<\/span><\/strong><\/span> (<em>LXXXVIII Masculino y LIV Femenino<\/em>) este pasado domingo. En una d\u00eda donde la niebla y las bajas temperaturas fueron protagonistas toda la jornada, nuestros atletas consiguieron un bot\u00edn final de <span style=\"text-decoration: underline;\">tres medallas<\/span> (<em>una de cada color<\/em>), adem\u00e1s de sumar otros <span style=\"text-decoration: underline;\">seis puestos de finalistas<\/span>.<\/p>\n<p style=\"text-align: justify;\">Nuestros medallistas fueron <strong>Edymar Brea<\/strong>, oro en los 5000 metros, quien lider\u00f3 la carrera sin problemas, imponi\u00e9ndose con un crono de <strong>16:10.25<\/strong> al resto de participantes; la medalla de plata fue para una joven <strong>Blanca Pereira<\/strong>, a\u00fan en categor\u00eda Sub18, en su prueba preferida, el lanzamiento de martillo, con un mejor intento de <strong>46,40<\/strong> metros. Finalmente, el bronce fue para el veterano <strong>Rub\u00e9n Diz<\/strong>, a punto de bajar de los 15 minutos en los 5000 metros (<em>15:04.42<\/em>).<\/p>\n<p style=\"text-align: justify;\">A punto estuvo de colarse en el podio otra atleta Sub18, <strong>\u00c1frica G\u00f3mez<\/strong>, en la prueba de los 200 metros, en la que logr\u00f3 el <strong>cuarto puesto<\/strong> con un gran tiempo de <strong>25.62<\/strong> segundos que es <span style=\"text-decoration: underline;\">R\u00e9cord Sub18, Sub20 y Absoluto del Club<\/span>. L\u00e1stima el viento de 2,1 metros por segundo que invalid\u00f3 su tiempo de semifinales, donde hab\u00eda marcado 25.47. Un <span style=\"text-decoration: underline;\">quinto puesto<\/span> final logr\u00f3 el mediofondista <strong>Pablo Vicente<\/strong> en los 1500 metros, con un crono de <strong>4:06.92<\/strong> que le vali\u00f3 para ser adem\u00e1s segundo en la final B de la distancia. Dos <span style=\"text-decoration: underline;\">sextos puestos<\/span> lograron respectivamente <strong>Carlos Morales<\/strong>, en la prueba de los 5 kilometros marcha, y <strong>Ant\u00eda Castro<\/strong> en los 800 metros. <strong>Anxela Seoane<\/strong> lograba el <span style=\"text-decoration: underline;\">s\u00e9ptimo lugar<\/span> de la final de los 1500 metros, y <strong>Zaira Soto<\/strong> el <span style=\"text-decoration: underline;\">octavo puesto<\/span> en el lanzamiento de disco.<\/p>\n<p style=\"text-align: justify;\">Completaron la actuaci\u00f3n ourensanista <strong>Vicky Losada<\/strong>, 9\u00aa en los 1500 metros; <strong>Mara Ruiz<\/strong>, 9\u00aa en el triple salto; <strong>Ana Raquel Revuelta<\/strong>, mismo puesto en lanzamiento de disco; <strong>Blanca Pereira<\/strong> 12\u00aa en esa misma prueba; el veterano <strong>Sergio Herrer\u00eda<\/strong>, 10\u00ba en triple; <strong>Pablo Vicente<\/strong>, 12\u00ba en los 800 metros; y los velocistas <strong>Kiara Salgado<\/strong> y <strong>Mateo Gonz\u00e1lez<\/strong>, que no pudieron superar las semifinales de los 100 y 200 metros.<\/p>\n<p style=\"text-align: justify;\">Paralelamente al Campeonato, la FGA organiz\u00f3 un <span style=\"color: #0000ff;\"><strong>Control de Milla<\/strong><\/span> por su centenario, logrando <strong>Bego\u00f1a Dom\u00ednguez<\/strong> imponerse claramente en la categor\u00eda femenina.<\/p>\n<p style=\"text-align: center;\"><img loading=\"lazy\" decoding=\"async\" class=\"alignnone wp-image-15766\" src=\"https:\/\/clubourenseatletismo.es\/blog\/wp-content\/uploads\/2021\/07\/Edymar-1.jpg\" alt=\"\" width=\"477\" height=\"275\" srcset=\"http:\/\/clubourenseatletismo.es\/blog\/wp-content\/uploads\/2021\/07\/Edymar-1.jpg 687w, http:\/\/clubourenseatletismo.es\/blog\/wp-content\/uploads\/2021\/07\/Edymar-1-300x173.jpg 300w, http:\/\/clubourenseatletismo.es\/blog\/wp-content\/uploads\/2021\/07\/Edymar-1-345x198.jpg 345w\" sizes=\"auto, (max-width: 477px) 100vw, 477px\" \/> &nbsp;&nbsp;&nbsp; <img loading=\"lazy\" decoding=\"async\" class=\"alignnone wp-image-15760\" src=\"https:\/\/clubourenseatletismo.es\/blog\/wp-content\/uploads\/2021\/07\/Blanc.jpg\" alt=\"\" width=\"158\" height=\"275\" srcset=\"http:\/\/clubourenseatletismo.es\/blog\/wp-content\/uploads\/2021\/07\/Blanc.jpg 443w, http:\/\/clubourenseatletismo.es\/blog\/wp-content\/uploads\/2021\/07\/Blanc-172x300.jpg 172w\" sizes=\"auto, (max-width: 158px) 100vw, 158px\" \/> &nbsp;&nbsp;&nbsp; <img loading=\"lazy\" decoding=\"async\" class=\"alignnone wp-image-15767\" src=\"https:\/\/clubourenseatletismo.es\/blog\/wp-content\/uploads\/2021\/07\/Ruben-1.jpg\" alt=\"\" width=\"467\" height=\"275\" srcset=\"http:\/\/clubourenseatletismo.es\/blog\/wp-content\/uploads\/2021\/07\/Ruben-1.jpg 721w, http:\/\/clubourenseatletismo.es\/blog\/wp-content\/uploads\/2021\/07\/Ruben-1-300x177.jpg 300w, http:\/\/clubourenseatletismo.es\/blog\/wp-content\/uploads\/2021\/07\/Ruben-1-700x413.jpg 700w\" sizes=\"auto, (max-width: 467px) 100vw, 467px\" \/><\/p>\n<p><a class=\"fasc-button fasc-size-medium fasc-type-glossy fasc-rounded-medium ico-fa fasc-ico-before fa-trophy\" style=\"background-color: #e66903; color: #ffffff;\" target=\"_blank\" rel=\"noopener\" href=\"https:\/\/atletismo.gal\/wp-content\/uploads\/2021\/03\/rv180721absoluto.pdf\">RESULTADOS<\/a><\/p>\n","protected":false},"excerpt":{"rendered":"<p>La pista de Bala\u00eddos de Vigo fue el escenario donde se disput\u00f3 el Campeonato de Galicia Absoluto al Aire Libre (LXXXVIII Masculino y LIV Femenino) este pasado domingo. En una d\u00eda donde la niebla y las bajas temperaturas fueron protagonistas toda la jornada, nuestros atletas&#8230;<\/p>\n","protected":false},"author":1,"featured_media":0,"comment_status":"closed","ping_status":"closed","sticky":false,"template":"","format":"standard","meta":{"footnotes":""},"categories":[1],"tags":[],"class_list":["post-15757","post","type-post","status-publish","format-standard","hentry","category-sin-categoria"],"aioseo_notices":[],"_links":{"self":[{"href":"http:\/\/clubourenseatletismo.es\/blog\/wp-json\/wp\/v2\/posts\/15757","targetHints":{"allow":["GET"]}}],"collection":[{"href":"http:\/\/clubourenseatletismo.es\/blog\/wp-json\/wp\/v2\/posts"}],"about":[{"href":"http:\/\/clubourenseatletismo.es\/blog\/wp-json\/wp\/v2\/types\/post"}],"author":[{"embeddable":true,"href":"http:\/\/clubourenseatletismo.es\/blog\/wp-json\/wp\/v2\/users\/1"}],"replies":[{"embeddable":true,"href":"http:\/\/clubourenseatletismo.es\/blog\/wp-json\/wp\/v2\/comments?post=15757"}],"version-history":[{"count":6,"href":"http:\/\/clubourenseatletismo.es\/blog\/wp-json\/wp\/v2\/posts\/15757\/revisions"}],"predecessor-version":[{"id":15768,"href":"http:\/\/clubourenseatletismo.es\/blog\/wp-json\/wp\/v2\/posts\/15757\/revisions\/15768"}],"wp:attachment":[{"href":"http:\/\/clubourenseatletismo.es\/blog\/wp-json\/wp\/v2\/media?parent=15757"}],"wp:term":[{"taxonomy":"category","embeddable":true,"href":"http:\/\/clubourenseatletismo.es\/blog\/wp-json\/wp\/v2\/categories?post=15757"},{"taxonomy":"post_tag","embeddable":true,"href":"http:\/\/clubourenseatletismo.es\/blog\/wp-json\/wp\/v2\/tags?post=15757"}],"curies":[{"name":"wp","href":"https:\/\/api.w.org\/{rel}","templated":true}]}}